{"id":346066,"date":"2026-01-17T17:20:16","date_gmt":"2026-01-17T17:20:16","guid":{"rendered":"https:\/\/www.europesays.com\/es\/346066\/"},"modified":"2026-01-17T17:20:16","modified_gmt":"2026-01-17T17:20:16","slug":"la-ciencia-desmiente-el-mito-de-los-10000-pasos-al-confirmar-que-caminar-lento-no-cuenta-como-ejercicio-y-que-solo-la-regla-del-x3-logra-revertir-problemas-metabolicos-y-mejorar-la-salud-cardiovascul","status":"publish","type":"post","link":"https:\/\/www.europesays.com\/es\/346066\/","title":{"rendered":"La ciencia desmiente el mito de los 10,000 pasos al confirmar que caminar lento no cuenta como ejercicio y que solo la regla del x3 logra revertir problemas metab\u00f3licos y mejorar la salud cardiovascular en adultos sanos"},"content":{"rendered":"<p class=\"ei-articleAperture__BreadCrumbContainer-sc-1fibpeo-5 dtLqC ei-article-aperture-breadcrumb-container\"><a href=\"https:\/\/www.elimparcial.com\" aria-label=\"El Imparcial\" class=\"ei-articleAperture__BreadcrumbAnchor-sc-1fibpeo-6 bthIHH ei-article-aperture-breadcrumb-anchor\" rel=\"nofollow noopener\" target=\"_blank\">El Imparcial<\/a> \/ <a href=\"https:\/\/www.elimparcial.com\/locurioso\" aria-label=\"Lo Curioso\" class=\"ei-articleAperture__BreadcrumbAnchor-sc-1fibpeo-6 bthIHH ei-article-aperture-breadcrumb-anchor\" rel=\"nofollow noopener\" target=\"_blank\">Lo Curioso<\/a> \/ <a href=\"\" class=\"ei-articleAperture__BreadcrumbAnchor-sc-1fibpeo-6 bthIHH ei-article-aperture-breadcrumb-anchor\"\/><\/p>\n<p>Basado en un an\u00e1lisis de Xataka sobre fisiolog\u00eda del deporte, los expertos advierten que dar menos de 120 pasos por minuto es simplemente \u201cdeambular\u201d. Conoce por qu\u00e9 el ejercicio vigoroso es tres veces m\u00e1s efectivo para proteger el coraz\u00f3n seg\u00fan el Framingham Heart Study<img alt=\"La ciencia desmiente el mito de los 10,000 pasos al confirmar que caminar lento no cuenta como ejercicio y que solo la regla del x3 logra revertir problemas metab\u00f3licos y mejorar la salud cardiovascular en adultos sanos\" class=\"global-image\" decoding=\"async\" height=\"75\" src=\"https:\/\/www.europesays.com\/es\/wp-content\/uploads\/2026\/01\/URN3SSV7NFFU7HLZ47JCAP5IC4.jpg\" data-lightbox=\"https:\/\/www.europesays.com\/es\/wp-content\/uploads\/2026\/01\/URN3SSV7NFFU7HLZ47JCAP5IC4.jpg\" width=\"100\" fetchpriority=\"high\" loading=\"eager\"\/><\/p>\n<p class=\"image-meta-data__MetadataParagraph-sc-1uy1w81-0 kfSQp image-metadata\">La ciencia actual prioriza la rapidez de los pasos sobre la cantidad total para lograr cambios metab\u00f3licos reales. (Foto: Ilustrativa \/ IA \/ Canva). <\/p>\n<p class=\"ei-articleAperture__ByLineAuthorParagraph-sc-1fibpeo-10 cRBqZU ei-article-aperture-byline-author-paragraph\">Por <a href=\"https:\/\/www.elimparcial.com\/staff\/gilberto-esparza\/\" title=\"Noticias de Gilberto Esparza\" aria-label=\"Author name link\" class=\"ei-articleAperture__ByLineAuthorAnchor-sc-1fibpeo-8 lOGjW ei-article-aperture-byline-author-anchor\" rel=\"nofollow noopener\" target=\"_blank\">Gilberto Esparza<\/a> \u00a0<\/p>\n<p class=\"ei-articleAperture__ByLineAuthorParagraph-sc-1fibpeo-10 cRBqZU ei-article-aperture-byline-author-paragraph\">16 de enero 2026<\/p>\n<p class=\"ei-articleBody__StyledText-sc-1wmd47a-1 gXgyFY body-paragraph ei-article-body-text\">Durante d\u00e9cadas, el mantra de los <b>10,000 pasos diarios<\/b> fue la receta universal para la salud, pero este 2026 la comunidad cient\u00edfica ha dado un giro radical. Seg\u00fan un an\u00e1lisis profundo publicado por Xataka, caminar a baja velocidad es una estrategia ineficiente: si el esfuerzo no supone un reto, la biolog\u00eda humana, que es extremadamente ahorradora, no invierte energ\u00eda en adaptarse.<\/p>\n<p class=\"ei-articleBody__StyledText-sc-1wmd47a-1 gXgyFY body-paragraph ei-article-body-text\"><b>El fracaso de la baja intensidad<\/b> Expertos en Ciencias de la Actividad F\u00edsica, como el catedr\u00e1tico Felipe Isidro, citados en el informe de Xataka, se\u00f1alan que recetar \u201ccaminar\u201d a un paciente es tan gen\u00e9rico como decirle que respire. Investigaciones como el <b>estudio LITE<\/b> han revelado resultados frustrantes: los sujetos que caminaban despacio mostraron biomarcadores y capacidad funcional pr\u00e1cticamente id\u00e9nticos a quienes no realizaban ninguna actividad. Para el organismo, deambular es simplemente \u201cruido de fondo\u201d, no un est\u00edmulo suficiente para mejorar la salud.<\/p>\n<p><img alt=\"El ejercicio f\u00edsico puede reducir los s\u00edntomas de la depresi\u00f3n con una efectividad similar a la terapia psicol\u00f3gica y a los antidepresivos, seg\u00fan una revisi\u00f3n de casi 5.000 adultos.|Foto: Canva\" class=\"global-image\" decoding=\"async\" height=\"75\" src=\"https:\/\/www.europesays.com\/es\/wp-content\/uploads\/2026\/01\/M3CVVX7AW5CKDEFHJV5VCDUYF4.png\" data-lightbox=\"https:\/\/www.europesays.com\/es\/wp-content\/uploads\/2026\/01\/M3CVVX7AW5CKDEFHJV5VCDUYF4.png\" width=\"100\" fetchpriority=\"high\" loading=\"eager\"\/><\/p>\n<p class=\"image-meta-data__MetadataParagraph-sc-1uy1w81-0 kfSQp image-metadata\">El ejercicio f\u00edsico puede reducir los s\u00edntomas de la depresi\u00f3n con una efectividad similar a la terapia psicol\u00f3gica y a los antidepresivos, seg\u00fan una revisi\u00f3n de casi 5.000 adultos.|Foto: Canva <\/p>\n<p class=\"ei-articleBody__StyledText-sc-1wmd47a-1 gXgyFY body-paragraph ei-article-body-text\"><b>Tambi\u00e9n puede interesarte<\/b>: <a href=\"https:\/\/www.elimparcial.com\/locurioso\/2026\/01\/10\/el-ejercicio-como-herramienta-para-tratar-la-depresion-segun-la-ciencia\/\" target=\"_blank\" rel=\"noreferrer nofollow noopener\" title=\"https:\/\/www.elimparcial.com\/locurioso\/2026\/01\/10\/el-ejercicio-como-herramienta-para-tratar-la-depresion-segun-la-ciencia\/\">El ejercicio como herramienta para tratar la depresi\u00f3n, seg\u00fan la ciencia<\/a><\/p>\n<p class=\"ei-articleBody__StyledText-sc-1wmd47a-1 gXgyFY body-paragraph ei-article-body-text\"><b>La regla del x3: \u00bfPor qu\u00e9 la intensidad lo cambia todo?<\/b> La diferencia entre un paseo y el ejercicio real no es lineal, sino exponencial. La ciencia ha establecido lo que llama la <b>\u201cRegla del x3\u201d<\/b>, basada en datos del <b>Framingham Heart Study<\/b>:<\/p>\n<ul class=\"list__StyledUnorderedList-sc-5rk09c-2 rJagZ list-unordered-list\">\n<li class=\"list__StyledListItem-sc-5rk09c-0 eKgQCy list-items\"><b>Efectividad triplicada:<\/b> El ejercicio de intensidad moderada-alta es tres veces m\u00e1s efectivo para mejorar la condici\u00f3n f\u00edsica que caminar a un ritmo lento.<\/li>\n<li class=\"list__StyledListItem-sc-5rk09c-0 eKgQCy list-items\"><b>El factor 120:<\/b> La frontera t\u00e9cnica entre pasear y entrenar se sit\u00faa entre los <b>120 y 140 pasos por minuto<\/b>. Por debajo de esa cadencia, solo se est\u00e1 rompiendo el sedentarismo, pero no se mejora el sistema cardiorrespiratorio.<\/li>\n<li class=\"list__StyledListItem-sc-5rk09c-0 eKgQCy list-items\"><b>Riesgo oculto:<\/b> Revisiones publicadas en The Lancet sugieren que mantener ritmos excesivamente lentos puede elevar los riesgos cardiovasculares hasta un 44% en comparaci\u00f3n con quienes fuerzan el paso.<\/li>\n<\/ul>\n<p><img alt=\"Un estudio reciente revela que caminar r\u00e1pido al menos 15 minutos diarios puede ofrecer beneficios similares a los 150 minutos semanales de ejercicio recomendado\/Foto: Canva\" class=\"global-image\" decoding=\"async\" height=\"75\" src=\"https:\/\/www.europesays.com\/es\/wp-content\/uploads\/2026\/01\/XI7SJII3AZE3JJJBRRUWQGPEAY.png\" data-lightbox=\"https:\/\/www.europesays.com\/es\/wp-content\/uploads\/2026\/01\/XI7SJII3AZE3JJJBRRUWQGPEAY.png\" width=\"100\" fetchpriority=\"high\" loading=\"eager\"\/><\/p>\n<p class=\"image-meta-data__MetadataParagraph-sc-1uy1w81-0 kfSQp image-metadata\">Un estudio reciente revela que caminar r\u00e1pido al menos 15 minutos diarios puede ofrecer beneficios similares a los 150 minutos semanales de ejercicio recomendado\/Foto: Canva <\/p>\n<p class=\"ei-articleBody__StyledText-sc-1wmd47a-1 gXgyFY body-paragraph ei-article-body-text\"><b>Tambi\u00e9n puede interesarte<\/b>: <a href=\"https:\/\/www.elimparcial.com\/estilos\/2026\/01\/13\/y-las-metas-2026-solo-41-de-los-mexicanos-hace-ejercicio\/\" target=\"_blank\" rel=\"noreferrer nofollow noopener\" title=\"https:\/\/www.elimparcial.com\/estilos\/2026\/01\/13\/y-las-metas-2026-solo-41-de-los-mexicanos-hace-ejercicio\/\">\u00bfY las metas 2026? Solo 41% de los mexicanos hace ejercicio<\/a><\/p>\n<p class=\"ei-articleBody__StyledText-sc-1wmd47a-1 gXgyFY body-paragraph ei-article-body-text\"><b>Veredicto m\u00e9dico<\/b> Caminar no es perjudicial, pero Xataka subraya que lo que realmente protege la calidad de vida es la intensidad del movimiento. Mientras que los pasos totales ayudan a la longevidad general, solo el entrenamiento que eleva el ritmo card\u00edaco logra reducir los niveles de az\u00facar en sangre y fortalecer el coraz\u00f3n. Si tu smartwatch marca 10,000 pasos pero nunca sentiste el pulso acelerado, la realidad cient\u00edfica es que solo estuviste deambulando.<\/p>\n<p>\u00ab,\u00bbthumbnail_width\u00bb:720,\u00bbthumbnail_height\u00bb:1280,\u00bbthumbnail_url\u00bb:\u00bbhttps:\/\/p16-common-sign.tiktokcdn-us.com\/tos-maliva-p-0068\/ogDzSILQMefsNE2FgQ8wAqAAfXqZASCE6DurhM~tplv-tiktokx-origin.image?dr=9636&#038;x-expires=1768708800&#038;x-signature=s2KFnrEmKkNn9FjRMje1DrjBIao%3D&#038;t=4d5b0474&#038;ps=13740610&#038;shp=81f88b70&#038;shcp=43f4a2f9&#038;idc=useast5&#8243;,\u00bbprovider_url\u00bb:\u00bbhttps:\/\/www.tiktok.com\u00bb,\u00bbprovider_name\u00bb:\u00bbTikTok\u00bb,\u00bbauthor_unique_id\u00bb:\u00bbfamososunivision\u00bb,\u00bbembed_product_id\u00bb:\u00bb7594878623820156172&#8243;,\u00bbembed_type\u00bb:\u00bbvideo\u00bb,\u00bb_id\u00bb:\u00bbhttps:\/\/www.tiktok.com\/@famososunivision\/video\/7594878623820156172?q=sientese%20quien%20pueda%20fernando%20carrillo&#038;t=1768536686040&#8243;},\u00bbreferent\u00bb:{\u00abid\u00bb:\u00bbhttps:\/\/www.tiktok.com\/@famososunivision\/video\/7594878623820156172?q=sientese%20quien%20pueda%20fernando%20carrillo&#038;t=1768536686040&#8243;,\u00bbprovider\u00bb:\u00bbhttps:\/\/www.tiktok.com\/oembed?url=\u00bb,\u00bbreferent_properties\u00bb:{},\u00bbservice\u00bb:\u00bboembed\u00bb,\u00bbtype\u00bb:\u00bbtiktok\u00bb}},{\u00ab_id\u00bb:\u00bbTIXDVBGUTRFIPOLTXON6QWQL5I\u00bb,\u00bbadditional_properties\u00bb:{},\u00bbcontent\u00bb:\u00bb<b>Te podr\u00eda interesar: <\/b><a href=\\\"https:\/\/www.elimparcial.com\/espectaculos\/2026\/01\/16\/quien-es-valeria-nicov-la-novia-de-sean-penn-30-anos-menor-que-el-actor\/\\\" target=\\\"_blank\\\" rel=\\\"noreferrer\\\" title=\\\"https:\/\/www.elimparcial.com\/espectaculos\/2026\/01\/16\/quien-es-valeria-nicov-la-novia-de-sean-penn-30-anos-menor-que-el-actor\/\\\"><b>\u00bfQui\u00e9n es Valeria Nicov? La novia de Sean Penn 30 a\u00f1os menor que el actor<\/b><b>.<\/b><\/a>\u00ab,\u00bbtype\u00bb:\u00bbtext\u00bb},{\u00ab_id\u00bb:\u00bbFYW3J7EFMBFS3BZ6ZXMAQE2F2A\u00bb,\u00bbadditional_properties\u00bb:{},\u00bbcontent\u00bb:\u00bbUn amor que marc\u00f3 su vida\u00bb,\u00bblevel\u00bb:2,\u00bbtype\u00bb:\u00bbheader\u00bb},{\u00ab_id\u00bb:\u00bbTKE2BP2CZRBW7CXLSZV6WZL6FI\u00bb,\u00bbadditional_properties\u00bb:{},\u00bbcontent\u00bb:\u00bbFernando Carrillo, nacido en Caracas y con largas d\u00e9cadas de carrera en el mundo del entretenimiento, ha sorprendido al hablar casi abiertamente de un v\u00ednculo sentimental con <b>Delcy Elo\u00edna Rodr\u00edguez G\u00f3mez<\/b>, figura pol\u00edtica venezolana y presidenta interina tras la detenci\u00f3n del expresidente Nicol\u00e1s Maduro. \u00ab,\u00bbtype\u00bb:\u00bbtext\u00bb},{\u00ab_id\u00bb:\u00bbM6ZSDQGBABAFDNMCPWARLTRREI\u00bb,\u00bbadditional_properties\u00bb:{},\u00bbcontent\u00bb:\u00bbCarrillo relat\u00f3 que \u00e9l fue el principal responsable de la ruptura, porque en ese momento <b>no tuvo la madurez para asumir p\u00fablicamente el noviazgo<\/b> y presentarlo ante el mundo como lo hubiera deseado.\u00bb,\u00bbtype\u00bb:\u00bbtext\u00bb},{\u00ab_id\u00bb:\u00bbYOU7XQIWRJGYZCXZMV7S6MOZKQ\u00bb,\u00bbadditional_properties\u00bb:{\u00ablanguage\u00bb:{\u00abcode\u00bb:\u00bbes\u00bb,\u00bbregion\u00bb:\u00bbMX\u00bb}},\u00bbcitation\u00bb:{\u00abcontent\u00bb:\u00bb\u00bb,\u00bbtype\u00bb:\u00bbtext\u00bb},\u00bbcontent_elements\u00bb:[{\u00ab_id\u00bb:\u00bbGC6POFC4UFEWZG63JBPBLNZQBE\u00bb,\u00bbadditional_properties\u00bb:{},\u00bbcontent\u00bb:\u00bb\u201cFue principalmente por mi inmadurez, no pude tener la claridad de hoy y plantarme frente al mundo y decirle \u2018es el amor de mi vida\u2019\u201d. \u00ab,\u00bbtype\u00bb:\u00bbtext\u00bb}],\u00bbsubtype\u00bb:\u00bbblockquote\u00bb,\u00bbtype\u00bb:\u00bbquote\u00bb},{\u00ab_id\u00bb:\u00bbEWXNTE4WZBEUXPONT7LXDNY6UY\u00bb,\u00bbadditional_properties\u00bb:{},\u00bbcontent\u00bb:\u00bbAunque sus palabras reconocen que la relaci\u00f3n no se mantuvo, el actor no descart\u00f3 intentar <b>reconquistar a Rodr\u00edguez<\/b>:\u00bb,\u00bbtype\u00bb:\u00bbtext\u00bb},{\u00ab_id\u00bb:\u00bbENUWOZJ6XJGS3ISLZC2Q7YO6VQ\u00bb,\u00bbadditional_properties\u00bb:{\u00ablanguage\u00bb:{\u00abcode\u00bb:\u00bbes\u00bb,\u00bbregion\u00bb:\u00bbMX\u00bb}},\u00bbcitation\u00bb:{\u00abcontent\u00bb:\u00bb\u00bb,\u00bbtype\u00bb:\u00bbtext\u00bb},\u00bbcontent_elements\u00bb:[{\u00ab_id\u00bb:\u00bbFNOQ5LWYIBE57IGPGRO2XJV5XU\u00bb,\u00bbadditional_properties\u00bb:{},\u00bbcontent\u00bb:\u00bb\u201cDelcy Elo\u00edna Rodr\u00edguez G\u00f3mez, a lo mejor alg\u00fan d\u00eda de Carrillo, qui\u00e9n sabe\u2026 si la volvemos a reconquistar y, si no es mi esposa, es mi hermana de lucha para siempre\u201d. \u00ab,\u00bbtype\u00bb:\u00bbtext\u00bb}],\u00bbsubtype\u00bb:\u00bbblockquote\u00bb,\u00bbtype\u00bb:\u00bbquote\u00bb},{\u00ab_id\u00bb:\u00bbFKXDIN2BNBA2NCRWWFGCTCP2YM\u00bb,\u00bbadditional_properties\u00bb:{},\u00bbcontent\u00bb:\u00bbEl contexto pol\u00edtico alrededor de la ex pareja\u00bb,\u00bblevel\u00bb:2,\u00bbtype\u00bb:\u00bbheader\u00bb},{\u00ab_id\u00bb:\u00bb6NOAEN6WFJBKDP547MT2DHV6LE\u00bb,\u00bbadditional_properties\u00bb:{},\u00bbcontent\u00bb:\u00bbLa historia de amor entre Carrillo y Rodr\u00edguez no fue un romance com\u00fan; se desarroll\u00f3 en medio de un escenario pol\u00edtico complejo. Delcy Rodr\u00edguez, abogada y figura hist\u00f3rica del chavismo, fue nombrada presidenta interina de Venezuela despu\u00e9s de que Nicol\u00e1s Maduro fuera arrestado por cargos de narcoterrorismo en Estados Unidos, situaci\u00f3n que mantiene al pa\u00eds en una coyuntura delicada. \u00ab,\u00bbtype\u00bb:\u00bbtext\u00bb},{\u00abtype\u00bb:\u00bboembed_response\u00bb,\u00bbsubtype\u00bb:\u00bbinstagram\u00bb,\u00bb_id\u00bb:\u00bbIIZR25HHFRBDVIGO3SFENUQ2WE\u00bb,\u00bbraw_oembed\u00bb:{\u00abversion\u00bb:\u00bb1.0&#8243;,\u00bbprovider_name\u00bb:\u00bbInstagram\u00bb,\u00bbprovider_url\u00bb:\u00bbhttps:\/\/www.instagram.com\/\u00bb,\u00bbtype\u00bb:\u00bbinstagram\u00bb,\u00bbwidth\u00bb:658,\u00bbhtml\u00bb:\u00bb<\/p>\n<blockquote class=\\\"instagram-media\\\" data-instgrm-captioned data-instgrm-permalink=\\\"https:\/\/www.instagram.com\/p\/DPTVhUSjbHH\/?utm_source=ig_embed&amp;utm_campaign=loading\\\" data-instgrm-version=\\\"14\\\" style=\\\" background:#FFF; border:0; border-radius:3px; box-shadow:0 0 1px 0 rgba(0,0,0,0.5),0 1px 10px 0 rgba(0,0,0,0.15); margin: 1px; max-width:658px; min-width:326px; padding:0; width:99.375%; width:-webkit-calc(100% - 2px); width:calc(100% - 2px);\\\"><p> <a href=\\\"https:\/\/www.instagram.com\/p\/DPTVhUSjbHH\/?utm_source=ig_embed&amp;utm_campaign=loading\\\" style=\\\" background:#FFFFFF; line-height:0; padding:0 0; text-align:center; text-decoration:none; width:100%;\\\" target=\\\"_blank\\\">       View this post on Instagram            <\/a><\/p><\/blockquote>\n<p>\\n\u00bb,\u00bb_id\u00bb:\u00bbhttps:\/\/www.instagram.com\/p\/DPTVhUSjbHH\/\u00bb},\u00bbreferent\u00bb:{\u00abid\u00bb:\u00bbhttps:\/\/www.instagram.com\/p\/DPTVhUSjbHH\/\u00bb,\u00bbprovider\u00bb:\u00bbhttps:\/\/graph.facebook.com\/v8.0\/instagram_oembed?url=\u00bb,\u00bbreferent_properties\u00bb:{},\u00bbservice\u00bb:\u00bboembed\u00bb,\u00bbtype\u00bb:\u00bbinstagram\u00bb}},{\u00ab_id\u00bb:\u00bbMFELOEF57RHAZJ34KT4ZULHHX4&#8243;,\u00bbadditional_properties\u00bb:{},\u00bbcontent\u00bb:\u00bbEn este contexto, la relaci\u00f3n entre el famoso actor y la l\u00edder pol\u00edtica llam\u00f3 la atenci\u00f3n de medios internacionales y redes sociales. Durante el tiempo que dur\u00f3 el romance, Carrillo defendi\u00f3 p\u00fablicamente a Rodr\u00edguez y su posici\u00f3n dentro de la pol\u00edtica venezolana, incluso cuando fue objeto de cr\u00edticas y burlas por su v\u00ednculo personal con ella. \u00ab,\u00bbtype\u00bb:\u00bbtext\u00bb},{\u00ab_id\u00bb:\u00bbDGK2SKNLWBEZDNC5A4V2G37CVM\u00bb,\u00bbadditional_properties\u00bb:{},\u00bbcontent\u00bb:\u00bb<b>Te podr\u00eda interesar: <\/b><a href=\\\"https:\/\/www.elimparcial.com\/espectaculos\/2026\/01\/16\/quien-era-reymond-duran-fallece-vocalista-de-sin-fronteras\/\\\" target=\\\"_blank\\\" rel=\\\"noreferrer\\\" title=\\\"https:\/\/www.elimparcial.com\/espectaculos\/2026\/01\/16\/quien-era-reymond-duran-fallece-vocalista-de-sin-fronteras\/\\\"><b>\u00bfQui\u00e9n era Reymond Dur\u00e1n? Fallece vocalista de Sin Fronteras.<\/b><\/a>\u00ab,\u00bbtype\u00bb:\u00bbtext\u00bb},{\u00ab_id\u00bb:\u00bbONTBM3Q53ZFKVP3VECFDUCMTX4&#8243;,\u00bbadditional_properties\u00bb:{},\u00bbcontent\u00bb:\u00bb\u201cEs m\u00e1s que una top model\u201d y cr\u00edticas externas\u00bb,\u00bblevel\u00bb:2,\u00bbtype\u00bb:\u00bbheader\u00bb},{\u00ab_id\u00bb:\u00bbFQU4F4ESYVAC5PKMDD4AQUWF7M\u00bb,\u00bbadditional_properties\u00bb:{},\u00bbcontent\u00bb:\u00bbEn las declaraciones que Carrillo ofreci\u00f3 al programa <b>\u00a1Si\u00e9ntese quien pueda!<\/b>, el actor tambi\u00e9n abord\u00f3 los ataques y comentarios que ambos recibieron por parte del p\u00fablico y la prensa. Algunos cr\u00edticos llegaron a minimizar a Rodr\u00edguez por su apariencia o se\u00f1alar a Carrillo de estar con alguien por inter\u00e9s. El actor respondi\u00f3 a esos comentarios de forma directa:\u00bb,\u00bbtype\u00bb:\u00bbtext\u00bb},{\u00ab_id\u00bb:\u00bbLPAUFHSEM5FMNIKTLSMYGCXSGI\u00bb,\u00bbadditional_properties\u00bb:{\u00ablanguage\u00bb:{\u00abcode\u00bb:\u00bbes\u00bb,\u00bbregion\u00bb:\u00bbMX\u00bb}},\u00bbcitation\u00bb:{\u00abcontent\u00bb:\u00bb\u00bb,\u00bbtype\u00bb:\u00bbtext\u00bb},\u00bbcontent_elements\u00bb:[{\u00ab_id\u00bb:\u00bbQP7LJ2F5AZFTTHNF7LRIABAW74&#8243;,\u00bbadditional_properties\u00bb:{},\u00bbcontent\u00bb:\u00bb\u201cA ella le dec\u00edan que yo era un interesado, a m\u00ed me dec\u00edan \u2018pero no es una top model\u2019. Hermano, es m\u00e1s que una top model y patriota\u201d. \u00ab,\u00bbtype\u00bb:\u00bbtext\u00bb}],\u00bbsubtype\u00bb:\u00bbblockquote\u00bb,\u00bbtype\u00bb:\u00bbquote\u00bb},{\u00ab_id\u00bb:\u00bbENZD3JMPHNF5FOZNTNCQLDN6EE\u00bb,\u00bbadditional_properties\u00bb:{},\u00bbcontent\u00bb:\u00bbEsta frase subraya la defensa que hizo Carrillo del car\u00e1cter y la personalidad de su ex pareja, m\u00e1s all\u00e1 de su rol en la pol\u00edtica o de c\u00f3mo pudiera ser juzgada por su aspecto f\u00edsico.\u00bb,\u00bbtype\u00bb:\u00bbtext\u00bb},{\u00ab_id\u00bb:\u00bbC5VOY7AYCZDBVJUL2VIEUQD4AA\u00bb,\u00bbadditional_properties\u00bb:{},\u00bbcontent\u00bb:\u00bbLa duraci\u00f3n del romance\u00bb,\u00bblevel\u00bb:2,\u00bbtype\u00bb:\u00bbheader\u00bb},{\u00ab_id\u00bb:\u00bbDAPV3YY5FFCMZLJCPFXXEPQ75E\u00bb,\u00bbadditional_properties\u00bb:{},\u00bbcontent\u00bb:\u00bbCarrillo ha mencionado que su relaci\u00f3n con Delcy Rodr\u00edguez se extendi\u00f3 por <b>tres a\u00f1os<\/b>, un tiempo que describi\u00f3 como significativo. En anteriores entrevistas cont\u00f3 que en ese periodo incluso decidi\u00f3 volver a vivir temporalmente en Venezuela para estar cerca de ella, y que la consideraba una mujer <b>inteligente y firme<\/b>, cualidades que valor\u00f3 profundamente. \u00ab,\u00bbtype\u00bb:\u00bbtext\u00bb},{\u00ab_id\u00bb:\u00bbTCM5LN2Q4BE6RBU2JKK5M5JRZA\u00bb,\u00bbadditional_properties\u00bb:{\u00abfullSizeResizeUrl\u00bb:\u00bb\/resizer\/v2\/TCM5LN2Q4BE6RBU2JKK5M5JRZA.png?auth=6be1602ac6352eb4f1f652ab853fe490e4e01f486d30dcf7708586b3ec85efca\u00bb,\u00bbgalleries\u00bb:[],\u00bbingestionMethod\u00bb:\u00bbmanual\u00bb,\u00bbmime_type\u00bb:\u00bbimage\/png\u00bb,\u00bboriginalName\u00bb:\u00bbdelcy rodriguez.png\u00bb,\u00bboriginalUrl\u00bb:\u00bbhttps:\/\/cloudfront-us-east-1.images.arcpublishing.com\/elimparcial\/TCM5LN2Q4BE6RBU2JKK5M5JRZA.png\u00bb,\u00bbproxyUrl\u00bb:\u00bb\/resizer\/v2\/TCM5LN2Q4BE6RBU2JKK5M5JRZA.png?auth=6be1602ac6352eb4f1f652ab853fe490e4e01f486d30dcf7708586b3ec85efca\u00bb,\u00bbpublished\u00bb:true,\u00bbresizeUrl\u00bb:\u00bb\/resizer\/v2\/TCM5LN2Q4BE6RBU2JKK5M5JRZA.png?auth=6be1602ac6352eb4f1f652ab853fe490e4e01f486d30dcf7708586b3ec85efca\u00bb,\u00bbrestricted\u00bb:false,\u00bbthumbnailResizeUrl\u00bb:\u00bb\/resizer\/v2\/TCM5LN2Q4BE6RBU2JKK5M5JRZA.png?auth=6be1602ac6352eb4f1f652ab853fe490e4e01f486d30dcf7708586b3ec85efca&#038;width=300&#8243;,\u00bbversion\u00bb:0,\u00bbtemplate_id\u00bb:1220,\u00bbalt_text\u00bb:\u00bb\u00bb,\u00bblink\u00bb:\u00bb\u00bb},\u00bbaddress\u00bb:{},\u00bbalt_text\u00bb:\u00bbEl vestido de Delcy Rodr\u00edguez que capt\u00f3 atenci\u00f3n mundial.\u00bb,\u00bbauth\u00bb:{\u00ab2&#8243;:\u00bb6be1602ac6352eb4f1f652ab853fe490e4e01f486d30dcf7708586b3ec85efca\u00bb},\u00bbcaption\u00bb:\u00bb\u00bb,\u00bbcreated_date\u00bb:\u00bb2026-01-07T02:44:36Z\u00bb,\u00bbcredits\u00bb:{\u00abaffiliation\u00bb:[]},\u00bbheight\u00bb:800,\u00bbimage_type\u00bb:\u00bbphotograph\u00bb,\u00bblast_updated_date\u00bb:\u00bb2026-01-07T02:44:36Z\u00bb,\u00bblicensable\u00bb:false,\u00bbowner\u00bb:{\u00abid\u00bb:\u00bbelimparcial\u00bb,\u00bbsponsored\u00bb:false},\u00bbsource\u00bb:{\u00abadditional_properties\u00bb:{\u00abeditor\u00bb:\u00bbphoto center\u00bb},\u00bbedit_url\u00bb:\u00bb\u00bb,\u00bbsystem\u00bb:\u00bbphoto center\u00bb},\u00bbsubtitle\u00bb:\u00bbEsto cuesta el pol\u00e9mico vestido de Delcy Rodr\u00edguez que us\u00f3 para jurar como presidenta de Venezuela.\u00bb,\u00bbtaxonomy\u00bb:{\u00abassociated_tasks\u00bb:[]},\u00bbtype\u00bb:\u00bbimage\u00bb,\u00bburl\u00bb:\u00bbhttps:\/\/cloudfront-us-east-1.images.arcpublishing.com\/elimparcial\/TCM5LN2Q4BE6RBU2JKK5M5JRZA.png\u00bb,\u00bbversion\u00bb:\u00bb0.10.9&#8243;,\u00bbwidth\u00bb:1200,\u00bbsyndication\u00bb:{}},{\u00ab_id\u00bb:\u00bbKT7INLXSAFBX3D2V7UF4VU66ZI\u00bb,\u00bbadditional_properties\u00bb:{},\u00bbcontent\u00bb:\u00bbLa relaci\u00f3n tuvo que enfrentarse a varios obst\u00e1culos, entre ellos el hecho de que Carrillo nunca anunci\u00f3 p\u00fablicamente el noviazgo en su momento, lo que influy\u00f3 en el desenlace de la historia. El actor admiti\u00f3 que esa falta de exposici\u00f3n y decisi\u00f3n clara fue un error que contribuy\u00f3 a la ruptura. \u00ab,\u00bbtype\u00bb:\u00bbtext\u00bb},{\u00ab_id\u00bb:\u00bbGHPMBLEAU5F2HHF4KC2677I6EY\u00bb,\u00bbadditional_properties\u00bb:{},\u00bbcontent\u00bb:\u00bb<b>Te podr\u00eda interesar: <\/b><a href=\\\"https:\/\/www.elimparcial.com\/espectaculos\/2026\/01\/16\/bizarrap-x-gorillaz-asi-es-el-nuevo-tema-orange-county-adelanto-de-the-mountain\/\\\" target=\\\"_blank\\\" rel=\\\"noreferrer\\\" title=\\\"https:\/\/www.elimparcial.com\/espectaculos\/2026\/01\/16\/bizarrap-x-gorillaz-asi-es-el-nuevo-tema-orange-county-adelanto-de-the-mountain\/\\\"><b>Bizarrap x Gorillaz: as\u00ed es el nuevo tema \u201cOrange County\u201d, adelanto de The Mountain.<\/b><\/a>\u00ab,\u00bbtype\u00bb:\u00bbtext\u00bb},{\u00ab_id\u00bb:\u00bb7WLCSGYD3JDQ3F4CW27E26MM6E\u00bb,\u00bbadditional_properties\u00bb:{},\u00bbcontent\u00bb:\u00bbCr\u00edticas y respuestas medi\u00e1ticas\u00bb,\u00bblevel\u00bb:2,\u00bbtype\u00bb:\u00bbheader\u00bb},{\u00ab_id\u00bb:\u00bb5OTQ4IFKY5CFNE5HNGUFPYLRUA\u00bb,\u00bbadditional_properties\u00bb:{},\u00bbcontent\u00bb:\u00bbAdem\u00e1s de hablar del fin de su relaci\u00f3n, Carrillo tambi\u00e9n <b>desminti\u00f3 versiones que lo vinculan con pagos del gobierno venezolano por defender la figura de Rodr\u00edguez o el chavismo<\/b>, afirmando que nunca ha sido pagado por ser imagen de ning\u00fan partido pol\u00edtico:\u00bb,\u00bbtype\u00bb:\u00bbtext\u00bb},{\u00ab_id\u00bb:\u00bb7V4C262KZJGHXFBWYSUCQEG4WE\u00bb,\u00bbadditional_properties\u00bb:{\u00ablanguage\u00bb:{\u00abcode\u00bb:\u00bbes\u00bb,\u00bbregion\u00bb:\u00bbMX\u00bb}},\u00bbcitation\u00bb:{\u00abcontent\u00bb:\u00bb\u00bb,\u00bbtype\u00bb:\u00bbtext\u00bb},\u00bbcontent_elements\u00bb:[{\u00ab_id\u00bb:\u00bbROOYSPUD2ZFOLKTA2XZDUYRYVU\u00bb,\u00bbadditional_properties\u00bb:{},\u00bbcontent\u00bb:\u00bb\u201cNo, nunca me han pagado por ser imagen de ning\u00fan partido pol\u00edtico\u201d. \u00ab,\u00bbtype\u00bb:\u00bbtext\u00bb}],\u00bbsubtype\u00bb:\u00bbblockquote\u00bb,\u00bbtype\u00bb:\u00bbquote\u00bb},{\u00ab_id\u00bb:\u00bbBCJ3CAJWIJE23EG76FPFVZXH2Y\u00bb,\u00bbadditional_properties\u00bb:{},\u00bbcontent\u00bb:\u00bbEl actor subray\u00f3 que su independencia econ\u00f3mica proviene de <b>sus inversiones y negocios personales<\/b>, no de apoyos gubernamentales, desestimando as\u00ed algunas versiones difundidas en redes sociales y medios sensacionalistas. \u00ab,\u00bbtype\u00bb:\u00bbtext\u00bb},{\u00ab_id\u00bb:\u00bbCZQHCM3Z7JA4LC7IK4OSACV7OA\u00bb,\u00bbadditional_properties\u00bb:{},\u00bbcontent\u00bb:\u00bbReacciones y cobertura internacional\u00bb,\u00bblevel\u00bb:2,\u00bbtype\u00bb:\u00bbheader\u00bb},{\u00ab_id\u00bb:\u00bbEIVHBIYEBZFINMPUZ42636G5OM\u00bb,\u00bbadditional_properties\u00bb:{},\u00bbcontent\u00bb:\u00bbLa historia de Carrillo y Rodr\u00edguez ha sido recogida por diversos medios internacionales, que han resaltado tanto el <b>aspecto pol\u00edtico como el sentimental<\/b> de la relaci\u00f3n. La vinculaci\u00f3n de un actor de telenovelas con una figura pol\u00edtica de alto perfil como Rodr\u00edguez ha generado inter\u00e9s en contextos tanto de entretenimiento como de opini\u00f3n p\u00fablica. \u00ab,\u00bbtype\u00bb:\u00bbtext\u00bb},{\u00ab_id\u00bb:\u00bbQLOP63TNVFBFPIHU7GXG5KOY54&#8243;,\u00bbadditional_properties\u00bb:{},\u00bbcontent\u00bb:\u00bb<b>Te podr\u00eda interesar: <\/b><a href=\\\"https:\/\/www.elimparcial.com\/espectaculos\/2026\/01\/16\/tras-acusaciones-de-violencia-juan-diego-covarrubias-decide-no-responder-en-medios-a-su-exesposa-y-acudir-a-otras-instancias\/\\\" target=\\\"_blank\\\" rel=\\\"noreferrer\\\" title=\\\"https:\/\/www.elimparcial.com\/espectaculos\/2026\/01\/16\/tras-acusaciones-de-violencia-juan-diego-covarrubias-decide-no-responder-en-medios-a-su-exesposa-y-acudir-a-otras-instancias\/\\\"><b>Tras acusaciones de violencia, Juan Diego Covarrubias decide no responder en medios a su exesposa y acudir a otras instancias.<\/b><\/a>\u00ab,\u00bbtype\u00bb:\u00bbtext\u00bb},{\u00ab_id\u00bb:\u00bbNRCSFXSXKRF3NAIUP6BYLNIXYM\u00bb,\u00bbadditional_properties\u00bb:{},\u00bbcontent\u00bb:\u00bb\u00bfQu\u00e9 sigue para Carrillo?\u00bb,\u00bblevel\u00bb:2,\u00bbtype\u00bb:\u00bbheader\u00bb},{\u00ab_id\u00bb:\u00bbCYK4CAG2F5BWLPW5O65NXUD7SI\u00bb,\u00bbadditional_properties\u00bb:{},\u00bbcontent\u00bb:\u00bbHasta el momento, Fernando Carrillo no ha confirmado si <b>har\u00e1 un intento formal por reconquistar a Delcy Rodr\u00edguez<\/b>, ni si hay comunicaci\u00f3n directa entre ellos actualmente. Su postura p\u00fablica, sin embargo, muestra que el v\u00ednculo sigue siendo relevante para \u00e9l y que mantiene cierto afecto hacia su ex pareja, aunque tambi\u00e9n reconoce que el contexto en el que se encuentra Rodr\u00edguez es \u201cmuy dif\u00edcil\u201d. \u00ab,\u00bbtype\u00bb:\u00bbtext\u00bb},{\u00ab_id\u00bb:\u00bbZUW44RGPB5HE3ILRUG4Y46TVIU\u00bb,\u00bbadditional_properties\u00bb:{},\u00bbcontent\u00bb:\u00bbLa relaci\u00f3n entre Fernando Carrillo y Delcy Rodr\u00edguez seguir\u00e1 siendo tema de conversaci\u00f3n en los medios, tanto por la notoriedad de la pareja como por el cruce entre entretenimiento y pol\u00edtica que representa. \u00ab,\u00bbtype\u00bb:\u00bbtext\u00bb}],\u00bbcreated_date\u00bb:\u00bb2026-01-16T03:58:45.643Z\u00bb,\u00bbcredits\u00bb:{\u00abby\u00bb:[{\u00ab_id\u00bb:\u00bbcruiz\u00bb,\u00bbtype\u00bb:\u00bbauthor\u00bb,\u00bbversion\u00bb:\u00bb0.5.8&#8243;,\u00bbname\u00bb:\u00bbClarisa Ruiz\u00bb,\u00bbimage\u00bb:{\u00aburl\u00bb:\u00bbhttps:\/\/author-service-images-prod-us-east-1.publishing.aws.arc.pub\/elimparcial\/fe2ae13b-578c-4212-9ad2-cb076bb315a2.png\u00bb,\u00bbversion\u00bb:\u00bb0.5.8&#8243;},\u00bbdescription\u00bb:\u00bbReportera Web\u00bb,\u00bburl\u00bb:\u00bb\/people\/clarisa-ruiz\/\u00bb,\u00bbslug\u00bb:\u00bbclarisa-ruiz\u00bb,\u00bbsocial_links\u00bb:[{\u00absite\u00bb:\u00bbemail\u00bb,\u00bburl\u00bb:\u00bbcruiz@elimparcial.com\u00bb}],\u00bbsocialLinks\u00bb:[{\u00absite\u00bb:\u00bbemail\u00bb,\u00bburl\u00bb:\u00bbcruiz@elimparcial.com\u00bb,\u00bbdeprecated\u00bb:true,\u00bbdeprecation_msg\u00bb:\u00bbPlease use social_links.\u00bb}],\u00bbadditional_properties\u00bb:{\u00aboriginal\u00bb:{\u00ab_id\u00bb:\u00bbcruiz\u00bb,\u00bbfirstName\u00bb:\u00bbClarisa\u00bb,\u00bblastName\u00bb:\u00bbRuiz\u00bb,\u00bbbyline\u00bb:\u00bbClarisa Ruiz\u00bb,\u00bbrole\u00bb:\u00bbReportera Web\u00bb,\u00bbimage\u00bb:\u00bbhttps:\/\/author-service-images-prod-us-east-1.publishing.aws.arc.pub\/elimparcial\/fe2ae13b-578c-4212-9ad2-cb076bb315a2.png\u00bb,\u00bbemail\u00bb:\u00bbcruiz@elimparcial.com\u00bb,\u00bbaffiliations\u00bb:\u00bb\u00bb,\u00bbeducation\u00bb:[],\u00bbawards\u00bb:[],\u00bbbooks\u00bb:[],\u00bbpodcasts\u00bb:[],\u00bbbio_page\u00bb:\u00bb\/people\/clarisa-ruiz\/\u00bb,\u00bbbio\u00bb:\u00bbReportera Web\u00bb,\u00bblongBio\u00bb:\u00bb\u00bb,\u00bbslug\u00bb:\u00bbclarisa-ruiz\u00bb,\u00bbnative_app_rendering\u00bb:false,\u00bbfuzzy_match\u00bb:false,\u00bbcontributor\u00bb:false,\u00bbstatus\u00bb:true,\u00bblast_updated_date\u00bb:\u00bb2025-12-05T17:07:59.962Z\u00bb}}}]},\u00bbdescription\u00bb:{\u00abbasic\u00bb:\u00bbFernando Carrillo, actor venezolano y gal\u00e1n de telenovelas, explic\u00f3 por qu\u00e9 termin\u00f3 su relaci\u00f3n con la presidenta interina de Venezuela, Delcy Rodr\u00edguez, y dijo que a\u00fan no descarta la posibilidad de reconquistarla.\u00bb},\u00bbdisplay_date\u00bb:\u00bb2026-01-16T04:34:47.262Z\u00bb,\u00bbdistributor\u00bb:{\u00abcategory\u00bb:\u00bbstaff\u00bb,\u00bbname\u00bb:\u00bbelimparcial\u00bb,\u00bbsubcategory\u00bb:\u00bb\u00bb},\u00bbfirst_publish_date\u00bb:\u00bb2026-01-16T04:34:47.262Z\u00bb,\u00bbheadlines\u00bb:{\u00abbasic\u00bb:\u00bbFernando Carrillo cuenta porqu\u00e9 termin\u00f3 con Delcy Rodr\u00edguez y confiesa que piensa en reconquistarla: \u201cEs m\u00e1s que una top model\u201d\u00bb,\u00bbmeta_title\u00bb:\u00bb\u00bb,\u00bbmobile\u00bb:\u00bb\u00bb,\u00bbnative\u00bb:\u00bb\u00bb,\u00bbprint\u00bb:\u00bb\u00bb,\u00bbtablet\u00bb:\u00bb\u00bb,\u00bbweb\u00bb:\u00bb\u00bb},\u00bblast_updated_date\u00bb:\u00bb2026-01-16T04:34:47.393Z\u00bb,\u00bbowner\u00bb:{\u00abid\u00bb:\u00bbelimparcial\u00bb,\u00bbsponsored\u00bb:false},\u00bbplanning\u00bb:{\u00abstory_length\u00bb:{\u00abcharacter_count_actual\u00bb:5082,\u00bbinch_count_actual\u00bb:6,\u00bbline_count_actual\u00bb:38,\u00bbword_count_actual\u00bb:809}},\u00bbpromo_items\u00bb:{\u00abbasic\u00bb:{\u00ab_id\u00bb:\u00bbTTRUXN4SGZCNTBFZAWUKVASE6A\u00bb,\u00bbadditional_properties\u00bb:{\u00abfullSizeResizeUrl\u00bb:\u00bb\/resizer\/v2\/TTRUXN4SGZCNTBFZAWUKVASE6A.png?auth=5cf601e93e64a4602a67fa06277ad7d523cafc305e83b54fc8db4b498e3a6fed\u00bb,\u00bbgalleries\u00bb:[],\u00bbingestionMethod\u00bb:\u00bbmanual\u00bb,\u00bbmime_type\u00bb:\u00bbimage\/png\u00bb,\u00bboriginalName\u00bb:\u00bbfernando carrillo delcy rodriguez.png\u00bb,\u00bboriginalUrl\u00bb:\u00bbhttps:\/\/cloudfront-us-east-1.images.arcpublishing.com\/elimparcial\/TTRUXN4SGZCNTBFZAWUKVASE6A.png\u00bb,\u00bbproxyUrl\u00bb:\u00bb\/resizer\/v2\/TTRUXN4SGZCNTBFZAWUKVASE6A.png?auth=5cf601e93e64a4602a67fa06277ad7d523cafc305e83b54fc8db4b498e3a6fed\u00bb,\u00bbpublished\u00bb:true,\u00bbresizeUrl\u00bb:\u00bb\/resizer\/v2\/TTRUXN4SGZCNTBFZAWUKVASE6A.png?auth=5cf601e93e64a4602a67fa06277ad7d523cafc305e83b54fc8db4b498e3a6fed\u00bb,\u00bbrestricted\u00bb:false,\u00bbthumbnailResizeUrl\u00bb:\u00bb\/resizer\/v2\/TTRUXN4SGZCNTBFZAWUKVASE6A.png?auth=5cf601e93e64a4602a67fa06277ad7d523cafc305e83b54fc8db4b498e3a6fed&#038;width=300&#8243;,\u00bbversion\u00bb:0,\u00bbtemplate_id\u00bb:1220},\u00bbaddress\u00bb:{},\u00bbalt_text\u00bb:\u00bbFernando Carrillo revela por qu\u00e9 termin\u00f3 con Delcy Rodr\u00edguez y no descarta reconquistarla.\u00bb,\u00bbauth\u00bb:{\u00ab2&#8243;:\u00bb5cf601e93e64a4602a67fa06277ad7d523cafc305e83b54fc8db4b498e3a6fed\u00bb},\u00bbcaption\u00bb:\u00bbFernando Carrillo revela por qu\u00e9 termin\u00f3 con Delcy Rodr\u00edguez y no descarta reconquistarla.\u00bb,\u00bbcreated_date\u00bb:\u00bb2026-01-16T04:33:57Z\u00bb,\u00bbcredits\u00bb:{\u00abaffiliation\u00bb:[]},\u00bbheight\u00bb:800,\u00bbimage_type\u00bb:\u00bbphotograph\u00bb,\u00bblast_updated_date\u00bb:\u00bb2026-01-16T04:33:57Z\u00bb,\u00bblicensable\u00bb:false,\u00bbowner\u00bb:{\u00abid\u00bb:\u00bbelimparcial\u00bb,\u00bbsponsored\u00bb:false},\u00bbsource\u00bb:{\u00abadditional_properties\u00bb:{\u00abeditor\u00bb:\u00bbphoto center\u00bb},\u00bbedit_url\u00bb:\u00bb\u00bb,\u00bbsystem\u00bb:\u00bbphoto center\u00bb},\u00bbsubtitle\u00bb:\u00bbFernando Carrillo cuenta porqu\u00e9 termin\u00f3 con Delcy Rodr\u00edguez y confiesa que piensa en reconquistarla: \u201cEs m\u00e1s que una top model\u201d.\u00bb,\u00bbtaxonomy\u00bb:{\u00abassociated_tasks\u00bb:[]},\u00bbtype\u00bb:\u00bbimage\u00bb,\u00bburl\u00bb:\u00bbhttps:\/\/cloudfront-us-east-1.images.arcpublishing.com\/elimparcial\/TTRUXN4SGZCNTBFZAWUKVASE6A.png\u00bb,\u00bbversion\u00bb:\u00bb0.10.9&#8243;,\u00bbwidth\u00bb:1200,\u00bbsyndication\u00bb:{},\u00bbaspect\u00bb:\u00bb16\/9&#8243;,\u00bbmedia\u00bb:\u00bbei-simple-list\u00bb,\u00bbsmart\u00bb:true}},\u00bbpublish_date\u00bb:\u00bb2026-01-16T04:34:47.262Z\u00bb,\u00bbrelated_content\u00bb:{\u00abbasic\u00bb:[],\u00bbclonedChildren\u00bb:[],\u00bbclonedFromParent\u00bb:[]},\u00bbrevision\u00bb:{\u00abbranch\u00bb:\u00bbdefault\u00bb,\u00bbeditions\u00bb:[\u00abdefault\u00bb],\u00bbparent_id\u00bb:\u00bbR6J2NKOSIBH6PBKEYDNL472LVE\u00bb,\u00bbpublished\u00bb:true,\u00bbrevision_id\u00bb:\u00bbLBNOVW3YD5F3XFS5AMTBDNZ2IU\u00bb},\u00bbsource\u00bb:{\u00abname\u00bb:\u00bbelimparcial\u00bb,\u00bbsource_type\u00bb:\u00bbstaff\u00bb,\u00bbsystem\u00bb:\u00bbcomposer\u00bb},\u00bbsubheadlines\u00bb:{\u00abbasic\u00bb:\u00bbFernando Carrillo, actor venezolano y gal\u00e1n de telenovelas, explic\u00f3 por qu\u00e9 termin\u00f3 su relaci\u00f3n con la presidenta interina de Venezuela, Delcy Rodr\u00edguez, y dijo que a\u00fan no descarta la posibilidad de reconquistarla.\u00bb},\u00bbtaxonomy\u00bb:{\u00abprimary_section\u00bb:{\u00ab_id\u00bb:\u00bb\/espectaculos\u00bb,\u00bb_website\u00bb:\u00bbelimparcial\u00bb,\u00bbtype\u00bb:\u00bbsection\u00bb,\u00bbversion\u00bb:\u00bb0.6.0&#8243;,\u00bbname\u00bb:\u00bbEspect\u00e1culos\u00bb,\u00bbpath\u00bb:\u00bb\/espectaculos\u00bb,\u00bbparent_id\u00bb:\u00bbhttps:\/\/www.elimparcial.com\/\u00bb,\u00bbparent\u00bb:{\u00abdefault\u00bb:\u00bbhttps:\/\/www.elimparcial.com\/\u00bb},\u00bbadditional_properties\u00bb:{\u00aboriginal\u00bb:{\u00ab_id\u00bb:\u00bb\/espectaculos\u00bb,\u00bb_website\u00bb:\u00bbelimparcial\u00bb,\u00bbname\u00bb:\u00bbEspect\u00e1culos\u00bb,\u00bbinactive\u00bb:false,\u00bbancestors\u00bb:{\u00abcomposer-menu\u00bb:[\u00abhttps:\/\/www.elimparcial.com\/\u00bb],\u00bbdefault\u00bb:[\u00abhttps:\/\/www.elimparcial.com\/\u00bb]},\u00bbparent\u00bb:{\u00abdefault\u00bb:\u00bbhttps:\/\/www.elimparcial.com\/\u00bb,\u00bbcomposer-menu\u00bb:\u00bbhttps:\/\/www.elimparcial.com\/\u00bb},\u00bborder\u00bb:{\u00abcomposer-menu\u00bb:1009,\u00bbdefault\u00bb:1005},\u00bbnode_type\u00bb:\u00bbsection\u00bb}}},\u00bbprimary_site\u00bb:{\u00ab_id\u00bb:\u00bb\/espectaculos\u00bb,\u00bbtype\u00bb:\u00bbsite\u00bb,\u00bbversion\u00bb:\u00bb0.5.8&#8243;,\u00bbname\u00bb:\u00bbEspect\u00e1culos\u00bb,\u00bbpath\u00bb:\u00bb\/espectaculos\u00bb,\u00bbparent_id\u00bb:\u00bbhttps:\/\/www.elimparcial.com\/\u00bb,\u00bbadditional_properties\u00bb:{\u00aboriginal\u00bb:{\u00ab_id\u00bb:\u00bb\/espectaculos\u00bb,\u00bbname\u00bb:\u00bbEspect\u00e1culos\u00bb,\u00bbinactive\u00bb:false,\u00bbancestors\u00bb:{\u00abcomposer-menu\u00bb:[\u00abhttps:\/\/www.elimparcial.com\/\u00bb],\u00bbdefault\u00bb:[\u00abhttps:\/\/www.elimparcial.com\/\u00bb]},\u00bbparent\u00bb:{\u00abdefault\u00bb:\u00bbhttps:\/\/www.elimparcial.com\/\u00bb,\u00bbcomposer-menu\u00bb:\u00bbhttps:\/\/www.elimparcial.com\/\u00bb},\u00bborder\u00bb:{\u00abcomposer-menu\u00bb:1009,\u00bbdefault\u00bb:1005}}}},\u00bbsections\u00bb:[{\u00ab_id\u00bb:\u00bb\/espectaculos\u00bb,\u00bb_website\u00bb:\u00bbelimparcial\u00bb,\u00bbtype\u00bb:\u00bbsection\u00bb,\u00bbversion\u00bb:\u00bb0.6.0&#8243;,\u00bbname\u00bb:\u00bbEspect\u00e1culos\u00bb,\u00bbpath\u00bb:\u00bb\/espectaculos\u00bb,\u00bbparent_id\u00bb:\u00bbhttps:\/\/www.elimparcial.com\/\u00bb,\u00bbparent\u00bb:{\u00abdefault\u00bb:\u00bbhttps:\/\/www.elimparcial.com\/\u00bb},\u00bbadditional_properties\u00bb:{\u00aboriginal\u00bb:{\u00ab_id\u00bb:\u00bb\/espectaculos\u00bb,\u00bb_website\u00bb:\u00bbelimparcial\u00bb,\u00bbname\u00bb:\u00bbEspect\u00e1culos\u00bb,\u00bbinactive\u00bb:false,\u00bbancestors\u00bb:{\u00abcomposer-menu\u00bb:[\u00abhttps:\/\/www.elimparcial.com\/\u00bb],\u00bbdefault\u00bb:[\u00abhttps:\/\/www.elimparcial.com\/\u00bb]},\u00bbparent\u00bb:{\u00abdefault\u00bb:\u00bbhttps:\/\/www.elimparcial.com\/\u00bb,\u00bbcomposer-menu\u00bb:\u00bbhttps:\/\/www.elimparcial.com\/\u00bb},\u00bborder\u00bb:{\u00abcomposer-menu\u00bb:1009,\u00bbdefault\u00bb:1005},\u00bbnode_type\u00bb:\u00bbsection\u00bb}},\u00bb_website_section_id\u00bb:\u00bbelimparcial.\/espectaculos\u00bb}],\u00bbsites\u00bb:[{\u00ab_id\u00bb:\u00bb\/espectaculos\u00bb,\u00bbtype\u00bb:\u00bbsite\u00bb,\u00bbversion\u00bb:\u00bb0.5.8&#8243;,\u00bbname\u00bb:\u00bbEspect\u00e1culos\u00bb,\u00bbpath\u00bb:\u00bb\/espectaculos\u00bb,\u00bbparent_id\u00bb:\u00bbhttps:\/\/www.elimparcial.com\/\u00bb,\u00bbadditional_properties\u00bb:{\u00aboriginal\u00bb:{\u00ab_id\u00bb:\u00bb\/espectaculos\u00bb,\u00bbname\u00bb:\u00bbEspect\u00e1culos\u00bb,\u00bbinactive\u00bb:false,\u00bbancestors\u00bb:{\u00abcomposer-menu\u00bb:[\u00abhttps:\/\/www.elimparcial.com\/\u00bb],\u00bbdefault\u00bb:[\u00abhttps:\/\/www.elimparcial.com\/\u00bb]},\u00bbparent\u00bb:{\u00abdefault\u00bb:\u00bbhttps:\/\/www.elimparcial.com\/\u00bb,\u00bbcomposer-menu\u00bb:\u00bbhttps:\/\/www.elimparcial.com\/\u00bb},\u00bborder\u00bb:{\u00abcomposer-menu\u00bb:1009,\u00bbdefault\u00bb:1005}}}}],\u00bbtags\u00bb:[{\u00ab_id\u00bb:\u00bbFTMJSV44OFHSTH63XRM3ANJIZI\u00bb,\u00bbdescription\u00bb:\u00bbFernando Carrillo\u00bb,\u00bbslug\u00bb:\u00bbfernando-carrillo\u00bb,\u00bbtext\u00bb:\u00bbFernando Carrillo\u00bb},{\u00ab_id\u00bb:\u00bb4MITTFXAL5E6RGM6LB7R54CXHQ\u00bb,\u00bbdescription\u00bb:\u00bbDelcy Rodr\u00edguez\u00bb,\u00bbslug\u00bb:\u00bbdelcy-rodriguez\u00bb,\u00bbtext\u00bb:\u00bbDelcy Rodr\u00edguez\u00bb},{\u00ab_id\u00bb:\u00bbKIFEYN6KWNA5PFPZDI4X7UOSSE\u00bb,\u00bbdescription\u00bb:\u00bbVenezuela\u00bb,\u00bbslug\u00bb:\u00bbvenezuela\u00bb,\u00bbtext\u00bb:\u00bbVenezuela\u00bb}]},\u00bbtype\u00bb:\u00bbstory\u00bb,\u00bbversion\u00bb:\u00bb0.10.11&#8243;,\u00bbwebsites\u00bb:{\u00abelimparcial\u00bb:{\u00abwebsite_section\u00bb:{\u00ab_id\u00bb:\u00bb\/espectaculos\u00bb,\u00bb_website\u00bb:\u00bbelimparcial\u00bb,\u00bbtype\u00bb:\u00bbsection\u00bb,\u00bbversion\u00bb:\u00bb0.6.0&#8243;,\u00bbname\u00bb:\u00bbEspect\u00e1culos\u00bb,\u00bbpath\u00bb:\u00bb\/espectaculos\u00bb,\u00bbparent_id\u00bb:\u00bbhttps:\/\/www.elimparcial.com\/\u00bb,\u00bbparent\u00bb:{\u00abdefault\u00bb:\u00bbhttps:\/\/www.elimparcial.com\/\u00bb},\u00bbadditional_properties\u00bb:{\u00aboriginal\u00bb:{\u00ab_id\u00bb:\u00bb\/espectaculos\u00bb,\u00bb_website\u00bb:\u00bbelimparcial\u00bb,\u00bbname\u00bb:\u00bbEspect\u00e1culos\u00bb,\u00bbinactive\u00bb:false,\u00bbancestors\u00bb:{\u00abcomposer-menu\u00bb:[\u00abhttps:\/\/www.elimparcial.com\/\u00bb],\u00bbdefault\u00bb:[\u00abhttps:\/\/www.elimparcial.com\/\u00bb]},\u00bbparent\u00bb:{\u00abdefault\u00bb:\u00bbhttps:\/\/www.elimparcial.com\/\u00bb,\u00bbcomposer-menu\u00bb:\u00bbhttps:\/\/www.elimparcial.com\/\u00bb},\u00bborder\u00bb:{\u00abcomposer-menu\u00bb:1009,\u00bbdefault\u00bb:1005},\u00bbnode_type\u00bb:\u00bbsection\u00bb}},\u00bb_website_section_id\u00bb:\u00bbelimparcial.\/espectaculos\u00bb},\u00bbwebsite_url\u00bb:\u00bbhttps:\/\/www.elimparcial.com\/espectaculos\/2026\/01\/16\/fernando-carrillo-cuenta-porque-termino-con-delcy-rodriguez-y-confiesa-que-piensa-en-reconquistarla-es-mas-que-una-top-model\/\u00bb}},\u00bbworkflow\u00bb:{\u00abstatus_code\u00bb:3},\u00bbcanonical_url\u00bb:\u00bbhttps:\/\/www.elimparcial.com\/espectaculos\/2026\/01\/16\/fernando-carrillo-cuenta-porque-termino-con-delcy-rodriguez-y-confiesa-que-piensa-en-reconquistarla-es-mas-que-una-top-model\/\u00bb,\u00bbpublishing\u00bb:{\u00abscheduled_operations\u00bb:{\u00abpublish_edition\u00bb:[],\u00bbunpublish_edition\u00bb:[]}},\u00bbwebsite\u00bb:\u00bbelimparcial\u00bb,\u00bbwebsite_url\u00bb:\u00bbhttps:\/\/www.elimparcial.com\/espectaculos\/2026\/01\/16\/fernando-carrillo-cuenta-porque-termino-con-delcy-rodriguez-y-confiesa-que-piensa-en-reconquistarla-es-mas-que-una-top-model\/\u00bb},{\u00ab_id\u00bb:\u00bbMNRBECO2TRHA3EABXC5TIBHLAU\u00bb,\u00bbadditional_properties\u00bb:{\u00abhas_published_copy\u00bb:true,\u00bbis_published\u00bb:true,\u00bbpublish_date\u00bb:\u00bb2026-01-15T01:14:20.989Z\u00bb},\u00bbcanonical_website\u00bb:\u00bbelimparcial\u00bb,\u00bbcontent_elements\u00bb:[{\u00ab_id\u00bb:\u00bbM2TOPVHNC5HPVPUC2QCNJHJ2UM\u00bb,\u00bbadditional_properties\u00bb:{},\u00bbcontent\u00bb:\u00bbLa Fiscal\u00eda General del Estado (FGE) de <a href=\\\"https:\/\/www.elimparcial.com\/tags\/tabasco\/\\\" target=\\\"_self\\\" rel=\\\"\\\" title=\\\"https:\/\/www.elimparcial.com\/tags\/tabasco\/\\\"><b>Tabasco<\/b><\/a> confirm\u00f3 la detenci\u00f3n de dos personas buscadas por su presunta participaci\u00f3n en diversos delitos, quienes adem\u00e1s son se\u00f1aladas por supuestos actos de canibalismo en agravio de v\u00edctimas. \u00ab,\u00bbtype\u00bb:\u00bbtext\u00bb},{\u00ab_id\u00bb:\u00bbRAZNZWI725HKROFXJAUNZZ5IDE\u00bb,\u00bbadditional_properties\u00bb:{},\u00bbcontent\u00bb:\u00bb<b>El caso tom\u00f3 relevancia p\u00fablica desde junio de 2025,<\/b> cuando comenz\u00f3 a circular en <a href=\\\"https:\/\/www.elimparcial.com\/tags\/redes-sociales\/\\\" target=\\\"_self\\\" rel=\\\"\\\" title=\\\"https:\/\/www.elimparcial.com\/tags\/redes-sociales\/\\\"><b>redes sociales<\/b><\/a> un video que permiti\u00f3 identificar a los implicados, seg\u00fan informa el Diario de Tabasco y Milenio Noticias. \u00ab,\u00bbtype\u00bb:\u00bbtext\u00bb},{\u00ab_id\u00bb:\u00bbLTPNERLRIJHUXHS7ZUJHCGPC2Y\u00bb,\u00bbadditional_properties\u00bb:{},\u00bbcontent\u00bb:\u00bbLas autoridades informaron que ambos ya se encuentran a disposici\u00f3n del <a href=\\\"https:\/\/www.elimparcial.com\/tags\/ministerio-pblico\/\\\" target=\\\"_self\\\" rel=\\\"\\\" title=\\\"https:\/\/www.elimparcial.com\/tags\/ministerio-pblico\/\\\"><b>Ministerio P\u00fablico<\/b><\/a> y permanecer\u00e1n en prisi\u00f3n como medida precautoria mientras contin\u00faan las investigaciones.\u00bb,\u00bbtype\u00bb:\u00bbtext\u00bb},{\u00abtype\u00bb:\u00bboembed_response\u00bb,\u00bbsubtype\u00bb:\u00bbfacebook-video\u00bb,\u00bb_id\u00bb:\u00bbZJNKZFABDJCKFKH2HUUBZU4GHI\u00bb,\u00bbraw_oembed\u00bb:{\u00abprovider_url\u00bb:\u00bbhttps:\/\/www.facebook.com\u00bb,\u00bbprovider_name\u00bb:\u00bbFacebook\u00bb,\u00bbhtml\u00bb:\u00bb\\n\u00bb,\u00bbtype\u00bb:\u00bbfacebook-video\u00bb,\u00bbversion\u00bb:\u00bb1.0&#8243;,\u00bbwidth\u00bb:500,\u00bb_id\u00bb:\u00bbhttps:\/\/www.facebook.com\/watch\/?v=1883267389228704&#8243;,\u00bblocale\u00bb:\u00bbes_LA\u00bb},\u00bbreferent\u00bb:{\u00abid\u00bb:\u00bbhttps:\/\/www.facebook.com\/watch\/?v=1883267389228704&#8243;,\u00bbprovider\u00bb:\u00bbhttps:\/\/graph.facebook.com\/v8.0\/oembed_video?url=\u00bb,\u00bbreferent_properties\u00bb:{\u00ablocale\u00bb:\u00bbes_LA\u00bb},\u00bbservice\u00bb:\u00bboembed\u00bb,\u00bbtype\u00bb:\u00bbfacebook-video\u00bb}},{\u00ab_id\u00bb:\u00bbBLWOGMEQAJB4ZFZGR5YOHD25OM\u00bb,\u00bbadditional_properties\u00bb:{},\u00bbcontent\u00bb:\u00bbLa informaci\u00f3n fue dada a conocer por el <b>fiscal general del estado, \u00d3scar Tonathiu V\u00e1zquez Landeros<\/b>, quien explic\u00f3 que la detenci\u00f3n forma parte de una investigaci\u00f3n m\u00e1s amplia que sigue en curso y que podr\u00eda derivar en m\u00e1s \u00f3rdenes de aprehensi\u00f3n.\u00bb,\u00bbtype\u00bb:\u00bbtext\u00bb},{\u00ab_id\u00bb:\u00bbVQEV2HTHMJE7VJBQNXF452AZWM\u00bb,\u00bbadditional_properties\u00bb:{},\u00bbcontent\u00bb:\u00bb<b>\u00bfC\u00f3mo fueron identificadas las personas detenidas?<\/b>\u00ab,\u00bblevel\u00bb:2,\u00bbtype\u00bb:\u00bbheader\u00bb},{\u00ab_id\u00bb:\u00bbGSHXUEJJ2BHDHB2DQSGX3WDDLY\u00bb,\u00bbadditional_properties\u00bb:{},\u00bbcontent\u00bb:\u00bbDe acuerdo con el fiscal, los ahora detenidos fueron identificados a partir de un <b>video que se volvi\u00f3 viral en redes sociales en junio de 2025<\/b>, en el que aparecen consumiendo restos humanos.\u00bb,\u00bbtype\u00bb:\u00bbtext\u00bb},{\u00ab_id\u00bb:\u00bbLWEFCC4W75DTLGWCPOTHRIP6HU\u00bb,\u00bbadditional_properties\u00bb:{},\u00bbcontent\u00bb:\u00bbEste material permiti\u00f3 avanzar en la investigaci\u00f3n y ubicar a los presuntos responsables. La Fiscal\u00eda no ha difundido p\u00fablicamente el video ni ha detallado su contenido, con el objetivo de no entorpecer el proceso legal.\u00bb,\u00bbtype\u00bb:\u00bbtext\u00bb},{\u00ab_id\u00bb:\u00bbQYHTS3NU2BCKTNCYCMPWG3DBAA\u00bb,\u00bbadditional_properties\u00bb:{},\u00bbcontent\u00bb:\u00bb<b>\u00bfQu\u00e9 dijo el fiscal sobre las detenciones?<\/b>\u00ab,\u00bblevel\u00bb:2,\u00bbtype\u00bb:\u00bbheader\u00bb},{\u00ab_id\u00bb:\u00bb3SXZXPBCQVFOTLB7TAR6IAOLG4&#8243;,\u00bbadditional_properties\u00bb:{},\u00bbcontent\u00bb:\u00bb<b>\u00d3scar Tonathiu V\u00e1zquez Landeros<\/b> confirm\u00f3 que los implicados ya est\u00e1n recluidos y bajo proceso, y que existen m\u00e1s investigaciones abiertas contra este mismo grupo.\u00bb,\u00bbtype\u00bb:\u00bbtext\u00bb},{\u00ab_id\u00bb:\u00bbZPP4PBDHOJDSJAKENHVTD7G7KU\u00bb,\u00bbadditional_properties\u00bb:{},\u00bbcontent\u00bb:\u00bb\u00bb,\u00bbtype\u00bb:\u00bbtext\u00bb},{\u00ab_id\u00bb:\u00bbGEOLBXFXXRCCHEQFZJBHDG7AXA\u00bb,\u00bbadditional_properties\u00bb:{\u00ablanguage\u00bb:{\u00abcode\u00bb:\u00bbes\u00bb,\u00bbregion\u00bb:\u00bb\u00bb}},\u00bbcitation\u00bb:{\u00abcontent\u00bb:\u00bb\u00bb,\u00bbtype\u00bb:\u00bbtext\u00bb},\u00bbcontent_elements\u00bb:[{\u00ab_id\u00bb:\u00bbT5GOOJY4NRFRVE3W5MRR2EDMHE\u00bb,\u00bbadditional_properties\u00bb:{},\u00bbcontent\u00bb:\u00bb<b>En esa investigaci\u00f3n ya lo tenemos recluido, sin embargo, es importante mencionar que de una investigaci\u00f3n paralela se obtuvo orden de aprehensi\u00f3n contra este sujeto y otros m\u00e1s por diversos delitos. Ya les daremos cuenta pr\u00f3ximamente, ya est\u00e1n vinculados\u2026 En estos momentos dos, estamos trabajando sobre los dem\u00e1s. Ahorita me reservo el delito porque la investigaci\u00f3n est\u00e1 abierta, pero ya hay detenidos\u201d, declar\u00f3 el fiscal.<\/b>\u00ab,\u00bbtype\u00bb:\u00bbtext\u00bb}],\u00bbsubtype\u00bb:\u00bbblockquote\u00bb,\u00bbtype\u00bb:\u00bbquote\u00bb},{\u00ab_id\u00bb:\u00bbVIWITPPX5NC6RB3XMMB3C7CUDA\u00bb,\u00bbadditional_properties\u00bb:{},\u00bbcontent\u00bb:\u00bb\u00bb,\u00bbtype\u00bb:\u00bbtext\u00bb},{\u00ab_id\u00bb:\u00bbIKSPZ7VYZNHXPFPQ6VSPO2GBOY\u00bb,\u00bbadditional_properties\u00bb:{},\u00bbcontent\u00bb:\u00bbLa autoridad explic\u00f3 que, por tratarse de una carpeta abierta, no puede dar detalles espec\u00edficos sobre los delitos imputados ni sobre las diligencias en curso.\u00bb,\u00bbtype\u00bb:\u00bbtext\u00bb},{\u00ab_id\u00bb:\u00bbAD2WIY2CSRDWDPBVYX57AGI53I\u00bb,\u00bbadditional_properties\u00bb:{},\u00bbcontent\u00bb:\u00bb\u00bb,\u00bbtype\u00bb:\u00bbtext\u00bb},{\u00ab_id\u00bb:\u00bb2SOZ7FSSTRDDNKXJ64LC2EIU3Q\u00bb,\u00bbadditional_properties\u00bb:{},\u00bbcontent\u00bb:\u00bb<b>\u00bfQu\u00e9 se sabe de los videos de can\u00edbales en Tabasco que circularon en redes sociales?<\/b>\u00ab,\u00bblevel\u00bb:2,\u00bbtype\u00bb:\u00bbheader\u00bb},{\u00ab_id\u00bb:\u00bbNLNF7KTYEND57H5MWFPNJUZOSU\u00bb,\u00bbadditional_properties\u00bb:{},\u00bbcontent\u00bb:\u00bbEn los materiales que circularon durante 2025, se observa a personas manipulando restos humanos y consumi\u00e9ndolos. Algunas de las personas que aparecen en los videos <b>aparentan ser menores de edad<\/b>, aunque hasta el momento la Fiscal\u00eda no ha confirmado oficialmente la edad de todos los involucrados.\u00bb,\u00bbtype\u00bb:\u00bbtext\u00bb},{\u00ab_id\u00bb:\u00bb7V3PJZAX35H7ZC6325P7PNLQT4&#8243;,\u00bbadditional_properties\u00bb:{},\u00bbcontent\u00bb:\u00bbLas autoridades han evitado difundir detalles sensibles para proteger el debido proceso y no revictimizar.\u00bb,\u00bbtype\u00bb:\u00bbtext\u00bb},{\u00ab_id\u00bb:\u00bbI7CW5N3GPZGSRJZ42GNVLC3QIY\u00bb,\u00bbadditional_properties\u00bb:{},\u00bbcontent\u00bb:\u00bb<b>\u00bfHay m\u00e1s personas involucradas?<\/b>\u00ab,\u00bblevel\u00bb:2,\u00bbtype\u00bb:\u00bbheader\u00bb},{\u00ab_id\u00bb:\u00bbOUEC62X7U5BFJBTWN4EEQAHAV4&#8243;,\u00bbadditional_properties\u00bb:{},\u00bbcontent\u00bb:\u00bbS\u00ed. La propia Fiscal\u00eda inform\u00f3 que <b>al menos cinco personas m\u00e1s podr\u00edan estar relacionadas con estos hechos<\/b>, por lo que contin\u00faan las labores de:\u00bb,\u00bbtype\u00bb:\u00bbtext\u00bb},{\u00ab_id\u00bb:\u00bbSLULSJRE4NAVFPAGIFUGAJKFJU\u00bb,\u00bbitems\u00bb:[{\u00ab_id\u00bb:\u00bbUT3FSSWMDRAYZOLNHXARAU4RVE\u00bb,\u00bbadditional_properties\u00bb:{\u00abindent\u00bb:0},\u00bbalignment\u00bb:\u00bbleft\u00bb,\u00bbcontent\u00bb:\u00bbIdentificaci\u00f3n\u00bb,\u00bbtype\u00bb:\u00bbtext\u00bb},{\u00ab_id\u00bb:\u00bbP5YLY3ICBVBZ3F6ZPALVHUTN7I\u00bb,\u00bbadditional_properties\u00bb:{\u00abindent\u00bb:0},\u00bbalignment\u00bb:\u00bbleft\u00bb,\u00bbcontent\u00bb:\u00bbLocalizaci\u00f3n\u00bb,\u00bbtype\u00bb:\u00bbtext\u00bb},{\u00ab_id\u00bb:\u00bbT73V6UCVHZDJVF4IDXG7LDQZ7Y\u00bb,\u00bbadditional_properties\u00bb:{\u00abindent\u00bb:0},\u00bbalignment\u00bb:\u00bbleft\u00bb,\u00bbcontent\u00bb:\u00bbIntegraci\u00f3n de carpetas de investigaci\u00f3n\u00bb,\u00bbtype\u00bb:\u00bbtext\u00bb},{\u00ab_id\u00bb:\u00bbS2SO7GEACNABXJPYUH7ZXUYLEU\u00bb,\u00bbadditional_properties\u00bb:{\u00abindent\u00bb:0},\u00bbalignment\u00bb:\u00bbleft\u00bb,\u00bbcontent\u00bb:\u00bbSolicitud de nuevas \u00f3rdenes de aprehensi\u00f3n\u00bb,\u00bbtype\u00bb:\u00bbtext\u00bb}],\u00bblist_type\u00bb:\u00bbunordered\u00bb,\u00bbtype\u00bb:\u00bblist\u00bb},{\u00ab_id\u00bb:\u00bbMLUNBAQKNNE37IFWCOJMQLV2W4&#8243;,\u00bbadditional_properties\u00bb:{},\u00bbcontent\u00bb:\u00bbLas autoridades dejaron claro que el caso a\u00fan no est\u00e1 cerrado.\u00bb,\u00bbtype\u00bb:\u00bbtext\u00bb},{\u00ab_id\u00bb:\u00bb4QIC26GOEBFMVODCFFVG3Y4HXE\u00bb,\u00bbadditional_properties\u00bb:{},\u00bbcontent\u00bb:\u00bb\u00bb,\u00bbtype\u00bb:\u00bbtext\u00bb},{\u00ab_id\u00bb:\u00bbJD4SDVY4FJHWHN47J5ETYYMR24&#8243;,\u00bbadditional_properties\u00bb:{},\u00bbcontent\u00bb:\u00bb<b>Confiesan organizaciones criminales que com\u00edan humanos para deshacerse de sus v\u00edctimas<\/b>\u00ab,\u00bblevel\u00bb:2,\u00bbtype\u00bb:\u00bbheader\u00bb},{\u00ab_id\u00bb:\u00bb2BDIQNSGGJEG3F4SCLWFZJVMS4&#8243;,\u00bbadditional_properties\u00bb:{},\u00bbcontent\u00bb:\u00bb\u00bb,\u00bbtype\u00bb:\u00bbtext\u00bb},{\u00ab_id\u00bb:\u00bbDNORGJBGKVEJ5J5WZ2AC63X2YQ\u00bb,\u00bbadditional_properties\u00bb:{},\u00bbcontent\u00bb:\u00bbLos Zetas, uno de los c\u00e1rteles m\u00e1s violentos en la historia del narcotr\u00e1fico mexicano, han sido acusados de <b>cometer actos de extrema crueldad<\/b> que van m\u00e1s all\u00e1 de los asesinatos y las torturas convencionales. \u00ab,\u00bbtype\u00bb:\u00bbtext\u00bb},{\u00ab_id\u00bb:\u00bbQRCEC4X255C6VP45AY4HZPYCV4&#8243;,\u00bbadditional_properties\u00bb:{},\u00bbcontent\u00bb:\u00bbEntre las alegaciones m\u00e1s perturbadoras se encuentra el canibalismo, utilizado no solo como un <b>rito de intimidaci\u00f3n o iniciaci\u00f3n<\/b>, sino tambi\u00e9n como una forma macabra de deshacerse de los cuerpos de sus v\u00edctimas.\u00bb,\u00bbtype\u00bb:\u00bbtext\u00bb},{\u00ab_id\u00bb:\u00bbKBCDVZA3G5HVDK4QRA6KESAEQA\u00bb,\u00bbadditional_properties\u00bb:{},\u00bbcontent\u00bb:\u00bb\u00bb,\u00bbtype\u00bb:\u00bbtext\u00bb},{\u00ab_id\u00bb:\u00bb6Q5EFXZCHBFV3NJS4URPFAPTCI\u00bb,\u00bbadditional_properties\u00bb:{},\u00bbcontent\u00bb:\u00bbSeg\u00fan testimonios de exmiembros y colaboradores cercanos, el l\u00edder fundador <b>Heriberto Lazcano Lazcano<\/b>, conocido como \u201cEl Lazca\u201d o \u201cZ-3\u201d, era particularmente aficionado a consumir carne humana integrada en platillos tradicionales mexicanos como tamales, pozole y tostadas. \u00ab,\u00bbtype\u00bb:\u00bbtext\u00bb},{\u00ab_id\u00bb:\u00bbGTLAVDIDMVFFFFWBJOM7733R6I\u00bb,\u00bbadditional_properties\u00bb:{\u00abfullSizeResizeUrl\u00bb:\u00bb\/resizer\/v2\/GTLAVDIDMVFFFFWBJOM7733R6I.png?auth=0d1c217aa05e3242681d9f5d4054c0384a11f8e78d9ae3e7a36cea0b2bfa0f04&#8243;,\u00bbgalleries\u00bb:[],\u00bbingestionMethod\u00bb:\u00bbmanual\u00bb,\u00bbmime_type\u00bb:\u00bbimage\/png\u00bb,\u00bboriginalName\u00bb:\u00bbCiudad Obreg\u00f3n Pick-up cae al canal alto en el Valle del Yaqui.png\u00bb,\u00bboriginalUrl\u00bb:\u00bbhttps:\/\/cloudfront-us-east-1.images.arcpublishing.com\/elimparcial\/GTLAVDIDMVFFFFWBJOM7733R6I.png\u00bb,\u00bbproxyUrl\u00bb:\u00bb\/resizer\/v2\/GTLAVDIDMVFFFFWBJOM7733R6I.png?auth=0d1c217aa05e3242681d9f5d4054c0384a11f8e78d9ae3e7a36cea0b2bfa0f04&#8243;,\u00bbpublished\u00bb:true,\u00bbresizeUrl\u00bb:\u00bb\/resizer\/v2\/GTLAVDIDMVFFFFWBJOM7733R6I.png?auth=0d1c217aa05e3242681d9f5d4054c0384a11f8e78d9ae3e7a36cea0b2bfa0f04&#8243;,\u00bbrestricted\u00bb:false,\u00bbthumbnailResizeUrl\u00bb:\u00bb\/resizer\/v2\/GTLAVDIDMVFFFFWBJOM7733R6I.png?auth=0d1c217aa05e3242681d9f5d4054c0384a11f8e78d9ae3e7a36cea0b2bfa0f04&#038;width=300&#8243;,\u00bbversion\u00bb:0,\u00bbtemplate_id\u00bb:1220},\u00bbaddress\u00bb:{},\u00bbauth\u00bb:{\u00ab2&#8243;:\u00bb0d1c217aa05e3242681d9f5d4054c0384a11f8e78d9ae3e7a36cea0b2bfa0f04&#8243;},\u00bbcaption\u00bb:\u00bbM\u00e9xico ha extraditado a 29 narcotraficantes a Estados Unidos, incluyendo a figuras prominentes como Rafael Caro Quintero, fundador del C\u00e1rtel de Guadalajara, y los hermanos Omar y Miguel \u00c1ngel Trevi\u00f1o Morales, exl\u00edderes de Los Zetas. Foto: El Universal\u00bb,\u00bbcreated_date\u00bb:\u00bb2025-02-28T16:27:30Z\u00bb,\u00bbcredits\u00bb:{\u00abaffiliation\u00bb:[]},\u00bbheight\u00bb:924,\u00bbimage_type\u00bb:\u00bbphotograph\u00bb,\u00bblast_updated_date\u00bb:\u00bb2025-02-28T16:27:30Z\u00bb,\u00bblicensable\u00bb:false,\u00bbowner\u00bb:{\u00abid\u00bb:\u00bbelimparcial\u00bb,\u00bbsponsored\u00bb:false},\u00bbsource\u00bb:{\u00abadditional_properties\u00bb:{\u00abeditor\u00bb:\u00bbphoto center\u00bb},\u00bbedit_url\u00bb:\u00bb\u00bb,\u00bbsystem\u00bb:\u00bbphoto center\u00bb},\u00bbsubtitle\u00bb:\u00bbM\u00e9xico ha extraditado a 29 narcotraficantes a Estados Unidos, incluyendo a figuras prominentes como Rafael Caro Quintero, fundador del C\u00e1rtel de Guadalajara, y los hermanos Omar y Miguel \u00c1ngel Trevi\u00f1o Morales, exl\u00edderes de Los Zetas.\u00bb,\u00bbtaxonomy\u00bb:{\u00abassociated_tasks\u00bb:[]},\u00bbtype\u00bb:\u00bbimage\u00bb,\u00bburl\u00bb:\u00bbhttps:\/\/cloudfront-us-east-1.images.arcpublishing.com\/elimparcial\/GTLAVDIDMVFFFFWBJOM7733R6I.png\u00bb,\u00bbversion\u00bb:\u00bb0.10.9&#8243;,\u00bbwidth\u00bb:1640,\u00bbsyndication\u00bb:{}},{\u00ab_id\u00bb:\u00bbWYT7UTDOAFBUTKQJXXECM3E5Y4&#8243;,\u00bbadditional_properties\u00bb:{},\u00bbcontent\u00bb:\u00bbEstas pr\u00e1cticas, documentadas en investigaciones period\u00edsticas y declaraciones ministeriales, revelan un nivel de depravaci\u00f3n que serv\u00eda para eliminar evidencias forenses mientras infund\u00eda terror en sus rivales y subordinados.\u00bb,\u00bbtype\u00bb:\u00bbtext\u00bb},{\u00ab_id\u00bb:\u00bbSJ6PROV3PNAZXJIUMB2XPFLIGM\u00bb,\u00bbadditional_properties\u00bb:{},\u00bbcontent\u00bb:\u00bb\u00bb,\u00bbtype\u00bb:\u00bbtext\u00bb},{\u00ab_id\u00bb:\u00bbBTW3UOLDONDKDJ6GGYNOKKR4QA\u00bb,\u00bbadditional_properties\u00bb:{},\u00bbcontent\u00bb:\u00bbEl canibalismo, seg\u00fan expertos como el antrop\u00f3logo Claudio Lomnitz, no era solo un acto aislado, sino parte de rituales que emulaban pr\u00e1cticas ancestrales o militares para <b>\u201cabsorber la fuerza\u201d del enemig<\/b>o, similar a lo que se reportaba en grupos como los Kaibiles guatemaltecos que se unieron a Los Zetas. \u00ab,\u00bbtype\u00bb:\u00bbtext\u00bb},{\u00ab_id\u00bb:\u00bbY32EYERR6FHKDO5CBXR3EN5GNY\u00bb,\u00bbadditional_properties\u00bb:{},\u00bbcontent\u00bb:\u00bb<b>C\u00f3mo Preparaban y Consum\u00edan la Carne Humana<\/b>\u00ab,\u00bblevel\u00bb:2,\u00bbtype\u00bb:\u00bbheader\u00bb},{\u00ab_id\u00bb:\u00bb3KHC5CE4FBCX5CCMB5X2D36EWU\u00bb,\u00bbadditional_properties\u00bb:{},\u00bbcontent\u00bb:\u00bbDe acuerdo con testimonios recopilados por periodistas como Jes\u00fas Lemus Barajas, quien entrevist\u00f3 a sicarios en prisiones de alta seguridad, <b>\u201cEl Lazca\u201d <\/b>ten\u00eda preferencias espec\u00edficas para preparar la carne de sus v\u00edctimas. \u00ab,\u00bbtype\u00bb:\u00bbtext\u00bb},{\u00ab_id\u00bb:\u00bbC5SGOD5PSNBSPEYSNKOYJRIBJA\u00bb,\u00bbadditional_properties\u00bb:{},\u00bbcontent\u00bb:\u00bbLa carne se extra\u00eda de enemigos capturados \u2014a menudo rivales de otros c\u00e1rteles, traidores o inmigrantes centroamericanos que <b>\u201cse pasaban de listos\u201d<\/b>\u2014 y se procesaba de manera que pudiera integrarse en comidas cotidianas para evitar sospechas y facilitar su eliminaci\u00f3n.\u00bb,\u00bbtype\u00bb:\u00bbtext\u00bb},{\u00ab_id\u00bb:\u00bbJ52XFZYUNNC5BPSBS7RBHCBMAY\u00bb,\u00bbitems\u00bb:[{\u00ab_id\u00bb:\u00bbH3JYY6CWKBEGXHUSXOI25O6C5A\u00bb,\u00bbadditional_properties\u00bb:{\u00abindent\u00bb:0},\u00bbalignment\u00bb:\u00bbleft\u00bb,\u00bbcontent\u00bb:\u00bb<b>Tamales de Carne Humana:<\/b> Uno de los m\u00e9todos m\u00e1s citados involucraba picar la carne en trozos peque\u00f1os, sazonarla con especias tradicionales (como chile, ajo y cebolla) y envolverla en masa de ma\u00edz con hojas de ma\u00edz o pl\u00e1tano. \u00ab,\u00bbtype\u00bb:\u00bbtext\u00bb}],\u00bblist_type\u00bb:\u00bbunordered\u00bb,\u00bbtype\u00bb:\u00bblist\u00bb},{\u00ab_id\u00bb:\u00bbH7RBCGQSBZEUXE24AU3FEOFVMM\u00bb,\u00bbadditional_properties\u00bb:{\u00abfullSizeResizeUrl\u00bb:\u00bb\/resizer\/v2\/H7RBCGQSBZEUXE24AU3FEOFVMM.jpg?auth=fc806fcb063f774a630480da21cba303f3413cf66f073921cae15bca1bbd98b5&#8243;,\u00bbgalleries\u00bb:[],\u00bbingestionMethod\u00bb:\u00bbmanual\u00bb,\u00bbmime_type\u00bb:\u00bbimage\/jpeg\u00bb,\u00bboriginalName\u00bb:\u00bbtamal de carne sonora.jpg\u00bb,\u00bboriginalUrl\u00bb:\u00bbhttps:\/\/cloudfront-us-east-1.images.arcpublishing.com\/elimparcial\/H7RBCGQSBZEUXE24AU3FEOFVMM.jpg\u00bb,\u00bbproxyUrl\u00bb:\u00bb\/resizer\/v2\/H7RBCGQSBZEUXE24AU3FEOFVMM.jpg?auth=fc806fcb063f774a630480da21cba303f3413cf66f073921cae15bca1bbd98b5&#8243;,\u00bbpublished\u00bb:true,\u00bbresizeUrl\u00bb:\u00bb\/resizer\/v2\/H7RBCGQSBZEUXE24AU3FEOFVMM.jpg?auth=fc806fcb063f774a630480da21cba303f3413cf66f073921cae15bca1bbd98b5&#8243;,\u00bbrestricted\u00bb:false,\u00bbthumbnailResizeUrl\u00bb:\u00bb\/resizer\/v2\/H7RBCGQSBZEUXE24AU3FEOFVMM.jpg?auth=fc806fcb063f774a630480da21cba303f3413cf66f073921cae15bca1bbd98b5&#038;width=300&#8243;,\u00bbversion\u00bb:0,\u00bbtemplate_id\u00bb:1220,\u00bbalt_text\u00bb:\u00bb\u00bb,\u00bblink\u00bb:\u00bb\u00bb},\u00bbaddress\u00bb:{},\u00bbauth\u00bb:{\u00ab2&#8243;:\u00bbfc806fcb063f774a630480da21cba303f3413cf66f073921cae15bca1bbd98b5&#8243;},\u00bbcaption\u00bb:\u00bbTamal de carne de cerdo. (Imagen Ilustrativa)\u00bb,\u00bbcreated_date\u00bb:\u00bb2025-12-14T02:10:14Z\u00bb,\u00bbcredits\u00bb:{\u00abaffiliation\u00bb:[]},\u00bbheight\u00bb:2200,\u00bbimage_type\u00bb:\u00bbphotograph\u00bb,\u00bblast_updated_date\u00bb:\u00bb2025-12-14T02:10:14Z\u00bb,\u00bblicensable\u00bb:false,\u00bbowner\u00bb:{\u00abid\u00bb:\u00bbelimparcial\u00bb,\u00bbsponsored\u00bb:false},\u00bbsource\u00bb:{\u00abadditional_properties\u00bb:{\u00abeditor\u00bb:\u00bbphoto center\u00bb},\u00bbedit_url\u00bb:\u00bb\u00bb,\u00bbsystem\u00bb:\u00bbphoto center\u00bb},\u00bbsubtitle\u00bb:\u00bbTamales de Sonora en Navidad: c\u00f3mo son, por qu\u00e9 su masa es roja y c\u00f3mo hacerlos en casa\u00bb,\u00bbtaxonomy\u00bb:{\u00abassociated_tasks\u00bb:[]},\u00bbtype\u00bb:\u00bbimage\u00bb,\u00bburl\u00bb:\u00bbhttps:\/\/cloudfront-us-east-1.images.arcpublishing.com\/elimparcial\/H7RBCGQSBZEUXE24AU3FEOFVMM.jpg\u00bb,\u00bbversion\u00bb:\u00bb0.10.9&#8243;,\u00bbwidth\u00bb:3300,\u00bbsyndication\u00bb:{}},{\u00ab_id\u00bb:\u00bbNIRXY2BNTFDP3FVBYZ6KZUGJME\u00bb,\u00bbadditional_properties\u00bb:{},\u00bbcontent\u00bb:\u00bbEstos tamales se cocinaban al vapor y se serv\u00edan en fiestas o \u201cposadas\u201d internas del c\u00e1rtel. Un ejemplo concreto proviene de una celebraci\u00f3n en Ciudad Victoria, Tamaulipas, donde se prepararon tamales y pozole utilizando los cuerpos de tres centroamericanos. \u00ab,\u00bbtype\u00bb:\u00bbtext\u00bb},{\u00ab_id\u00bb:\u00bbHRIKJTZHLVBUFHU3CAT746QEDM\u00bb,\u00bbadditional_properties\u00bb:{},\u00bbcontent\u00bb:\u00bb\u00bb,\u00bbtype\u00bb:\u00bbtext\u00bb},{\u00ab_id\u00bb:\u00bbTVUVSDKY7ZD43KEBNHY6FLSBHY\u00bb,\u00bbadditional_properties\u00bb:{},\u00bbcontent\u00bb:\u00bbEl proceso no solo deshac\u00eda el cuerpo \u2014reduci\u00e9ndolo a porciones comestibles\u2014 sino que tambi\u00e9n serv\u00eda como rito de lealtad, obligando a nuevos reclutas a participar en el consumo para probar su compromiso. \u00ab,\u00bbtype\u00bb:\u00bbtext\u00bb},{\u00ab_id\u00bb:\u00bbYV7RVF3GXZEOLFCV5J6XLM7NCM\u00bb,\u00bbitems\u00bb:[{\u00ab_id\u00bb:\u00bbMQ45A7E3U5A3NHYE4OCAKD5JQE\u00bb,\u00bbadditional_properties\u00bb:{\u00abindent\u00bb:0},\u00bbalignment\u00bb:\u00bbleft\u00bb,\u00bbcontent\u00bb:\u00bb<b>Pozole con Restos Humanos:<\/b> El pozole, un guiso tradicional a base de ma\u00edz hominy, carne y caldos especiados, se usaba para \u201ccocinar\u201d partes m\u00e1s grandes del cuerpo, como extremidades o torsos.\u00bb,\u00bbtype\u00bb:\u00bbtext\u00bb}],\u00bblist_type\u00bb:\u00bbunordered\u00bb,\u00bbtype\u00bb:\u00bblist\u00bb},{\u00ab_id\u00bb:\u00bbZ72JMVODPJAOBJPUHORE2DBC3U\u00bb,\u00bbadditional_properties\u00bb:{},\u00bbcontent\u00bb:\u00bbEn el argot narco, \u201chacer pozole\u201d ya era un eufemismo para disolver cuerpos en \u00e1cido, pero en estos casos se literalizaba: la carne se herv\u00eda durante horas hasta ablandarse, mezcl\u00e1ndose con granos de ma\u00edz y chiles para disfrazar su origen. \u00ab,\u00bbtype\u00bb:\u00bbtext\u00bb},{\u00ab_id\u00bb:\u00bbQJK3Y3V3W5BWVLTHK6IUNZAMYQ\u00bb,\u00bbadditional_properties\u00bb:{\u00abfullSizeResizeUrl\u00bb:\u00bb\/resizer\/v2\/QJK3Y3V3W5BWVLTHK6IUNZAMYQ.jpg?auth=5da6c443ab294db70d6283af129e8de71aade9cee1b8448265bf5456b86b547b\u00bb,\u00bbgalleries\u00bb:[],\u00bbingestionMethod\u00bb:\u00bbmanual\u00bb,\u00bbmime_type\u00bb:\u00bbimage\/jpeg\u00bb,\u00bboriginalName\u00bb:\u00bbPozole.jpg\u00bb,\u00bboriginalUrl\u00bb:\u00bbhttps:\/\/cloudfront-us-east-1.images.arcpublishing.com\/elimparcial\/QJK3Y3V3W5BWVLTHK6IUNZAMYQ.jpg\u00bb,\u00bbproxyUrl\u00bb:\u00bb\/resizer\/v2\/QJK3Y3V3W5BWVLTHK6IUNZAMYQ.jpg?auth=5da6c443ab294db70d6283af129e8de71aade9cee1b8448265bf5456b86b547b\u00bb,\u00bbpublished\u00bb:true,\u00bbresizeUrl\u00bb:\u00bb\/resizer\/v2\/QJK3Y3V3W5BWVLTHK6IUNZAMYQ.jpg?auth=5da6c443ab294db70d6283af129e8de71aade9cee1b8448265bf5456b86b547b\u00bb,\u00bbrestricted\u00bb:false,\u00bbthumbnailResizeUrl\u00bb:\u00bb\/resizer\/v2\/QJK3Y3V3W5BWVLTHK6IUNZAMYQ.jpg?auth=5da6c443ab294db70d6283af129e8de71aade9cee1b8448265bf5456b86b547b&#038;width=300&#8243;,\u00bbversion\u00bb:0,\u00bbtemplate_id\u00bb:1220,\u00bbalt_text\u00bb:\u00bbPozole, del origen prehisp\u00e1nico a la mesa mexicana, descubre su historia y receta roja estilo Jalisco. \/ Foto: Especial\u00bb,\u00bblink\u00bb:\u00bb\u00bb},\u00bbaddress\u00bb:{},\u00bbalt_text\u00bb:\u00bbPozole, del origen prehisp\u00e1nico a la mesa mexicana, descubre su historia y receta roja estilo Jalisco. \/ Foto: Especial\u00bb,\u00bbauth\u00bb:{\u00ab2&#8243;:\u00bb5da6c443ab294db70d6283af129e8de71aade9cee1b8448265bf5456b86b547b\u00bb},\u00bbcaption\u00bb:\u00bbLos Zetas llegaron a confesar que consum\u00edan carne humana para deshacerse de sus v\u00edctimas. \/ Foto: Especial\u00bb,\u00bbcreated_date\u00bb:\u00bb2025-09-15T23:25:01Z\u00bb,\u00bbcredits\u00bb:{\u00abaffiliation\u00bb:[]},\u00bbheight\u00bb:1080,\u00bbimage_type\u00bb:\u00bbphotograph\u00bb,\u00bblast_updated_date\u00bb:\u00bb2025-09-15T23:25:01Z\u00bb,\u00bblicensable\u00bb:false,\u00bbowner\u00bb:{\u00abid\u00bb:\u00bbelimparcial\u00bb,\u00bbsponsored\u00bb:false},\u00bbsource\u00bb:{\u00abadditional_properties\u00bb:{\u00abeditor\u00bb:\u00bbphoto center\u00bb},\u00bbedit_url\u00bb:\u00bb\u00bb,\u00bbsystem\u00bb:\u00bbphoto center\u00bb},\u00bbsubtitle\u00bb:\u00bbPozole, del origen prehisp\u00e1nico a la mesa mexicana, descubre su historia y receta roja estilo Jalisco. \/ Foto: Especial\u00bb,\u00bbtaxonomy\u00bb:{\u00abassociated_tasks\u00bb:[]},\u00bbtype\u00bb:\u00bbimage\u00bb,\u00bburl\u00bb:\u00bbhttps:\/\/cloudfront-us-east-1.images.arcpublishing.com\/elimparcial\/QJK3Y3V3W5BWVLTHK6IUNZAMYQ.jpg\u00bb,\u00bbversion\u00bb:\u00bb0.10.9&#8243;,\u00bbwidth\u00bb:1920,\u00bbsyndication\u00bb:{}},{\u00ab_id\u00bb:\u00bb5NM22D3RNVA5FKB7BJ7VJ6675U\u00bb,\u00bbadditional_properties\u00bb:{},\u00bbcontent\u00bb:\u00bbEsto permit\u00eda consumir grandes cantidades de restos en<b> banquetes grupales<\/b>, eliminando evidencia mientras se fomentaba un sentido de \u201chermandad\u201d macabra. \u00ab,\u00bbtype\u00bb:\u00bbtext\u00bb},{\u00ab_id\u00bb:\u00bbPX4LFALY7VAILKAMHZ4JVZAERA\u00bb,\u00bbadditional_properties\u00bb:{},\u00bbcontent\u00bb:\u00bbTestimonios indican que en algunas ocasiones,<b> el pozole se preparaba espec\u00edficamente para festejos,<\/b> como en la mencionada posada en Tamaulipas. \u00ab,\u00bbtype\u00bb:\u00bbtext\u00bb},{\u00ab_id\u00bb:\u00bbFOVAWG2UYBH35NN7FY5KYYELYM\u00bb,\u00bbitems\u00bb:[{\u00ab_id\u00bb:\u00bbNVAMBXGTUZB47OVLWVGYEWEXJM\u00bb,\u00bbadditional_properties\u00bb:{\u00abindent\u00bb:0},\u00bbalignment\u00bb:\u00bbleft\u00bb,\u00bbcontent\u00bb:\u00bb<b>Tostadas con Carne T\u00e1rtara Humana: <\/b>Para un consumo m\u00e1s \u201cr\u00e1pido\u201d, la carne se marinaba cruda en lim\u00f3n, similar a un ceviche o t\u00e1rtara, y se serv\u00eda sobre tostadas crujientes con guarniciones como cebolla, cilantro y salsa. \u00ab,\u00bbtype\u00bb:\u00bbtext\u00bb}],\u00bblist_type\u00bb:\u00bbunordered\u00bb,\u00bbtype\u00bb:\u00bblist\u00bb},{\u00ab_id\u00bb:\u00bbB4PENHMJXJAOTH6RL5M33BFGR4&#8243;,\u00bbadditional_properties\u00bb:{},\u00bbcontent\u00bb:\u00bb<b>Te puede interesar: <\/b><a href=\\\"https:\/\/www.elimparcial.com\/mundo\/2024\/01\/13\/la-confesion-de-maria-felix-sobre-la-carne-humana-reflejada-en-la-sociedad-de-la-nieve\/\\\" target=\\\"_self\\\" rel=\\\"\\\" title=\\\"https:\/\/www.elimparcial.com\/mundo\/2024\/01\/13\/la-confesion-de-maria-felix-sobre-la-carne-humana-reflejada-en-la-sociedad-de-la-nieve\/\\\"><b>La confesi\u00f3n de Mar\u00eda F\u00e9lix sobre la carne humana reflejada en \u2018La Sociedad de la Nieve\u2019<\/b><\/a>\u00ab,\u00bbtype\u00bb:\u00bbtext\u00bb},{\u00ab_id\u00bb:\u00bbVFVHOBW4EBGTDHNVW4OAWBRJDY\u00bb,\u00bbadditional_properties\u00bb:{},\u00bbcontent\u00bb:\u00bb<b>\u201cEl Lazca\u201d <\/b>supuestamente prefer\u00eda esta preparaci\u00f3n por su simplicidad y el sabor \u00e1cido que enmascaraba el origen de la carne. Este m\u00e9todo era ideal para deshacerse de porciones frescas inmediatamente despu\u00e9s de una ejecuci\u00f3n, evitando la necesidad de almacenamiento o entierro. \u00ab,\u00bbtype\u00bb:\u00bbtext\u00bb},{\u00abtype\u00bb:\u00bboembed_response\u00bb,\u00bbsubtype\u00bb:\u00bbyoutube\u00bb,\u00bb_id\u00bb:\u00bbFU2LRJJ55FF63GNL27HFWXOIM4&#8243;,\u00bbraw_oembed\u00bb:{\u00abtitle\u00bb:\u00bbDesmantelan c\u00e9lula del CJNG que obligaba a j\u00f3venes reclutados a comer carne humana en Quintana Roo\u00bb,\u00bbauthor_name\u00bb:\u00bbadn Noticias\u00bb,\u00bbauthor_url\u00bb:\u00bbhttps:\/\/www.youtube.com\/@adnnoticiasmx\u00bb,\u00bbtype\u00bb:\u00bbyoutube\u00bb,\u00bbheight\u00bb:315,\u00bbwidth\u00bb:560,\u00bbversion\u00bb:\u00bb1.0&#8243;,\u00bbprovider_name\u00bb:\u00bbYouTube\u00bb,\u00bbprovider_url\u00bb:\u00bbhttps:\/\/www.youtube.com\/\u00bb,\u00bbthumbnail_height\u00bb:360,\u00bbthumbnail_width\u00bb:480,\u00bbthumbnail_url\u00bb:\u00bbhttps:\/\/i.ytimg.com\/vi\/Xdtip7B8r2c\/hqdefault.jpg\u00bb,\u00bbhtml\u00bb:\u00bb\u00bb,\u00bb_id\u00bb:\u00bbhttps:\/\/youtu.be\/Xdtip7B8r2c\u00bb},\u00bbreferent\u00bb:{\u00abid\u00bb:\u00bbhttps:\/\/youtu.be\/Xdtip7B8r2c\u00bb,\u00bbprovider\u00bb:\u00bbhttps:\/\/www.youtube.com\/oembed?maxwidth=560&#038;maxheight=340&#038;url=\u00bb,\u00bbreferent_properties\u00bb:{},\u00bbservice\u00bb:\u00bboembed\u00bb,\u00bbtype\u00bb:\u00bbyoutube\u00bb}},{\u00ab_id\u00bb:\u00bbXA6NK7645VHIRNJH4BQZ66YATE\u00bb,\u00bbadditional_properties\u00bb:{},\u00bbcontent\u00bb:\u00bb<b>\u00bfD\u00f3nde dec\u00edan que cocinaban y com\u00edan carne humana?<\/b>\u00ab,\u00bblevel\u00bb:2,\u00bbtype\u00bb:\u00bbheader\u00bb},{\u00ab_id\u00bb:\u00bbWCVVS66DAZCYXKAJCCUVFHTWOQ\u00bb,\u00bbadditional_properties\u00bb:{},\u00bbcontent\u00bb:\u00bb\u00bb,\u00bbtype\u00bb:\u00bbtext\u00bb},{\u00ab_id\u00bb:\u00bbJIYXUY7MZBA2FDOISV2J3F5TMQ\u00bb,\u00bbadditional_properties\u00bb:{},\u00bbcontent\u00bb:\u00bb<b>Estos platillos se preparaban en ranchos o casas seguras<\/b> controladas por el c\u00e1rtel, donde cocineros improvisados \u2014a menudo sicarios\u2014 segu\u00edan recetas est\u00e1ndar pero sustituyendo la carne animal por humana. El objetivo principal era la desaparici\u00f3n total: al consumir los restos, no quedaban huesos o evidencias que pudieran ser descubiertas por autoridades o familias de las v\u00edctimas.\u00bb,\u00bbtype\u00bb:\u00bbtext\u00bb},{\u00ab_id\u00bb:\u00bbL32HL24PDBC7PBMYAZZPEL7ETU\u00bb,\u00bbadditional_properties\u00bb:{},\u00bbcontent\u00bb:\u00bb<b>Testimonios y Evidencias<\/b>\u00ab,\u00bblevel\u00bb:3,\u00bbtype\u00bb:\u00bbheader\u00bb},{\u00ab_id\u00bb:\u00bbWNNLLSPELRHHNFXBBHSLXD4G7A\u00bb,\u00bbadditional_properties\u00bb:{},\u00bbcontent\u00bb:\u00bbLas acusaciones provienen principalmente de declaraciones de exsicarios como Juan S\u00e1nchez Lim\u00f3n, quien desde la c\u00e1rcel de Puente Grande detall\u00f3 c\u00f3mo \u201cEl Lazca\u201d ordenaba estos banquetes en regiones como Tamaulipas, Guanajuato y Jalisco. \u00ab,\u00bbtype\u00bb:\u00bbtext\u00bb},{\u00ab_id\u00bb:\u00bbJX5ZGNTQYJBL5HXVCU7SEXTYCQ\u00bb,\u00bbadditional_properties\u00bb:{},\u00bbcontent\u00bb:\u00bb\u00bb,\u00bbtype\u00bb:\u00bbtext\u00bb},{\u00ab_id\u00bb:\u00bbYBH4JW2O4BDWJERBCB2RND5V3Q\u00bb,\u00bbadditional_properties\u00bb:{},\u00bbcontent\u00bb:\u00bbOtro testimonio clave es el de un expolic\u00eda ministerial de Tamaulipas, quien relat\u00f3 pr\u00e1cticas similares derivadas de influencias guatemaltecas en Los Zetas. \u00ab,\u00bbtype\u00bb:\u00bbtext\u00bb},{\u00ab_id\u00bb:\u00bbHCV4LPN4JZBNTFXN4DGNNGICU4&#8243;,\u00bbadditional_properties\u00bb:{},\u00bbcontent\u00bb:\u00bb\u00bb,\u00bbtype\u00bb:\u00bbtext\u00bb},{\u00ab_id\u00bb:\u00bbIASKTPT4W5AOFHYDO6DUOIZ34E\u00bb,\u00bbadditional_properties\u00bb:{},\u00bbcontent\u00bb:\u00bbAunque no hay evidencias f\u00edsicas directas \u2014debido a la naturaleza misma del m\u00e9todo\u2014, estas relatos han sido corroborados en m\u00faltiples investigaciones period\u00edsticas y fiscales, incluyendo alertas de la Fiscal\u00eda de Tabasco sobre ritos similares en otros c\u00e1rteles como el CJNG\u00bb,\u00bbtype\u00bb:\u00bbtext\u00bb},{\u00ab_id\u00bb:\u00bbOFD6ZWYVR5ESFNFF4Z2T6EOK4A\u00bb,\u00bbadditional_properties\u00bb:{},\u00bbcontent\u00bb:\u00bb\u00bb,\u00bbtype\u00bb:\u00bbtext\u00bb},{\u00ab_id\u00bb:\u00bbRIGU5YFOZRFVRLDXNWRTIOKVNA\u00bb,\u00bbadditional_properties\u00bb:{},\u00bbcontent\u00bb:\u00bb<b>\u00bfD\u00f3nde ocurri\u00f3 la detenci\u00f3n y d\u00f3nde sucedieron los hechos?<\/b>\u00ab,\u00bblevel\u00bb:2,\u00bbtype\u00bb:\u00bbheader\u00bb},{\u00ab_id\u00bb:\u00bb2YC6WFLPHRFNNDNKIEW4MUPOGI\u00bb,\u00bbadditional_properties\u00bb:{},\u00bbcontent\u00bb:\u00bbLa detenci\u00f3n de las dos personas se realiz\u00f3 en el <b>municipio de Centro<\/b>, seg\u00fan confirm\u00f3 la FGE.\u00bb,\u00bbtype\u00bb:\u00bbtext\u00bb},{\u00ab_id\u00bb:\u00bb4ULBECIBHJBDVPRSQCRRPUDP2E\u00bb,\u00bbadditional_properties\u00bb:{},\u00bbcontent\u00bb:\u00bbNo obstante, el fiscal precis\u00f3 que <b>los hechos que se investigan ocurrieron en otro municipio<\/b>, cuyo nombre no fue revelado de forma deliberada para no afectar el desarrollo de la investigaci\u00f3n ni alertar a otros posibles implicados.\u00bb,\u00bbtype\u00bb:\u00bbtext\u00bb},{\u00ab_id\u00bb:\u00bbXXWQPXWPZFDY7AOROYPRJQT3KU\u00bb,\u00bbadditional_properties\u00bb:{\u00abfullSizeResizeUrl\u00bb:\u00bb\/resizer\/v2\/XXWQPXWPZFDY7AOROYPRJQT3KU.jpg?auth=9dc18b6820c45f10c166c808839accde2256747c75ce8379e1af31c052669555&#8243;,\u00bbgalleries\u00bb:[],\u00bbingestionMethod\u00bb:\u00bbmanual\u00bb,\u00bbmime_type\u00bb:\u00bbimage\/jpeg\u00bb,\u00bboriginalName\u00bb:\u00bbHOLOCAUSTO CAN\u00cdBAL 2.jpg\u00bb,\u00bboriginalUrl\u00bb:\u00bbhttps:\/\/cloudfront-us-east-1.images.arcpublishing.com\/elimparcial\/XXWQPXWPZFDY7AOROYPRJQT3KU.jpg\u00bb,\u00bbproxyUrl\u00bb:\u00bb\/resizer\/v2\/XXWQPXWPZFDY7AOROYPRJQT3KU.jpg?auth=9dc18b6820c45f10c166c808839accde2256747c75ce8379e1af31c052669555&#8243;,\u00bbpublished\u00bb:true,\u00bbresizeUrl\u00bb:\u00bb\/resizer\/v2\/XXWQPXWPZFDY7AOROYPRJQT3KU.jpg?auth=9dc18b6820c45f10c166c808839accde2256747c75ce8379e1af31c052669555&#8243;,\u00bbrestricted\u00bb:false,\u00bbthumbnailResizeUrl\u00bb:\u00bb\/resizer\/v2\/XXWQPXWPZFDY7AOROYPRJQT3KU.jpg?auth=9dc18b6820c45f10c166c808839accde2256747c75ce8379e1af31c052669555&#038;width=300&#8243;,\u00bbversion\u00bb:0,\u00bbtemplate_id\u00bb:1220},\u00bbaddress\u00bb:{},\u00bbauth\u00bb:{\u00ab2&#8243;:\u00bb9dc18b6820c45f10c166c808839accde2256747c75ce8379e1af31c052669555&#8243;},\u00bbcaption\u00bb:\u00bbHolocausto Can\u00edbal.\u00bb,\u00bbcreated_date\u00bb:\u00bb2024-02-29T15:47:07Z\u00bb,\u00bbcredits\u00bb:{\u00abaffiliation\u00bb:[]},\u00bbheight\u00bb:1024,\u00bbimage_type\u00bb:\u00bbphotograph\u00bb,\u00bblast_updated_date\u00bb:\u00bb2024-02-29T15:47:07Z\u00bb,\u00bblicensable\u00bb:false,\u00bbowner\u00bb:{\u00abid\u00bb:\u00bbelimparcial\u00bb,\u00bbsponsored\u00bb:false},\u00bbsource\u00bb:{\u00abadditional_properties\u00bb:{\u00abeditor\u00bb:\u00bbphoto center\u00bb},\u00bbedit_url\u00bb:\u00bb\u00bb,\u00bbsystem\u00bb:\u00bbphoto center\u00bb},\u00bbsubtitle\u00bb:\u00bbHolocausto Can\u00edbal.\u00bb,\u00bbtaxonomy\u00bb:{\u00abassociated_tasks\u00bb:[]},\u00bbtype\u00bb:\u00bbimage\u00bb,\u00bburl\u00bb:\u00bbhttps:\/\/cloudfront-us-east-1.images.arcpublishing.com\/elimparcial\/XXWQPXWPZFDY7AOROYPRJQT3KU.jpg\u00bb,\u00bbversion\u00bb:\u00bb0.10.9&#8243;,\u00bbwidth\u00bb:1024,\u00bbsyndication\u00bb:{}},{\u00ab_id\u00bb:\u00bbPZTQT6SCNFHKLLOR4JLBKPUC4Y\u00bb,\u00bbadditional_properties\u00bb:{},\u00bbcontent\u00bb:\u00bb<b>\u00bfPor qu\u00e9 la Fiscal\u00eda reserva informaci\u00f3n clave del caso?<\/b>\u00ab,\u00bblevel\u00bb:2,\u00bbtype\u00bb:\u00bbheader\u00bb},{\u00ab_id\u00bb:\u00bb424GUY4OTVHHPHCPMIRHOD2N2A\u00bb,\u00bbadditional_properties\u00bb:{},\u00bbcontent\u00bb:\u00bbLa FGE ha sido clara en un punto: la investigaci\u00f3n sigue abierta. Por ello, ha optado por reservar datos como:\u00bb,\u00bbtype\u00bb:\u00bbtext\u00bb},{\u00ab_id\u00bb:\u00bbRL2QPXCTGZBKNPEHFF2KG7ZM2Q\u00bb,\u00bbitems\u00bb:[{\u00ab_id\u00bb:\u00bb3WQULJSTFZFRZAT64OGGKLGXOI\u00bb,\u00bbadditional_properties\u00bb:{\u00abindent\u00bb:0},\u00bbalignment\u00bb:\u00bbleft\u00bb,\u00bbcontent\u00bb:\u00bbTipos penales espec\u00edficos\u00bb,\u00bbtype\u00bb:\u00bbtext\u00bb},{\u00ab_id\u00bb:\u00bbDLHDGLI4F5DHPDJ6KVW4V62YAY\u00bb,\u00bbadditional_properties\u00bb:{\u00abindent\u00bb:0},\u00bbalignment\u00bb:\u00bbleft\u00bb,\u00bbcontent\u00bb:\u00bbIdentidad completa de los detenidos\u00bb,\u00bbtype\u00bb:\u00bbtext\u00bb},{\u00ab_id\u00bb:\u00bbZCGCNE4TEFEZLBX2KZOLSHP6L4&#8243;,\u00bbadditional_properties\u00bb:{\u00abindent\u00bb:0},\u00bbalignment\u00bb:\u00bbleft\u00bb,\u00bbcontent\u00bb:\u00bbMunicipio exacto donde ocurrieron los hechos\u00bb,\u00bbtype\u00bb:\u00bbtext\u00bb},{\u00ab_id\u00bb:\u00bbG5FURDFL2FCMRC7HBAORGWTIGY\u00bb,\u00bbadditional_properties\u00bb:{\u00abindent\u00bb:0},\u00bbalignment\u00bb:\u00bbleft\u00bb,\u00bbcontent\u00bb:\u00bbDetalles operativos de las capturas\u00bb,\u00bbtype\u00bb:\u00bbtext\u00bb}],\u00bblist_type\u00bb:\u00bbunordered\u00bb,\u00bbtype\u00bb:\u00bblist\u00bb},{\u00ab_id\u00bb:\u00bbEDAOOO57ANEBVCGW5WBSMWP56M\u00bb,\u00bbadditional_properties\u00bb:{},\u00bbcontent\u00bb:\u00bbEste manejo responde a criterios legales que buscan evitar filtraciones que puedan debilitar los procesos judiciales.\u00bb,\u00bbtype\u00bb:\u00bbtext\u00bb},{\u00ab_id\u00bb:\u00bbHOXHSUJODNB3DI5I3DQVTN7TMQ\u00bb,\u00bbadditional_properties\u00bb:{},\u00bbcontent\u00bb:\u00bb\u00bb,\u00bbtype\u00bb:\u00bbtext\u00bb},{\u00ab_id\u00bb:\u00bbWZ4LBKITXZFN7N6VHKTGWORF4A\u00bb,\u00bbadditional_properties\u00bb:{},\u00bbcontent\u00bb:\u00bb<b>\u00bfC\u00f3mo avanzan las investigaciones tras el video de canibalismo?<\/b>\u00ab,\u00bblevel\u00bb:2,\u00bbtype\u00bb:\u00bbheader\u00bb},{\u00ab_id\u00bb:\u00bbBDSIBUFC3JA6NPIGAVE3JZ4JNE\u00bb,\u00bbadditional_properties\u00bb:{},\u00bbcontent\u00bb:\u00bbPor ahora, hay <b>dos personas detenidas<\/b> y al menos <b>cinco m\u00e1s bajo investigaci\u00f3n<\/b>. Las autoridades se\u00f1alaron que en los pr\u00f3ximos d\u00edas podr\u00edan dar a conocer m\u00e1s informaci\u00f3n conforme avancen las diligencias.\u00bb,\u00bbtype\u00bb:\u00bbtext\u00bb},{\u00ab_id\u00bb:\u00bbXA5HQ42TBNGYXDE77WYQ477IME\u00bb,\u00bbadditional_properties\u00bb:{},\u00bbcontent\u00bb:\u00bbEl caso permanece abierto y bajo seguimiento oficial.\u00bb,\u00bbtype\u00bb:\u00bbtext\u00bb}],\u00bbcreated_date\u00bb:\u00bb2026-01-15T00:11:52.92Z\u00bb,\u00bbcredits\u00bb:{\u00abby\u00bb:[{\u00ab_id\u00bb:\u00bbredaccion-gh\u00bb,\u00bbtype\u00bb:\u00bbauthor\u00bb,\u00bbversion\u00bb:\u00bb0.5.8&#8243;,\u00bbname\u00bb:\u00bbRedacci\u00f3n GH\u00bb,\u00bburl\u00bb:\u00bb\/people\/redaccion-gh\u00bb,\u00bbslug\u00bb:\u00bbredaccion-gh\u00bb,\u00bbadditional_properties\u00bb:{\u00aboriginal\u00bb:{\u00ab_id\u00bb:\u00bbredaccion-gh\u00bb,\u00bbslug\u00bb:\u00bbredaccion-gh\u00bb,\u00bbbyline\u00bb:\u00bbRedacci\u00f3n GH\u00bb,\u00bbfirstName\u00bb:\u00bbRedacci\u00f3n GH\u00bb,\u00bbbio_page\u00bb:\u00bb\/people\/redaccion-gh\u00bb,\u00bblast_updated_date\u00bb:\u00bb2024-07-25T13:18:04.273Z\u00bb,\u00bbbooks\u00bb:[],\u00bbpodcasts\u00bb:[],\u00bbeducation\u00bb:[],\u00bbawards\u00bb:[]}}},{\u00ab_id\u00bb:\u00bbprubio\u00bb,\u00bbtype\u00bb:\u00bbauthor\u00bb,\u00bbversion\u00bb:\u00bb0.5.8&#8243;,\u00bbname\u00bb:\u00bbPablo Rubio\u00bb,\u00bbimage\u00bb:{\u00aburl\u00bb:\u00bbhttps:\/\/s3.amazonaws.com\/arc-authors\/elimparcial\/fce4d8fa-7daa-4494-8e64-d5371d69e0a9.png\u00bb,\u00bbversion\u00bb:\u00bb0.5.8&#8243;},\u00bbdescription\u00bb:\u00bbEditor Web\u00bb,\u00bburl\u00bb:\u00bb\/people\/pablo-rubio\u00bb,\u00bbslug\u00bb:\u00bbpablo-rubio\u00bb,\u00bbsocial_links\u00bb:[{\u00absite\u00bb:\u00bbemail\u00bb,\u00bburl\u00bb:\u00bbprubio@elimparcial.com\u00bb}],\u00bbsocialLinks\u00bb:[{\u00absite\u00bb:\u00bbemail\u00bb,\u00bburl\u00bb:\u00bbprubio@elimparcial.com\u00bb,\u00bbdeprecated\u00bb:true,\u00bbdeprecation_msg\u00bb:\u00bbPlease use social_links.\u00bb}],\u00bbadditional_properties\u00bb:{\u00aboriginal\u00bb:{\u00ab_id\u00bb:\u00bbprubio\u00bb,\u00bbslug\u00bb:\u00bbpablo-rubio\u00bb,\u00bbbyline\u00bb:\u00bbPablo Rubio\u00bb,\u00bbfirstName\u00bb:\u00bbPablo\u00bb,\u00bblastName\u00bb:\u00bbRubio\u00bb,\u00bbemail\u00bb:\u00bbprubio@elimparcial.com\u00bb,\u00bbbio_page\u00bb:\u00bb\/people\/pablo-rubio\u00bb,\u00bblast_updated_date\u00bb:\u00bb2024-02-09T23:47:47.328Z\u00bb,\u00bbbooks\u00bb:[],\u00bbpodcasts\u00bb:[],\u00bbeducation\u00bb:[],\u00bbawards\u00bb:[],\u00bblongBio\u00bb:\u00bbEditor Web en EL IMPARCIAL. Con cuatro a\u00f1os de experiencia en la redacci\u00f3n digital. Licenciado en Mercadotecnia. Escribo Nacional, Internacional y Deportes.\u00bb,\u00bbrole\u00bb:\u00bbEditor Web\u00bb,\u00bbbio\u00bb:\u00bbEditor Web\u00bb,\u00bbimage\u00bb:\u00bbhttps:\/\/s3.amazonaws.com\/arc-authors\/elimparcial\/fce4d8fa-7daa-4494-8e64-d5371d69e0a9.png\u00bb}}}]},\u00bbdescription\u00bb:{\u00abbasic\u00bb:\u00bbEn la cruda grabaci\u00f3n se aprec\u00eda a los ahora detenidos manipulando \u00f3rganos de sus v\u00edctimas.\u00bb},\u00bbdisplay_date\u00bb:\u00bb2026-01-15T01:14:20.989Z\u00bb,\u00bbdistributor\u00bb:{\u00abcategory\u00bb:\u00bbstaff\u00bb,\u00bbname\u00bb:\u00bbelimparcial\u00bb,\u00bbsubcategory\u00bb:\u00bb\u00bb},\u00bbfirst_publish_date\u00bb:\u00bb2026-01-15T01:14:20.989Z\u00bb,\u00bbheadlines\u00bb:{\u00abbasic\u00bb:\u00bbTras viral video de canibalismo capturaron a dos personas en Tabasco pero a\u00fan buscan a 5 posibles involucrados y reviven confesiones de criminales que revelaron que com\u00edan humanos para deshacerse de los restos de sus v\u00edctimas\u00bb,\u00bbmeta_title\u00bb:\u00bb\u00bb,\u00bbmobile\u00bb:\u00bb\u00bb,\u00bbnative\u00bb:\u00bb\u00bb,\u00bbprint\u00bb:\u00bb\u00bb,\u00bbtablet\u00bb:\u00bb\u00bb,\u00bbweb\u00bb:\u00bb\u00bb},\u00bblast_updated_date\u00bb:\u00bb2026-01-15T01:14:26.202Z\u00bb,\u00bblocation\u00bb:\u00bbVILLAHERMOSA, Tabasco.\u00bb,\u00bbowner\u00bb:{\u00abid\u00bb:\u00bbelimparcial\u00bb,\u00bbsponsored\u00bb:false},\u00bbplanning\u00bb:{\u00abstory_length\u00bb:{\u00abcharacter_count_actual\u00bb:8629,\u00bbinch_count_actual\u00bb:11,\u00bbline_count_actual\u00bb:74,\u00bbword_count_actual\u00bb:1314}},\u00bbpromo_items\u00bb:{\u00abbasic\u00bb:{\u00ab_id\u00bb:\u00bbQFYNXUTUTNCYJJG5E3EMR5J52E\u00bb,\u00bbadditional_properties\u00bb:{\u00abfullSizeResizeUrl\u00bb:\u00bb\/resizer\/v2\/QFYNXUTUTNCYJJG5E3EMR5J52E.jpg?auth=3f8652e5b6c76b66453496640313e7764bb013138eb238125a397dd4f2d79379&#8243;,\u00bbgalleries\u00bb:[],\u00bbingestionMethod\u00bb:\u00bbmanual\u00bb,\u00bbmime_type\u00bb:\u00bbimage\/jpeg\u00bb,\u00bboriginalName\u00bb:\u00bbcanibales detenidos carne humana Tabasco.jpg\u00bb,\u00bboriginalUrl\u00bb:\u00bbhttps:\/\/cloudfront-us-east-1.images.arcpublishing.com\/elimparcial\/QFYNXUTUTNCYJJG5E3EMR5J52E.jpg\u00bb,\u00bbproxyUrl\u00bb:\u00bb\/resizer\/v2\/QFYNXUTUTNCYJJG5E3EMR5J52E.jpg?auth=3f8652e5b6c76b66453496640313e7764bb013138eb238125a397dd4f2d79379&#8243;,\u00bbpublished\u00bb:true,\u00bbresizeUrl\u00bb:\u00bb\/resizer\/v2\/QFYNXUTUTNCYJJG5E3EMR5J52E.jpg?auth=3f8652e5b6c76b66453496640313e7764bb013138eb238125a397dd4f2d79379&#8243;,\u00bbrestricted\u00bb:false,\u00bbthumbnailResizeUrl\u00bb:\u00bb\/resizer\/v2\/QFYNXUTUTNCYJJG5E3EMR5J52E.jpg?auth=3f8652e5b6c76b66453496640313e7764bb013138eb238125a397dd4f2d79379&#038;width=300&#8243;,\u00bbversion\u00bb:0,\u00bbtemplate_id\u00bb:1220},\u00bbaddress\u00bb:{},\u00bbalt_text\u00bb:\u00bbDos personas que aparec\u00edan en un video viral comiendo carne humano fueron arrestados en Tabasco, la FGE investiga m\u00e1s sobre el caso. | Especial GH\u00bb,\u00bbauth\u00bb:{\u00ab2&#8243;:\u00bb3f8652e5b6c76b66453496640313e7764bb013138eb238125a397dd4f2d79379&#8243;},\u00bbcaption\u00bb:\u00bbDos personas que aparec\u00edan en un video viral comiendo carne humano fueron arrestados en Tabasco, la FGE investiga m\u00e1s sobre el caso. | Especial GH\u00bb,\u00bbcreated_date\u00bb:\u00bb2026-01-15T01:13:50Z\u00bb,\u00bbcredits\u00bb:{\u00abaffiliation\u00bb:[]},\u00bbheight\u00bb:1080,\u00bbimage_type\u00bb:\u00bbphotograph\u00bb,\u00bblast_updated_date\u00bb:\u00bb2026-01-15T01:13:50Z\u00bb,\u00bblicensable\u00bb:false,\u00bbowner\u00bb:{\u00abid\u00bb:\u00bbelimparcial\u00bb,\u00bbsponsored\u00bb:false},\u00bbsource\u00bb:{\u00abadditional_properties\u00bb:{\u00abeditor\u00bb:\u00bbphoto center\u00bb},\u00bbedit_url\u00bb:\u00bb\u00bb,\u00bbsystem\u00bb:\u00bbphoto center\u00bb},\u00bbsubtitle\u00bb:\u00bbcanibales detenidos carne humana Tabasco.\u00bb,\u00bbtaxonomy\u00bb:{\u00abassociated_tasks\u00bb:[]},\u00bbtype\u00bb:\u00bbimage\u00bb,\u00bburl\u00bb:\u00bbhttps:\/\/cloudfront-us-east-1.images.arcpublishing.com\/elimparcial\/QFYNXUTUTNCYJJG5E3EMR5J52E.jpg\u00bb,\u00bbversion\u00bb:\u00bb0.10.9&#8243;,\u00bbwidth\u00bb:1920,\u00bbsyndication\u00bb:{},\u00bbaspect\u00bb:\u00bb16\/9&#8243;,\u00bbmedia\u00bb:\u00bbei-simple-list\u00bb,\u00bbsmart\u00bb:true}},\u00bbpublish_date\u00bb:\u00bb2026-01-15T01:14:26.056Z\u00bb,\u00bbrelated_content\u00bb:{\u00abbasic\u00bb:[],\u00bbclonedChildren\u00bb:[],\u00bbclonedFromParent\u00bb:[]},\u00bbrevision\u00bb:{\u00abbranch\u00bb:\u00bbdefault\u00bb,\u00bbeditions\u00bb:[\u00abdefault\u00bb],\u00bbparent_id\u00bb:\u00bbCIWOEJ2HSFFZJBFY3BORPE4MQU\u00bb,\u00bbpublished\u00bb:true,\u00bbrevision_id\u00bb:\u00bb3TZENZYN35DB7JYR6E3HQG4JUY\u00bb},\u00bbsource\u00bb:{\u00abname\u00bb:\u00bbelimparcial\u00bb,\u00bbsource_type\u00bb:\u00bbstaff\u00bb,\u00bbsystem\u00bb:\u00bbcomposer\u00bb},\u00bbsubheadlines\u00bb:{\u00abbasic\u00bb:\u00bbEn la cruda grabaci\u00f3n se aprec\u00eda a los ahora detenidos manipulando \u00f3rganos de sus v\u00edctimas.\u00bb},\u00bbtaxonomy\u00bb:{\u00abprimary_section\u00bb:{\u00ab_id\u00bb:\u00bb\/mexico\u00bb,\u00bb_website\u00bb:\u00bbelimparcial\u00bb,\u00bbtype\u00bb:\u00bbsection\u00bb,\u00bbversion\u00bb:\u00bb0.6.0&#8243;,\u00bbname\u00bb:\u00bbM\u00e9xico\u00bb,\u00bbpath\u00bb:\u00bb\/mexico\u00bb,\u00bbparent_id\u00bb:\u00bbhttps:\/\/www.elimparcial.com\/\u00bb,\u00bbparent\u00bb:{\u00abdefault\u00bb:\u00bbhttps:\/\/www.elimparcial.com\/\u00bb},\u00bbadditional_properties\u00bb:{\u00aboriginal\u00bb:{\u00ab_id\u00bb:\u00bb\/mexico\u00bb,\u00bb_website\u00bb:\u00bbelimparcial\u00bb,\u00bbname\u00bb:\u00bbM\u00e9xico\u00bb,\u00bbinactive\u00bb:false,\u00bbancestors\u00bb:{\u00abcomposer-menu\u00bb:[\u00abhttps:\/\/www.elimparcial.com\/\u00bb],\u00bbdefault\u00bb:[\u00abhttps:\/\/www.elimparcial.com\/\u00bb]},\u00bbparent\u00bb:{\u00abdefault\u00bb:\u00bbhttps:\/\/www.elimparcial.com\/\u00bb,\u00bbcomposer-menu\u00bb:\u00bbhttps:\/\/www.elimparcial.com\/\u00bb},\u00bborder\u00bb:{\u00abcomposer-menu\u00bb:1012,\u00bbdefault\u00bb:1009},\u00bbnode_type\u00bb:\u00bbsection\u00bb}}},\u00bbprimary_site\u00bb:{\u00ab_id\u00bb:\u00bb\/mexico\u00bb,\u00bbtype\u00bb:\u00bbsite\u00bb,\u00bbversion\u00bb:\u00bb0.5.8&#8243;,\u00bbname\u00bb:\u00bbM\u00e9xico\u00bb,\u00bbpath\u00bb:\u00bb\/mexico\u00bb,\u00bbparent_id\u00bb:\u00bbhttps:\/\/www.elimparcial.com\/\u00bb,\u00bbadditional_properties\u00bb:{\u00aboriginal\u00bb:{\u00ab_id\u00bb:\u00bb\/mexico\u00bb,\u00bbname\u00bb:\u00bbM\u00e9xico\u00bb,\u00bbinactive\u00bb:false,\u00bbancestors\u00bb:{\u00abcomposer-menu\u00bb:[\u00abhttps:\/\/www.elimparcial.com\/\u00bb],\u00bbdefault\u00bb:[\u00abhttps:\/\/www.elimparcial.com\/\u00bb]},\u00bbparent\u00bb:{\u00abdefault\u00bb:\u00bbhttps:\/\/www.elimparcial.com\/\u00bb,\u00bbcomposer-menu\u00bb:\u00bbhttps:\/\/www.elimparcial.com\/\u00bb},\u00bborder\u00bb:{\u00abcomposer-menu\u00bb:1012,\u00bbdefault\u00bb:1009}}}},\u00bbsections\u00bb:[{\u00ab_id\u00bb:\u00bb\/mexico\u00bb,\u00bb_website\u00bb:\u00bbelimparcial\u00bb,\u00bbtype\u00bb:\u00bbsection\u00bb,\u00bbversion\u00bb:\u00bb0.6.0&#8243;,\u00bbname\u00bb:\u00bbM\u00e9xico\u00bb,\u00bbpath\u00bb:\u00bb\/mexico\u00bb,\u00bbparent_id\u00bb:\u00bbhttps:\/\/www.elimparcial.com\/\u00bb,\u00bbparent\u00bb:{\u00abdefault\u00bb:\u00bbhttps:\/\/www.elimparcial.com\/\u00bb},\u00bbadditional_properties\u00bb:{\u00aboriginal\u00bb:{\u00ab_id\u00bb:\u00bb\/mexico\u00bb,\u00bb_website\u00bb:\u00bbelimparcial\u00bb,\u00bbname\u00bb:\u00bbM\u00e9xico\u00bb,\u00bbinactive\u00bb:false,\u00bbancestors\u00bb:{\u00abcomposer-menu\u00bb:[\u00abhttps:\/\/www.elimparcial.com\/\u00bb],\u00bbdefault\u00bb:[\u00abhttps:\/\/www.elimparcial.com\/\u00bb]},\u00bbparent\u00bb:{\u00abdefault\u00bb:\u00bbhttps:\/\/www.elimparcial.com\/\u00bb,\u00bbcomposer-menu\u00bb:\u00bbhttps:\/\/www.elimparcial.com\/\u00bb},\u00bborder\u00bb:{\u00abcomposer-menu\u00bb:1012,\u00bbdefault\u00bb:1009},\u00bbnode_type\u00bb:\u00bbsection\u00bb}},\u00bb_website_section_id\u00bb:\u00bbelimparcial.\/mexico\u00bb}],\u00bbsites\u00bb:[{\u00ab_id\u00bb:\u00bb\/mexico\u00bb,\u00bbtype\u00bb:\u00bbsite\u00bb,\u00bbversion\u00bb:\u00bb0.5.8&#8243;,\u00bbname\u00bb:\u00bbM\u00e9xico\u00bb,\u00bbpath\u00bb:\u00bb\/mexico\u00bb,\u00bbparent_id\u00bb:\u00bbhttps:\/\/www.elimparcial.com\/\u00bb,\u00bbadditional_properties\u00bb:{\u00aboriginal\u00bb:{\u00ab_id\u00bb:\u00bb\/mexico\u00bb,\u00bbname\u00bb:\u00bbM\u00e9xico\u00bb,\u00bbinactive\u00bb:false,\u00bbancestors\u00bb:{\u00abcomposer-menu\u00bb:[\u00abhttps:\/\/www.elimparcial.com\/\u00bb],\u00bbdefault\u00bb:[\u00abhttps:\/\/www.elimparcial.com\/\u00bb]},\u00bbparent\u00bb:{\u00abdefault\u00bb:\u00bbhttps:\/\/www.elimparcial.com\/\u00bb,\u00bbcomposer-menu\u00bb:\u00bbhttps:\/\/www.elimparcial.com\/\u00bb},\u00bborder\u00bb:{\u00abcomposer-menu\u00bb:1012,\u00bbdefault\u00bb:1009}}}}],\u00bbtags\u00bb:[{\u00ab_id\u00bb:\u00bbCWJK7IKRNZDVLLXZY4ZE4FPMQA\u00bb,\u00bbdescription\u00bb:\u00bbCanibalismo\u00bb,\u00bbslug\u00bb:\u00bbcanibalismo\u00bb,\u00bbtext\u00bb:\u00bbCanibalismo\u00bb},{\u00ab_id\u00bb:\u00bbM5IH6UZ5KRFW7IG46EF5YN4K34&#8243;,\u00bbdescription\u00bb:\u00bbcanibal\u00bb,\u00bbslug\u00bb:\u00bbcanibal\u00bb,\u00bbtext\u00bb:\u00bbcanibal\u00bb},{\u00ab_id\u00bb:\u00bbVMQBWZOVTRGJXLV5GZFQGJYON4&#8243;,\u00bbdescription\u00bb:\u00bbVideo viral\u00bb,\u00bbslug\u00bb:\u00bbvideo-viral\u00bb,\u00bbtext\u00bb:\u00bbVideo viral\u00bb},{\u00ab_id\u00bb:\u00bbMTD5L2BU4RASLFKILYAZC7IOTU\u00bb,\u00bbdescription\u00bb:\u00bbTabasco\u00bb,\u00bbslug\u00bb:\u00bbtabasco\u00bb,\u00bbtext\u00bb:\u00bbTabasco\u00bb},{\u00ab_id\u00bb:\u00bbRKORJTN2XBHWFLWXMFZR7CSHUM\u00bb,\u00bbdescription\u00bb:\u00bbOrganizaci\u00f3n criminal\u00bb,\u00bbslug\u00bb:\u00bborganizacion-criminal\u00bb,\u00bbtext\u00bb:\u00bbOrganizaci\u00f3n criminal\u00bb},{\u00ab_id\u00bb:\u00bb6W2GTDX7BBEJRJFSSP4WGCE7AQ\u00bb,\u00bbdescription\u00bb:\u00bbCrimen organizado\u00bb,\u00bbslug\u00bb:\u00bbcrimen-organizado\u00bb,\u00bbtext\u00bb:\u00bbCrimen organizado\u00bb},{\u00ab_id\u00bb:\u00bbENGORBBRZNDNPHSKWYGPJLFUTM\u00bb,\u00bbdescription\u00bb:\u00bbRedes sociales\u00bb,\u00bbslug\u00bb:\u00bbredes-sociales\u00bb,\u00bbtext\u00bb:\u00bbRedes sociales\u00bb}]},\u00bbtype\u00bb:\u00bbstory\u00bb,\u00bbversion\u00bb:\u00bb0.10.11&#8243;,\u00bbwebsites\u00bb:{\u00abelimparcial\u00bb:{\u00abwebsite_section\u00bb:{\u00ab_id\u00bb:\u00bb\/mexico\u00bb,\u00bb_website\u00bb:\u00bbelimparcial\u00bb,\u00bbtype\u00bb:\u00bbsection\u00bb,\u00bbversion\u00bb:\u00bb0.6.0&#8243;,\u00bbname\u00bb:\u00bbM\u00e9xico\u00bb,\u00bbpath\u00bb:\u00bb\/mexico\u00bb,\u00bbparent_id\u00bb:\u00bbhttps:\/\/www.elimparcial.com\/\u00bb,\u00bbparent\u00bb:{\u00abdefault\u00bb:\u00bbhttps:\/\/www.elimparcial.com\/\u00bb},\u00bbadditional_properties\u00bb:{\u00aboriginal\u00bb:{\u00ab_id\u00bb:\u00bb\/mexico\u00bb,\u00bb_website\u00bb:\u00bbelimparcial\u00bb,\u00bbname\u00bb:\u00bbM\u00e9xico\u00bb,\u00bbinactive\u00bb:false,\u00bbancestors\u00bb:{\u00abcomposer-menu\u00bb:[\u00abhttps:\/\/www.elimparcial.com\/\u00bb],\u00bbdefault\u00bb:[\u00abhttps:\/\/www.elimparcial.com\/\u00bb]},\u00bbparent\u00bb:{\u00abdefault\u00bb:\u00bbhttps:\/\/www.elimparcial.com\/\u00bb,\u00bbcomposer-menu\u00bb:\u00bbhttps:\/\/www.elimparcial.com\/\u00bb},\u00bborder\u00bb:{\u00abcomposer-menu\u00bb:1012,\u00bbdefault\u00bb:1009},\u00bbnode_type\u00bb:\u00bbsection\u00bb}},\u00bb_website_section_id\u00bb:\u00bbelimparcial.\/mexico\u00bb},\u00bbwebsite_url\u00bb:\u00bbhttps:\/\/www.elimparcial.com\/mexico\/2026\/01\/15\/tras-viral-video-de-canibalismo-capturaron-a-dos-personas-en-tabasco-pero-aun-buscan-a-5-posibles-involucrados-y-reviven-confesiones-de-criminales-que-revelaron-que-comian-humanos-para-deshacerse-de-los-restos-de-sus-victimas\/\u00bb}},\u00bbworkflow\u00bb:{\u00abstatus_code\u00bb:3},\u00bbcanonical_url\u00bb:\u00bbhttps:\/\/www.elimparcial.com\/mexico\/2026\/01\/15\/tras-viral-video-de-canibalismo-capturaron-a-dos-personas-en-tabasco-pero-aun-buscan-a-5-posibles-involucrados-y-reviven-confesiones-de-criminales-que-revelaron-que-comian-humanos-para-deshacerse-de-los-restos-de-sus-victimas\/\u00bb,\u00bbpublishing\u00bb:{\u00abscheduled_operations\u00bb:{\u00abpublish_edition\u00bb:[],\u00bbunpublish_edition\u00bb:[]}},\u00bbwebsite\u00bb:\u00bbelimparcial\u00bb,\u00bbwebsite_url\u00bb:\u00bbhttps:\/\/www.elimparcial.com\/mexico\/2026\/01\/15\/tras-viral-video-de-canibalismo-capturaron-a-dos-personas-en-tabasco-pero-aun-buscan-a-5-posibles-involucrados-y-reviven-confesiones-de-criminales-que-revelaron-que-comian-humanos-para-deshacerse-de-los-restos-de-sus-victimas\/\u00bb},{\u00ab_id\u00bb:\u00bbGS4JMMM43ZENNE6EHDRMQAXK6U\u00bb,\u00bbadditional_properties\u00bb:{\u00abhas_published_copy\u00bb:true,\u00bbis_published\u00bb:true,\u00bbpublish_date\u00bb:\u00bb2026-01-15T17:27:39.079Z\u00bb},\u00bbcanonical_website\u00bb:\u00bbelimparcial\u00bb,\u00bbcontent_elements\u00bb:[{\u00ab_id\u00bb:\u00bbRCXELWAA65HO3HNW3OSAAJRNDM\u00bb,\u00bbadditional_properties\u00bb:{},\u00bbcontent\u00bb:\u00bbHermosillo se prepara para uno de los festivales musicales m\u00e1s grandes del a\u00f1o. La organizaci\u00f3n de <b>Tecate Light La Cura Fest by <\/b><a href=\\\"https:\/\/www.elimparcial.com\/espectaculos\/2026\/01\/13\/carin-leon-lidera-la-lista-de-nominados-en-premio-lo-nuestro-2026-con-diez-nominaciones-como-votar-por-el-sonorense\/\\\" target=\\\"_blank\\\" rel=\\\"noreferrer\\\" title=\\\"https:\/\/www.elimparcial.com\/espectaculos\/2026\/01\/13\/carin-leon-lidera-la-lista-de-nominados-en-premio-lo-nuestro-2026-con-diez-nominaciones-como-votar-por-el-sonorense\/\\\"><b>Car\u00edn Le\u00f3n<\/b><\/a> revel\u00f3 de forma oficial el <b>cartel de artistas<\/b> que se presentar\u00e1n en su pr\u00f3xima edici\u00f3n, programada para <b>s\u00e1bado 14 y domingo 15 de marzo<\/b>, en <b>Expogan Hermosillo, Sonora<\/b>.\u00bb,\u00bbtype\u00bb:\u00bbtext\u00bb},{\u00ab_id\u00bb:\u00bb567WUSWUYVDGFGCZLRNIWAKU2U\u00bb,\u00bbadditional_properties\u00bb:{},\u00bbcontent\u00bb:\u00bbEl anuncio confirma un lineup encabezado por <b>Alejandro Sanz y Car\u00edn Le\u00f3n<\/b>, acompa\u00f1ados de artistas que cruzan distintos g\u00e9neros y generaciones, lo que perfila al evento como uno de los m\u00e1s fuertes del primer semestre de 2026 en el noroeste del pa\u00eds.\u00bb,\u00bbtype\u00bb:\u00bbtext\u00bb},{\u00abtype\u00bb:\u00bboembed_response\u00bb,\u00bbsubtype\u00bb:\u00bbinstagram\u00bb,\u00bb_id\u00bb:\u00bbRNU36VZUARAOTNT53IRE5TPSGY\u00bb,\u00bbraw_oembed\u00bb:{\u00abversion\u00bb:\u00bb1.0&#8243;,\u00bbprovider_name\u00bb:\u00bbInstagram\u00bb,\u00bbprovider_url\u00bb:\u00bbhttps:\/\/www.instagram.com\/\u00bb,\u00bbtype\u00bb:\u00bbinstagram\u00bb,\u00bbwidth\u00bb:658,\u00bbhtml\u00bb:\u00bb<\/p>\n<blockquote class=\\\"instagram-media\\\" data-instgrm-captioned data-instgrm-permalink=\\\"https:\/\/www.instagram.com\/p\/DTifb5_jkxn\/?utm_source=ig_embed&amp;utm_campaign=loading\\\" data-instgrm-version=\\\"14\\\" style=\\\" background:#FFF; border:0; border-radius:3px; box-shadow:0 0 1px 0 rgba(0,0,0,0.5),0 1px 10px 0 rgba(0,0,0,0.15); margin: 1px; max-width:658px; min-width:326px; padding:0; width:99.375%; width:-webkit-calc(100% - 2px); width:calc(100% - 2px);\\\"><p> <a href=\\\"https:\/\/www.instagram.com\/p\/DTifb5_jkxn\/?utm_source=ig_embed&amp;utm_campaign=loading\\\" style=\\\" background:#FFFFFF; line-height:0; padding:0 0; text-align:center; text-decoration:none; width:100%;\\\" target=\\\"_blank\\\">       View this post on Instagram            <\/a><\/p><\/blockquote>\n<p>\\n\u00bb,\u00bb_id\u00bb:\u00bbhttps:\/\/www.instagram.com\/p\/DTifb5_jkxn\/\u00bb},\u00bbreferent\u00bb:{\u00abid\u00bb:\u00bbhttps:\/\/www.instagram.com\/p\/DTifb5_jkxn\/\u00bb,\u00bbprovider\u00bb:\u00bbhttps:\/\/graph.facebook.com\/v8.0\/instagram_oembed?url=\u00bb,\u00bbreferent_properties\u00bb:{},\u00bbservice\u00bb:\u00bboembed\u00bb,\u00bbtype\u00bb:\u00bbinstagram\u00bb}},{\u00ab_id\u00bb:\u00bbAVVGTRUV75HHJCI42AIK4H5HXE\u00bb,\u00bbadditional_properties\u00bb:{},\u00bbcontent\u00bb:\u00bb\u00bfQu\u00e9 artistas estar\u00e1n en La Cura Fest?\u00bb,\u00bblevel\u00bb:2,\u00bbtype\u00bb:\u00bbheader\u00bb},{\u00ab_id\u00bb:\u00bbYTS6WCJLSNEKNLDC4GHBUHUUOY\u00bb,\u00bbadditional_properties\u00bb:{},\u00bbcontent\u00bb:\u00bbDe acuerdo con el cartel oficial difundido por la organizaci\u00f3n, estos son los artistas confirmados hasta ahora:\u00bb,\u00bbtype\u00bb:\u00bbtext\u00bb},{\u00ab_id\u00bb:\u00bbDUTYK3MYTVB6TGQ3SMNQVNWNEA\u00bb,\u00bbadditional_properties\u00bb:{},\u00bbcontent\u00bb:\u00bbS\u00e1bado 14 de marzo\u00bb,\u00bblevel\u00bb:3,\u00bbtype\u00bb:\u00bbheader\u00bb},{\u00ab_id\u00bb:\u00bbYVX7SER52ZBUZIK7XUGFQTWJYA\u00bb,\u00bbitems\u00bb:[{\u00ab_id\u00bb:\u00bbH52RIDLCDVCCLJPBDUACGQM7EQ\u00bb,\u00bbadditional_properties\u00bb:{\u00abindent\u00bb:0},\u00bbalignment\u00bb:\u00bbleft\u00bb,\u00bbcontent\u00bb:\u00bbAlejandro Sanz\u00bb,\u00bbtype\u00bb:\u00bbtext\u00bb},{\u00ab_id\u00bb:\u00bbPJAH6SQC3VB2HLTYEAGNIAWEM4&#8243;,\u00bbadditional_properties\u00bb:{\u00abindent\u00bb:0},\u00bbalignment\u00bb:\u00bbleft\u00bb,\u00bbcontent\u00bb:\u00bbCar\u00edn Le\u00f3n\u00bb,\u00bbtype\u00bb:\u00bbtext\u00bb},{\u00ab_id\u00bb:\u00bb4YLTXYGADVBPHCH4CPF3CUGA64&#8243;,\u00bbadditional_properties\u00bb:{\u00abindent\u00bb:0},\u00bbalignment\u00bb:\u00bbleft\u00bb,\u00bbcontent\u00bb:\u00bbJelly Roll\u00bb,\u00bbtype\u00bb:\u00bbtext\u00bb},{\u00ab_id\u00bb:\u00bbXTRPF4DGEBCVFHGPGCVIUSSEKM\u00bb,\u00bbadditional_properties\u00bb:{\u00abindent\u00bb:0},\u00bbalignment\u00bb:\u00bbleft\u00bb,\u00bbcontent\u00bb:\u00bbKany Garc\u00eda\u00bb,\u00bbtype\u00bb:\u00bbtext\u00bb},{\u00ab_id\u00bb:\u00bbYILMMX2ACVG5NJLP5OAYYZLVNE\u00bb,\u00bbadditional_properties\u00bb:{\u00abindent\u00bb:0},\u00bbalignment\u00bb:\u00bbleft\u00bb,\u00bbcontent\u00bb:\u00bbKevin Kaarl\u00bb,\u00bbtype\u00bb:\u00bbtext\u00bb},{\u00ab_id\u00bb:\u00bbHK3753XNWNCIDBYR5BL3AGPO5Q\u00bb,\u00bbadditional_properties\u00bb:{\u00abindent\u00bb:0},\u00bbalignment\u00bb:\u00bbleft\u00bb,\u00bbcontent\u00bb:\u00bbMidland\u00bb,\u00bbtype\u00bb:\u00bbtext\u00bb},{\u00ab_id\u00bb:\u00bbUPO6FYGS5RHCLLMDSJJQPKAWSA\u00bb,\u00bbadditional_properties\u00bb:{\u00abindent\u00bb:0},\u00bbalignment\u00bb:\u00bbleft\u00bb,\u00bbcontent\u00bb:\u00bbY m\u00e1s artistas por anunciar\u00bb,\u00bbtype\u00bb:\u00bbtext\u00bb}],\u00bblist_type\u00bb:\u00bbunordered\u00bb,\u00bbtype\u00bb:\u00bblist\u00bb},{\u00ab_id\u00bb:\u00bbP2UKUJQKE5EURGOPCRBH6U4OVM\u00bb,\u00bbadditional_properties\u00bb:{},\u00bbcontent\u00bb:\u00bbDomingo 15 de marzo\u00bb,\u00bblevel\u00bb:3,\u00bbtype\u00bb:\u00bbheader\u00bb},{\u00ab_id\u00bb:\u00bbEIXOAVQ3SRGLBI6R6NCVFHUWXE\u00bb,\u00bbitems\u00bb:[{\u00ab_id\u00bb:\u00bbAZ2E2O5F4NG6HDPIMTJ7ZDJSCI\u00bb,\u00bbadditional_properties\u00bb:{\u00abindent\u00bb:0},\u00bbalignment\u00bb:\u00bbleft\u00bb,\u00bbcontent\u00bb:\u00bbAlejandro Sanz\u00bb,\u00bbtype\u00bb:\u00bbtext\u00bb},{\u00ab_id\u00bb:\u00bbEM4EG763QNDOPF32KC53EJXHYA\u00bb,\u00bbadditional_properties\u00bb:{\u00abindent\u00bb:0},\u00bbalignment\u00bb:\u00bbleft\u00bb,\u00bbcontent\u00bb:\u00bbCar\u00edn Le\u00f3n\u00bb,\u00bbtype\u00bb:\u00bbtext\u00bb},{\u00ab_id\u00bb:\u00bbBD4GVE5ZKFA65CZLLSAUNVLUAA\u00bb,\u00bbadditional_properties\u00bb:{\u00abindent\u00bb:0},\u00bbalignment\u00bb:\u00bbleft\u00bb,\u00bbcontent\u00bb:\u00bbGrupo Frontera\u00bb,\u00bbtype\u00bb:\u00bbtext\u00bb},{\u00ab_id\u00bb:\u00bbER4GPJMA2VBFHJLDFSLIJELGMI\u00bb,\u00bbadditional_properties\u00bb:{\u00abindent\u00bb:0},\u00bbalignment\u00bb:\u00bbleft\u00bb,\u00bbcontent\u00bb:\u00bbKany Garc\u00eda\u00bb,\u00bbtype\u00bb:\u00bbtext\u00bb},{\u00ab_id\u00bb:\u00bbL5U3IAKTFNBLHIQPAHY4HCMSH4&#8243;,\u00bbadditional_properties\u00bb:{\u00abindent\u00bb:0},\u00bbalignment\u00bb:\u00bbleft\u00bb,\u00bbcontent\u00bb:\u00bbKevin Kaarl\u00bb,\u00bbtype\u00bb:\u00bbtext\u00bb},{\u00ab_id\u00bb:\u00bbAPYNRGQ6NJDPPJWJQDIBDCL2EE\u00bb,\u00bbadditional_properties\u00bb:{\u00abindent\u00bb:0},\u00bbalignment\u00bb:\u00bbleft\u00bb,\u00bbcontent\u00bb:\u00bbMidland\u00bb,\u00bbtype\u00bb:\u00bbtext\u00bb},{\u00ab_id\u00bb:\u00bbXSB3PLM3X5DF3GHGOIQ3T4DHFY\u00bb,\u00bbadditional_properties\u00bb:{\u00abindent\u00bb:0},\u00bbalignment\u00bb:\u00bbleft\u00bb,\u00bbcontent\u00bb:\u00bbY m\u00e1s artistas por anunciar\u00bb,\u00bbtype\u00bb:\u00bbtext\u00bb}],\u00bblist_type\u00bb:\u00bbunordered\u00bb,\u00bbtype\u00bb:\u00bblist\u00bb},{\u00ab_id\u00bb:\u00bbIJBNWDBSSRAXLK7MJCGNCJNI5A\u00bb,\u00bbadditional_properties\u00bb:{},\u00bbcontent\u00bb:\u00bbEl cartel indica que <b>a\u00fan faltan artistas por sumarse<\/b>, por lo que el lineup podr\u00eda crecer en las pr\u00f3ximas semanas.\u00bb,\u00bbtype\u00bb:\u00bbtext\u00bb},{\u00ab_id\u00bb:\u00bbXUY6VFG7CRAZHBFJQ5WBZOKAKQ\u00bb,\u00bbadditional_properties\u00bb:{},\u00bbcontent\u00bb:\u00bb<b>Te puede interesar: <\/b><a href=\\\"https:\/\/www.elimparcial.com\/espectaculos\/2026\/01\/13\/carin-leon-lidera-la-lista-de-nominados-en-premio-lo-nuestro-2026-con-diez-nominaciones-como-votar-por-el-sonorense\/\\\" target=\\\"_blank\\\" rel=\\\"noreferrer\\\" title=\\\"https:\/\/www.elimparcial.com\/espectaculos\/2026\/01\/13\/carin-leon-lidera-la-lista-de-nominados-en-premio-lo-nuestro-2026-con-diez-nominaciones-como-votar-por-el-sonorense\/\\\"><b>Car\u00edn Le\u00f3n lidera la lista de nominados en Premio Lo Nuestro 2026 con diez nominaciones; \u00bfC\u00f3mo votar por el sonorense?<\/b><\/a>\u00ab,\u00bbtype\u00bb:\u00bbtext\u00bb},{\u00ab_id\u00bb:\u00bbKSLR2ZGAKRCYPBYEKONDMKMOJ4&#8243;,\u00bbadditional_properties\u00bb:{},\u00bbcontent\u00bb:\u00bb\u00bfD\u00f3nde y cu\u00e1ndo ser\u00e1 el festival?\u00bb,\u00bblevel\u00bb:2,\u00bbtype\u00bb:\u00bbheader\u00bb},{\u00ab_id\u00bb:\u00bbTXYDH5GBYBCB3KLBDA76G7ZB6I\u00bb,\u00bbitems\u00bb:[{\u00ab_id\u00bb:\u00bb5RU662ZQRNDSRFISH6ICLA5KQM\u00bb,\u00bbadditional_properties\u00bb:{\u00abindent\u00bb:0},\u00bbalignment\u00bb:\u00bbleft\u00bb,\u00bbcontent\u00bb:\u00bb\ud83d\udccd <b>Sede:<\/b> Expogan Hermosillo, Sonora\u00bb,\u00bbtype\u00bb:\u00bbtext\u00bb},{\u00ab_id\u00bb:\u00bbHYHB2Z5HSRBCXJXYHXYHBMX4FU\u00bb,\u00bbadditional_properties\u00bb:{\u00abindent\u00bb:0},\u00bbalignment\u00bb:\u00bbleft\u00bb,\u00bbcontent\u00bb:\u00bb\ud83d\udcc5 <b>Fechas:<\/b>\u00ab,\u00bbtype\u00bb:\u00bbtext\u00bb},{\u00ab_id\u00bb:\u00bbOCJAKGNB6RAMJFLV6ILKZ77J6A\u00bb,\u00bbadditional_properties\u00bb:{\u00abindent\u00bb:0},\u00bbalignment\u00bb:\u00bbleft\u00bb,\u00bbitems\u00bb:[{\u00ab_id\u00bb:\u00bbWFKAH7BU7ZG3FPVHZPNQ7Q2HVY\u00bb,\u00bbadditional_properties\u00bb:{\u00abindent\u00bb:1},\u00bbalignment\u00bb:\u00bbleft\u00bb,\u00bbcontent\u00bb:\u00bbS\u00e1bado 14 de marzo de 2026&#8243;,\u00bbtype\u00bb:\u00bbtext\u00bb},{\u00ab_id\u00bb:\u00bbIJUOCZMFH5E53OYNN4PXN2W4FI\u00bb,\u00bbadditional_properties\u00bb:{\u00abindent\u00bb:1},\u00bbalignment\u00bb:\u00bbleft\u00bb,\u00bbcontent\u00bb:\u00bbDomingo 15 de marzo de 2026&#8243;,\u00bbtype\u00bb:\u00bbtext\u00bb}],\u00bblist_type\u00bb:\u00bbunordered\u00bb,\u00bbtype\u00bb:\u00bblist\u00bb}],\u00bblist_type\u00bb:\u00bbunordered\u00bb,\u00bbtype\u00bb:\u00bblist\u00bb},{\u00ab_id\u00bb:\u00bbOUKSIGOOWVEB5KSSBDLV3IIEQM\u00bb,\u00bbadditional_properties\u00bb:{},\u00bbcontent\u00bb:\u00bbEl evento se realizar\u00e1 en formato de dos d\u00edas, con escenarios y producci\u00f3n de festival.\u00bb,\u00bbtype\u00bb:\u00bbtext\u00bb},{\u00ab_id\u00bb:\u00bb4AJC6KSMHZHJVHIIS3IF65W4VQ\u00bb,\u00bbadditional_properties\u00bb:{},\u00bbcontent\u00bb:\u00bbUn cartel que mezcla g\u00e9neros y p\u00fablicos\u00bb,\u00bblevel\u00bb:2,\u00bbtype\u00bb:\u00bbheader\u00bb},{\u00ab_id\u00bb:\u00bb3A5VYVN325EGDOERNXGCX4BQUY\u00bb,\u00bbadditional_properties\u00bb:{},\u00bbcontent\u00bb:\u00bbLa Cura Fest apuesta por una combinaci\u00f3n que incluye:\u00bb,\u00bbtype\u00bb:\u00bbtext\u00bb},{\u00ab_id\u00bb:\u00bbWPQOZNSBB5ELBGADHNYVZHTRYI\u00bb,\u00bbitems\u00bb:[{\u00ab_id\u00bb:\u00bbMV7JTPTXCVD3DFIZXJDL4FAW3U\u00bb,\u00bbadditional_properties\u00bb:{\u00abindent\u00bb:0},\u00bbalignment\u00bb:\u00bbleft\u00bb,\u00bbcontent\u00bb:\u00bbPop latino (Alejandro Sanz, Kany Garc\u00eda)\u00bb,\u00bbtype\u00bb:\u00bbtext\u00bb},{\u00ab_id\u00bb:\u00bbKHSZBLYUPJCQ7HVX3ITBBZ3OTE\u00bb,\u00bbadditional_properties\u00bb:{\u00abindent\u00bb:0},\u00bbalignment\u00bb:\u00bbleft\u00bb,\u00bbcontent\u00bb:\u00bbRegional y m\u00fasica mexicana (Car\u00edn Le\u00f3n, Grupo Frontera)\u00bb,\u00bbtype\u00bb:\u00bbtext\u00bb},{\u00ab_id\u00bb:\u00bbPHYX3OUT5NERFKADLVCFGIQNXI\u00bb,\u00bbadditional_properties\u00bb:{\u00abindent\u00bb:0},\u00bbalignment\u00bb:\u00bbleft\u00bb,\u00bbcontent\u00bb:\u00bbFolk y alternativo (Kevin Kaarl, Midland)\u00bb,\u00bbtype\u00bb:\u00bbtext\u00bb},{\u00ab_id\u00bb:\u00bbLJPT6OUCJJA5JIHJSDHHKDYEFY\u00bb,\u00bbadditional_properties\u00bb:{\u00abindent\u00bb:0},\u00bbalignment\u00bb:\u00bbleft\u00bb,\u00bbcontent\u00bb:\u00bbCountry y sonidos estadounidenses (Jelly Roll)\u00bb,\u00bbtype\u00bb:\u00bbtext\u00bb}],\u00bblist_type\u00bb:\u00bbunordered\u00bb,\u00bbtype\u00bb:\u00bblist\u00bb},{\u00ab_id\u00bb:\u00bb5LV3LTWI45DLXNH3FBULB25BBE\u00bb,\u00bbadditional_properties\u00bb:{},\u00bbcontent\u00bb:\u00bbEsto ampl\u00eda el rango de p\u00fablico y convierte al festival en una propuesta que va m\u00e1s all\u00e1 de un solo g\u00e9nero.\u00bb,\u00bbtype\u00bb:\u00bbtext\u00bb},{\u00ab_id\u00bb:\u00bbDSMK7HMVKZHENHMCDO7NWPHVTA\u00bb,\u00bbadditional_properties\u00bb:{},\u00bbcontent\u00bb:\u00bbHermosillo, sede de un festival en crecimiento\u00bb,\u00bblevel\u00bb:2,\u00bbtype\u00bb:\u00bbheader\u00bb},{\u00ab_id\u00bb:\u00bb4HH5NWUGIJHTTIB7ZI2PBKSSYM\u00bb,\u00bbadditional_properties\u00bb:{},\u00bbcontent\u00bb:\u00bbEl festival, impulsado por el propio <b>Car\u00edn Le\u00f3n<\/b>, se ha posicionado como uno de los eventos musicales m\u00e1s importantes en Sonora. La elecci\u00f3n de Hermosillo como sede refuerza el papel de la ciudad como punto clave para conciertos y festivales de gran formato.\u00bb,\u00bbtype\u00bb:\u00bbtext\u00bb},{\u00ab_id\u00bb:\u00bbRINUM7AYPNDKXMYVUIHB3BH5DI\u00bb,\u00bbadditional_properties\u00bb:{},\u00bbcontent\u00bb:\u00bbLa presencia de artistas internacionales y figuras consolidadas del pop y regional mexicano confirma la intenci\u00f3n de La Cura Fest de competir a nivel nacional.\u00bb,\u00bbtype\u00bb:\u00bbtext\u00bb},{\u00ab_id\u00bb:\u00bbA47Z3SYQYRAKFBFLPE7LAFBOLU\u00bb,\u00bbadditional_properties\u00bb:{},\u00bbcontent\u00bb:\u00bb\u00bfQu\u00e9 se sabe sobre boletos?\u00bb,\u00bblevel\u00bb:2,\u00bbtype\u00bb:\u00bbheader\u00bb},{\u00ab_id\u00bb:\u00bb3C2LBSSAXJEHFH45MNEZWZ3N6A\u00bb,\u00bbadditional_properties\u00bb:{},\u00bbcontent\u00bb:\u00bbEn el cartel se indica que los boletos estar\u00e1n disponibles a trav\u00e9s de plataformas oficiales de venta y taquillas autorizadas. Hasta ahora, la organizaci\u00f3n no ha detallado precios ni fases de venta, pero se espera que en los pr\u00f3ximos d\u00edas se anuncien:\u00bb,\u00bbtype\u00bb:\u00bbtext\u00bb},{\u00ab_id\u00bb:\u00bbKZ3HLJHP5FGTXI7RLFSKMXEO5U\u00bb,\u00bbitems\u00bb:[{\u00ab_id\u00bb:\u00bb7HLEEASZS5AFVHLE2A6Z5TPAWU\u00bb,\u00bbadditional_properties\u00bb:{\u00abindent\u00bb:0},\u00bbalignment\u00bb:\u00bbleft\u00bb,\u00bbcontent\u00bb:\u00bbCostos por zona\u00bb,\u00bbtype\u00bb:\u00bbtext\u00bb},{\u00ab_id\u00bb:\u00bb2FHW2XSYQ5EATNWAB37DHVH7SE\u00bb,\u00bbadditional_properties\u00bb:{\u00abindent\u00bb:0},\u00bbalignment\u00bb:\u00bbleft\u00bb,\u00bbcontent\u00bb:\u00bbAbonos y boletos por d\u00eda\u00bb,\u00bbtype\u00bb:\u00bbtext\u00bb},{\u00ab_id\u00bb:\u00bb3OB2IGOCPRGUFKBR4WYPHV4KHM\u00bb,\u00bbadditional_properties\u00bb:{\u00abindent\u00bb:0},\u00bbalignment\u00bb:\u00bbleft\u00bb,\u00bbcontent\u00bb:\u00bbPosibles preventas\u00bb,\u00bbtype\u00bb:\u00bbtext\u00bb},{\u00ab_id\u00bb:\u00bbI57SJPOCDJAWTJGQFXQPTNVARI\u00bb,\u00bbadditional_properties\u00bb:{\u00abindent\u00bb:0},\u00bbalignment\u00bb:\u00bbleft\u00bb,\u00bbcontent\u00bb:\u00bbBeneficios VIP\u00bb,\u00bbtype\u00bb:\u00bbtext\u00bb}],\u00bblist_type\u00bb:\u00bbunordered\u00bb,\u00bbtype\u00bb:\u00bblist\u00bb},{\u00ab_id\u00bb:\u00bbFCJMS2DKAVFVDIP37LD5OHQGXQ\u00bb,\u00bbadditional_properties\u00bb:{},\u00bbcontent\u00bb:\u00bbLo que sigue\u00bb,\u00bblevel\u00bb:2,\u00bbtype\u00bb:\u00bbheader\u00bb},{\u00ab_id\u00bb:\u00bbSKQ6ND3M4FGFHHROFPY3WIRRUE\u00bb,\u00bbadditional_properties\u00bb:{},\u00bbcontent\u00bb:\u00bbAdem\u00e1s de la venta de boletos, el festival todav\u00eda debe confirmar:\u00bb,\u00bbtype\u00bb:\u00bbtext\u00bb},{\u00ab_id\u00bb:\u00bbH3U4IHFOVBH25B4T5QW6QTW6UM\u00bb,\u00bbitems\u00bb:[{\u00ab_id\u00bb:\u00bbRE5VERA6HZHS3NKTPLEBRCIP5E\u00bb,\u00bbadditional_properties\u00bb:{\u00abindent\u00bb:0},\u00bbalignment\u00bb:\u00bbleft\u00bb,\u00bbcontent\u00bb:\u00bbArtistas sorpresa\u00bb,\u00bbtype\u00bb:\u00bbtext\u00bb},{\u00ab_id\u00bb:\u00bbKMKSQYQP4VCOFGYRNNCYR2UZXU\u00bb,\u00bbadditional_properties\u00bb:{\u00abindent\u00bb:0},\u00bbalignment\u00bb:\u00bbleft\u00bb,\u00bbcontent\u00bb:\u00bbDistribuci\u00f3n de escenarios\u00bb,\u00bbtype\u00bb:\u00bbtext\u00bb},{\u00ab_id\u00bb:\u00bb5I2CSWNSZNGDROM6EQGB6MAIBM\u00bb,\u00bbadditional_properties\u00bb:{\u00abindent\u00bb:0},\u00bbalignment\u00bb:\u00bbleft\u00bb,\u00bbcontent\u00bb:\u00bbHorarios por d\u00eda\u00bb,\u00bbtype\u00bb:\u00bbtext\u00bb},{\u00ab_id\u00bb:\u00bbYQ3NXO3YT5DYJHDQJFI3KXJYCI\u00bb,\u00bbadditional_properties\u00bb:{\u00abindent\u00bb:0},\u00bbalignment\u00bb:\u00bbleft\u00bb,\u00bbcontent\u00bb:\u00bbActividades alternas\u00bb,\u00bbtype\u00bb:\u00bbtext\u00bb}],\u00bblist_type\u00bb:\u00bbunordered\u00bb,\u00bbtype\u00bb:\u00bblist\u00bb},{\u00ab_id\u00bb:\u00bbGYM6GU6TP5BLXGMDFIGIR5NCLQ\u00bb,\u00bbadditional_properties\u00bb:{},\u00bbcontent\u00bb:\u00bbTodo apunta a que en las siguientes semanas se liberen m\u00e1s anuncios.\u00bb,\u00bbtype\u00bb:\u00bbtext\u00bb},{\u00ab_id\u00bb:\u00bbFAJNI5LCANFQDEWB3BIOXXVLSI\u00bb,\u00bbadditional_properties\u00bb:{},\u00bbcontent\u00bb:\u00bbLa Cura Fest 2026 ya tiene cartel base.Ser\u00e1n dos d\u00edas de m\u00fasica en Hermosillo con Alejandro Sanz y Car\u00edn Le\u00f3n como ejes del festival, acompa\u00f1ados por artistas que conectan distintos estilos y p\u00fablicos.El evento se realizar\u00e1 el 14 y 15 de marzo en Expogan.\u00bb,\u00bbtype\u00bb:\u00bbtext\u00bb}],\u00bbcreated_date\u00bb:\u00bb2026-01-15T17:14:32.848Z\u00bb,\u00bbcredits\u00bb:{\u00abby\u00bb:[{\u00ab_id\u00bb:\u00bbgrenteria\u00bb,\u00bbtype\u00bb:\u00bbauthor\u00bb,\u00bbversion\u00bb:\u00bb0.5.8&#8243;,\u00bbname\u00bb:\u00bbLizeth Renteria\u00bb,\u00bbimage\u00bb:{\u00aburl\u00bb:\u00bbhttps:\/\/author-service-images-prod-us-east-1.publishing.aws.arc.pub\/elimparcial\/6d5112d6-d8e2-43c4-9522-395713b99b29.png\u00bb,\u00bbversion\u00bb:\u00bb0.5.8&#8243;},\u00bbdescription\u00bb:\u00bbEditora Web\u00bb,\u00bburl\u00bb:\u00bb\/people\/lizeth-renteria\u00bb,\u00bbslug\u00bb:\u00bblizeth-renteria\u00bb,\u00bbsocial_links\u00bb:[{\u00absite\u00bb:\u00bbemail\u00bb,\u00bburl\u00bb:\u00bbgrenteria@elimparcial.com\u00bb}],\u00bbsocialLinks\u00bb:[{\u00absite\u00bb:\u00bbemail\u00bb,\u00bburl\u00bb:\u00bbgrenteria@elimparcial.com\u00bb,\u00bbdeprecated\u00bb:true,\u00bbdeprecation_msg\u00bb:\u00bbPlease use social_links.\u00bb}],\u00bbadditional_properties\u00bb:{\u00aboriginal\u00bb:{\u00ab_id\u00bb:\u00bbgrenteria\u00bb,\u00bbslug\u00bb:\u00bblizeth-renteria\u00bb,\u00bbbyline\u00bb:\u00bbLizeth Renteria\u00bb,\u00bbfirstName\u00bb:\u00bbLizeth\u00bb,\u00bblastName\u00bb:\u00bbRenteria\u00bb,\u00bbemail\u00bb:\u00bbgrenteria@elimparcial.com\u00bb,\u00bbbio_page\u00bb:\u00bb\/people\/lizeth-renteria\u00bb,\u00bblast_updated_date\u00bb:\u00bb2025-02-18T18:12:05.798Z\u00bb,\u00bbbooks\u00bb:[],\u00bbpodcasts\u00bb:[],\u00bbeducation\u00bb:[],\u00bbawards\u00bb:[],\u00bbimage\u00bb:\u00bbhttps:\/\/author-service-images-prod-us-east-1.publishing.aws.arc.pub\/elimparcial\/6d5112d6-d8e2-43c4-9522-395713b99b29.png\u00bb,\u00bbrole\u00bb:\u00bbEditora Web\u00bb,\u00bblongBio\u00bb:\u00bbEditora web y licenciada en Ciencias de la Comunicaci\u00f3n. Egresada de la Universidad de Sonora, cuento con 12 a\u00f1os de experiencia en medios de comunicaci\u00f3n en donde he fungido como reportera, conductora, editora de video, asistente de producci\u00f3n, asistente de noticias, community manager, creadora de contenido y actualmente editora web en Grupo Healy.\u00bb,\u00bbbio\u00bb:\u00bbEditora Web\u00bb}}}]},\u00bbdescription\u00bb:{\u00abbasic\u00bb:\u00bbEl festival La Cura Fest by Car\u00edn Le\u00f3n confirm\u00f3 su lineup para marzo en Hermosillo, con dos d\u00edas de conciertos que combinan pop, regional mexicano y folk latino.\u00bb},\u00bbdisplay_date\u00bb:\u00bb2026-01-15T17:27:08.821Z\u00bb,\u00bbdistributor\u00bb:{\u00abcategory\u00bb:\u00bbstaff\u00bb,\u00bbname\u00bb:\u00bbelimparcial\u00bb,\u00bbsubcategory\u00bb:\u00bb\u00bb},\u00bbfirst_publish_date\u00bb:\u00bb2026-01-15T17:27:08.821Z\u00bb,\u00bbheadlines\u00bb:{\u00abbasic\u00bb:\u00bbRevelan cartel oficial de La Cura Fest 2026 en Hermosillo: Alejandro Sanz, Car\u00edn Le\u00f3n, Kany Garc\u00eda, Kevin Kaarl y m\u00e1s\u00bb,\u00bbmeta_title\u00bb:\u00bb\u00bb,\u00bbmobile\u00bb:\u00bb\u00bb,\u00bbnative\u00bb:\u00bb\u00bb,\u00bbprint\u00bb:\u00bb\u00bb,\u00bbtablet\u00bb:\u00bb\u00bb,\u00bbweb\u00bb:\u00bb\u00bb},\u00bblast_updated_date\u00bb:\u00bb2026-01-15T17:28:27.838Z\u00bb,\u00bbowner\u00bb:{\u00abid\u00bb:\u00bbelimparcial\u00bb,\u00bbsponsored\u00bb:false},\u00bbplanning\u00bb:{\u00abstory_length\u00bb:{\u00abcharacter_count_actual\u00bb:3063,\u00bbinch_count_actual\u00bb:9,\u00bbline_count_actual\u00bb:57,\u00bbword_count_actual\u00bb:518}},\u00bbpromo_items\u00bb:{\u00abbasic\u00bb:{\u00ab_id\u00bb:\u00bbGEOIVPYUU5FKPNWKJUUPHAKQGQ\u00bb,\u00bbadditional_properties\u00bb:{\u00abfullSizeResizeUrl\u00bb:\u00bb\/resizer\/v2\/GEOIVPYUU5FKPNWKJUUPHAKQGQ.jpg?auth=3cd5ecd006c3980de9a44d90f4875293a45ceaf6c36f00abd79911d17de1a193&#8243;,\u00bbgalleries\u00bb:[],\u00bbingestionMethod\u00bb:\u00bbmanual\u00bb,\u00bbmime_type\u00bb:\u00bbimage\/jpeg\u00bb,\u00bboriginalName\u00bb:\u00bb\u00bfAs\u00ed hablan en Hermosillo (51).jpg\u00bb,\u00bboriginalUrl\u00bb:\u00bbhttps:\/\/cloudfront-us-east-1.images.arcpublishing.com\/elimparcial\/GEOIVPYUU5FKPNWKJUUPHAKQGQ.jpg\u00bb,\u00bbproxyUrl\u00bb:\u00bb\/resizer\/v2\/GEOIVPYUU5FKPNWKJUUPHAKQGQ.jpg?auth=3cd5ecd006c3980de9a44d90f4875293a45ceaf6c36f00abd79911d17de1a193&#8243;,\u00bbpublished\u00bb:true,\u00bbresizeUrl\u00bb:\u00bb\/resizer\/v2\/GEOIVPYUU5FKPNWKJUUPHAKQGQ.jpg?auth=3cd5ecd006c3980de9a44d90f4875293a45ceaf6c36f00abd79911d17de1a193&#8243;,\u00bbrestricted\u00bb:false,\u00bbthumbnailResizeUrl\u00bb:\u00bb\/resizer\/v2\/GEOIVPYUU5FKPNWKJUUPHAKQGQ.jpg?auth=3cd5ecd006c3980de9a44d90f4875293a45ceaf6c36f00abd79911d17de1a193&#038;width=300&#8243;,\u00bbversion\u00bb:0,\u00bbtemplate_id\u00bb:1220},\u00bbaddress\u00bb:{},\u00bbauth\u00bb:{\u00ab2&#8243;:\u00bb3cd5ecd006c3980de9a44d90f4875293a45ceaf6c36f00abd79911d17de1a193&#8243;},\u00bbcaption\u00bb:\u00bbCartel oficial de La Cura Fest 2026, que se realizar\u00e1 el 14 y 15 de marzo en Expogan Hermosillo.\u00bb,\u00bbcreated_date\u00bb:\u00bb2026-01-15T17:26:58Z\u00bb,\u00bbcredits\u00bb:{\u00abaffiliation\u00bb:[]},\u00bbheight\u00bb:675,\u00bbimage_type\u00bb:\u00bbphotograph\u00bb,\u00bblast_updated_date\u00bb:\u00bb2026-01-15T17:26:58Z\u00bb,\u00bblicensable\u00bb:false,\u00bbowner\u00bb:{\u00abid\u00bb:\u00bbelimparcial\u00bb,\u00bbsponsored\u00bb:false},\u00bbsource\u00bb:{\u00abadditional_properties\u00bb:{\u00abeditor\u00bb:\u00bbphoto center\u00bb},\u00bbedit_url\u00bb:\u00bb\u00bb,\u00bbsystem\u00bb:\u00bbphoto center\u00bb},\u00bbsubtitle\u00bb:\u00bbCar\u00edn Le\u00f3n.\u00bb,\u00bbtaxonomy\u00bb:{\u00abassociated_tasks\u00bb:[]},\u00bbtype\u00bb:\u00bbimage\u00bb,\u00bburl\u00bb:\u00bbhttps:\/\/cloudfront-us-east-1.images.arcpublishing.com\/elimparcial\/GEOIVPYUU5FKPNWKJUUPHAKQGQ.jpg\u00bb,\u00bbversion\u00bb:\u00bb0.10.9&#8243;,\u00bbwidth\u00bb:1200,\u00bbsyndication\u00bb:{},\u00bbaspect\u00bb:\u00bb16\/9&#8243;,\u00bbmedia\u00bb:\u00bbei-simple-list\u00bb,\u00bbsmart\u00bb:true}},\u00bbpublish_date\u00bb:\u00bb2026-01-15T17:28:27.65Z\u00bb,\u00bbrelated_content\u00bb:{\u00abbasic\u00bb:[],\u00bbclonedChildren\u00bb:[],\u00bbclonedFromParent\u00bb:[]},\u00bbrevision\u00bb:{\u00abbranch\u00bb:\u00bbdefault\u00bb,\u00bbeditions\u00bb:[\u00abdefault\u00bb],\u00bbparent_id\u00bb:\u00bb5Q4SIB34HRGX7DYS7KTDMPWETY\u00bb,\u00bbpublished\u00bb:true,\u00bbrevision_id\u00bb:\u00bb2IVMUWEG6FD3HMU6RF5CTPYZVA\u00bb},\u00bbsource\u00bb:{\u00abname\u00bb:\u00bbelimparcial\u00bb,\u00bbsource_type\u00bb:\u00bbstaff\u00bb,\u00bbsystem\u00bb:\u00bbcomposer\u00bb},\u00bbsubheadlines\u00bb:{\u00abbasic\u00bb:\u00bbEl festival La Cura Fest by Car\u00edn Le\u00f3n confirm\u00f3 su lineup para marzo en Hermosillo, con dos d\u00edas de conciertos que combinan pop, regional mexicano y folk latino.\u00bb},\u00bbtaxonomy\u00bb:{\u00abprimary_section\u00bb:{\u00ab_id\u00bb:\u00bb\/espectaculos\u00bb,\u00bb_website\u00bb:\u00bbelimparcial\u00bb,\u00bbtype\u00bb:\u00bbsection\u00bb,\u00bbversion\u00bb:\u00bb0.6.0&#8243;,\u00bbname\u00bb:\u00bbEspect\u00e1culos\u00bb,\u00bbpath\u00bb:\u00bb\/espectaculos\u00bb,\u00bbparent_id\u00bb:\u00bbhttps:\/\/www.elimparcial.com\/\u00bb,\u00bbparent\u00bb:{\u00abdefault\u00bb:\u00bbhttps:\/\/www.elimparcial.com\/\u00bb},\u00bbadditional_properties\u00bb:{\u00aboriginal\u00bb:{\u00ab_id\u00bb:\u00bb\/espectaculos\u00bb,\u00bb_website\u00bb:\u00bbelimparcial\u00bb,\u00bbname\u00bb:\u00bbEspect\u00e1culos\u00bb,\u00bbinactive\u00bb:false,\u00bbancestors\u00bb:{\u00abcomposer-menu\u00bb:[\u00abhttps:\/\/www.elimparcial.com\/\u00bb],\u00bbdefault\u00bb:[\u00abhttps:\/\/www.elimparcial.com\/\u00bb]},\u00bbparent\u00bb:{\u00abdefault\u00bb:\u00bbhttps:\/\/www.elimparcial.com\/\u00bb,\u00bbcomposer-menu\u00bb:\u00bbhttps:\/\/www.elimparcial.com\/\u00bb},\u00bborder\u00bb:{\u00abcomposer-menu\u00bb:1009,\u00bbdefault\u00bb:1005},\u00bbnode_type\u00bb:\u00bbsection\u00bb}}},\u00bbprimary_site\u00bb:{\u00ab_id\u00bb:\u00bb\/espectaculos\u00bb,\u00bbtype\u00bb:\u00bbsite\u00bb,\u00bbversion\u00bb:\u00bb0.5.8&#8243;,\u00bbname\u00bb:\u00bbEspect\u00e1culos\u00bb,\u00bbpath\u00bb:\u00bb\/espectaculos\u00bb,\u00bbparent_id\u00bb:\u00bbhttps:\/\/www.elimparcial.com\/\u00bb,\u00bbadditional_properties\u00bb:{\u00aboriginal\u00bb:{\u00ab_id\u00bb:\u00bb\/espectaculos\u00bb,\u00bbname\u00bb:\u00bbEspect\u00e1culos\u00bb,\u00bbinactive\u00bb:false,\u00bbancestors\u00bb:{\u00abcomposer-menu\u00bb:[\u00abhttps:\/\/www.elimparcial.com\/\u00bb],\u00bbdefault\u00bb:[\u00abhttps:\/\/www.elimparcial.com\/\u00bb]},\u00bbparent\u00bb:{\u00abdefault\u00bb:\u00bbhttps:\/\/www.elimparcial.com\/\u00bb,\u00bbcomposer-menu\u00bb:\u00bbhttps:\/\/www.elimparcial.com\/\u00bb},\u00bborder\u00bb:{\u00abcomposer-menu\u00bb:1009,\u00bbdefault\u00bb:1005}}}},\u00bbsections\u00bb:[{\u00ab_id\u00bb:\u00bb\/espectaculos\u00bb,\u00bb_website\u00bb:\u00bbelimparcial\u00bb,\u00bbtype\u00bb:\u00bbsection\u00bb,\u00bbversion\u00bb:\u00bb0.6.0&#8243;,\u00bbname\u00bb:\u00bbEspect\u00e1culos\u00bb,\u00bbpath\u00bb:\u00bb\/espectaculos\u00bb,\u00bbparent_id\u00bb:\u00bbhttps:\/\/www.elimparcial.com\/\u00bb,\u00bbparent\u00bb:{\u00abdefault\u00bb:\u00bbhttps:\/\/www.elimparcial.com\/\u00bb},\u00bbadditional_properties\u00bb:{\u00aboriginal\u00bb:{\u00ab_id\u00bb:\u00bb\/espectaculos\u00bb,\u00bb_website\u00bb:\u00bbelimparcial\u00bb,\u00bbname\u00bb:\u00bbEspect\u00e1culos\u00bb,\u00bbinactive\u00bb:false,\u00bbancestors\u00bb:{\u00abcomposer-menu\u00bb:[\u00abhttps:\/\/www.elimparcial.com\/\u00bb],\u00bbdefault\u00bb:[\u00abhttps:\/\/www.elimparcial.com\/\u00bb]},\u00bbparent\u00bb:{\u00abdefault\u00bb:\u00bbhttps:\/\/www.elimparcial.com\/\u00bb,\u00bbcomposer-menu\u00bb:\u00bbhttps:\/\/www.elimparcial.com\/\u00bb},\u00bborder\u00bb:{\u00abcomposer-menu\u00bb:1009,\u00bbdefault\u00bb:1005},\u00bbnode_type\u00bb:\u00bbsection\u00bb}},\u00bb_website_section_id\u00bb:\u00bbelimparcial.\/espectaculos\u00bb}],\u00bbsites\u00bb:[{\u00ab_id\u00bb:\u00bb\/espectaculos\u00bb,\u00bbtype\u00bb:\u00bbsite\u00bb,\u00bbversion\u00bb:\u00bb0.5.8&#8243;,\u00bbname\u00bb:\u00bbEspect\u00e1culos\u00bb,\u00bbpath\u00bb:\u00bb\/espectaculos\u00bb,\u00bbparent_id\u00bb:\u00bbhttps:\/\/www.elimparcial.com\/\u00bb,\u00bbadditional_properties\u00bb:{\u00aboriginal\u00bb:{\u00ab_id\u00bb:\u00bb\/espectaculos\u00bb,\u00bbname\u00bb:\u00bbEspect\u00e1culos\u00bb,\u00bbinactive\u00bb:false,\u00bbancestors\u00bb:{\u00abcomposer-menu\u00bb:[\u00abhttps:\/\/www.elimparcial.com\/\u00bb],\u00bbdefault\u00bb:[\u00abhttps:\/\/www.elimparcial.com\/\u00bb]},\u00bbparent\u00bb:{\u00abdefault\u00bb:\u00bbhttps:\/\/www.elimparcial.com\/\u00bb,\u00bbcomposer-menu\u00bb:\u00bbhttps:\/\/www.elimparcial.com\/\u00bb},\u00bborder\u00bb:{\u00abcomposer-menu\u00bb:1009,\u00bbdefault\u00bb:1005}}}}],\u00bbtags\u00bb:[{\u00ab_id\u00bb:\u00bbXDQBF2DKGJECTKETO735CD423Y\u00bb,\u00bbdescription\u00bb:\u00bbLa Cura Fest\u00bb,\u00bbslug\u00bb:\u00bbla-cura-fest\u00bb,\u00bbtext\u00bb:\u00bbLa Cura Fest\u00bb},{\u00ab_id\u00bb:\u00bb3NJCGGXZBREB7E4NB4PTOX6MRU\u00bb,\u00bbdescription\u00bb:\u00bbAlejandro Sanz\u00bb,\u00bbslug\u00bb:\u00bbalejandro-sanz\u00bb,\u00bbtext\u00bb:\u00bbAlejandro Sanz\u00bb},{\u00ab_id\u00bb:\u00bbAYYZ6BQAWRATBAABHDNC47PLDQ\u00bb,\u00bbdescription\u00bb:\u00bbCarin Leon\u00bb,\u00bbslug\u00bb:\u00bbcarin-leon\u00bb,\u00bbtext\u00bb:\u00bbCarin Leon\u00bb}]},\u00bbtype\u00bb:\u00bbstory\u00bb,\u00bbversion\u00bb:\u00bb0.10.11&#8243;,\u00bbwebsites\u00bb:{\u00abelimparcial\u00bb:{\u00abwebsite_section\u00bb:{\u00ab_id\u00bb:\u00bb\/espectaculos\u00bb,\u00bb_website\u00bb:\u00bbelimparcial\u00bb,\u00bbtype\u00bb:\u00bbsection\u00bb,\u00bbversion\u00bb:\u00bb0.6.0&#8243;,\u00bbname\u00bb:\u00bbEspect\u00e1culos\u00bb,\u00bbpath\u00bb:\u00bb\/espectaculos\u00bb,\u00bbparent_id\u00bb:\u00bbhttps:\/\/www.elimparcial.com\/\u00bb,\u00bbparent\u00bb:{\u00abdefault\u00bb:\u00bbhttps:\/\/www.elimparcial.com\/\u00bb},\u00bbadditional_properties\u00bb:{\u00aboriginal\u00bb:{\u00ab_id\u00bb:\u00bb\/espectaculos\u00bb,\u00bb_website\u00bb:\u00bbelimparcial\u00bb,\u00bbname\u00bb:\u00bbEspect\u00e1culos\u00bb,\u00bbinactive\u00bb:false,\u00bbancestors\u00bb:{\u00abcomposer-menu\u00bb:[\u00abhttps:\/\/www.elimparcial.com\/\u00bb],\u00bbdefault\u00bb:[\u00abhttps:\/\/www.elimparcial.com\/\u00bb]},\u00bbparent\u00bb:{\u00abdefault\u00bb:\u00bbhttps:\/\/www.elimparcial.com\/\u00bb,\u00bbcomposer-menu\u00bb:\u00bbhttps:\/\/www.elimparcial.com\/\u00bb},\u00bborder\u00bb:{\u00abcomposer-menu\u00bb:1009,\u00bbdefault\u00bb:1005},\u00bbnode_type\u00bb:\u00bbsection\u00bb}},\u00bb_website_section_id\u00bb:\u00bbelimparcial.\/espectaculos\u00bb},\u00bbwebsite_url\u00bb:\u00bbhttps:\/\/www.elimparcial.com\/espectaculos\/2026\/01\/15\/revelan-cartel-oficial-de-la-cura-fest-2026-en-hermosillo-alejandro-sanz-carin-leon-kany-garcia-kevin-kaarl-y-mas\/\u00bb}},\u00bbworkflow\u00bb:{\u00abstatus_code\u00bb:3},\u00bbcanonical_url\u00bb:\u00bbhttps:\/\/www.elimparcial.com\/espectaculos\/2026\/01\/15\/revelan-cartel-oficial-de-la-cura-fest-2026-en-hermosillo-alejandro-sanz-carin-leon-kany-garcia-kevin-kaarl-y-mas\/\u00bb,\u00bbpublishing\u00bb:{\u00abscheduled_operations\u00bb:{\u00abpublish_edition\u00bb:[],\u00bbunpublish_edition\u00bb:[]}},\u00bbwebsite\u00bb:\u00bbelimparcial\u00bb,\u00bbwebsite_url\u00bb:\u00bbhttps:\/\/www.elimparcial.com\/espectaculos\/2026\/01\/15\/revelan-cartel-oficial-de-la-cura-fest-2026-en-hermosillo-alejandro-sanz-carin-leon-kany-garcia-kevin-kaarl-y-mas\/\u00bb},{\u00ab_id\u00bb:\u00bbGERMTRQZMRFZZP5E7INNROB4II\u00bb,\u00bbadditional_properties\u00bb:{\u00abhas_published_copy\u00bb:true,\u00bbis_published\u00bb:true,\u00bbpublish_date\u00bb:\u00bb2026-01-17T02:13:41.67Z\u00bb},\u00bbcanonical_website\u00bb:\u00bbelimparcial\u00bb,\u00bbcontent_elements\u00bb:[{\u00ab_id\u00bb:\u00bbMDL6YVREAVFXNITJN2ZM3S22EQ\u00bb,\u00bbadditional_properties\u00bb:{},\u00bbcontent\u00bb:\u00bbEl ajuste anual de la <a href=\\\"https:\/\/www.elimparcial.com\/mexico\/2026\/01\/12\/por-que-debes-realizar-tus-tramites-vehiculares-antes-del-1-de-febrero-asi-es-como-el-nuevo-valor-de-la-uma-en-2026-aumentara-el-costo-de-licencias-placas-y-multas-en-todo-mexico\/\\\" target=\\\"_self\\\" rel=\\\"\\\" title=\\\"https:\/\/www.elimparcial.com\/mexico\/2026\/01\/12\/por-que-debes-realizar-tus-tramites-vehiculares-antes-del-1-de-febrero-asi-es-como-el-nuevo-valor-de-la-uma-en-2026-aumentara-el-costo-de-licencias-placas-y-multas-en-todo-mexico\/\\\"><b>Unidad de Medida y Actualizaci\u00f3n (UMA) <\/b><\/a>para 2026 ya fue dado a conocer y tiene efectos directos en distintos tr\u00e1mites y pagos oficiales, entre ellos, el c\u00e1lculo de algunas pensiones del <a href=\\\"https:\/\/www.elimparcial.com\/dinero\/2026\/01\/16\/es-oficial-la-scjn-pone-fin-al-cobro-doble-de-pensionados-del-imss\/\\\" target=\\\"_self\\\" rel=\\\"\\\" title=\\\"https:\/\/www.elimparcial.com\/dinero\/2026\/01\/16\/es-oficial-la-scjn-pone-fin-al-cobro-doble-de-pensionados-del-imss\/\\\"><b>Instituto Mexicano del Seguro Social (IMSS)<\/b><\/a>. \u00ab,\u00bbtype\u00bb:\u00bbtext\u00bb},{\u00ab_id\u00bb:\u00bbK5C74BLIDBBNDCJVT7SCYGZKWE\u00bb,\u00bbadditional_properties\u00bb:{},\u00bbcontent\u00bb:\u00bbEn particular, el impacto es relevante para quienes est\u00e1n pensionados o buscan pensionarse bajo la llamada <b>Modalidad 40<\/b>, una opci\u00f3n que permite elevar el monto mensual mediante aportaciones voluntarias.\u00bb,\u00bbtype\u00bb:\u00bbtext\u00bb},{\u00ab_id\u00bb:\u00bbH4SGLIHKJBDHZNJRMKWT7NKLMM\u00bb,\u00bbadditional_properties\u00bb:{},\u00bbcontent\u00bb:\u00bbLa actualizaci\u00f3n fue informada por el Instituto Nacional de Estad\u00edstica y Geograf\u00eda (INEGI), organismo encargado de fijar cada a\u00f1o el valor de la UMA con base en la inflaci\u00f3n medida a trav\u00e9s del \u00cdndice Nacional de Precios al Consumidor, de acuerdo con la normatividad vigente.\u00bb,\u00bbtype\u00bb:\u00bbtext\u00bb},{\u00ab_id\u00bb:\u00bbGPVGDJV745DKVMKNUWMUJBWNU4&#8243;,\u00bbadditional_properties\u00bb:{},\u00bbcontent\u00bb:\u00bb\u00bfCu\u00e1l es el valor de la UMA en 2026?\u00bb,\u00bblevel\u00bb:3,\u00bbtype\u00bb:\u00bbheader\u00bb},{\u00ab_id\u00bb:\u00bbXSKRNZFLLFBYPG7UFI4H3XWNM4&#8243;,\u00bbadditional_properties\u00bb:{},\u00bbcontent\u00bb:\u00bbPara 2026, el INEGI estableci\u00f3 la Unidad de Medida y Actualizaci\u00f3n en los siguientes montos oficiales:\u00bb,\u00bbtype\u00bb:\u00bbtext\u00bb},{\u00ab_id\u00bb:\u00bb45DNLR6C3VGCXB7N7OKCWWNU5Y\u00bb,\u00bbitems\u00bb:[{\u00ab_id\u00bb:\u00bbODERCLDYG5G63NRIURI5YFLLB4&#8243;,\u00bbadditional_properties\u00bb:{\u00abindent\u00bb:0},\u00bbalignment\u00bb:\u00bbleft\u00bb,\u00bbcontent\u00bb:\u00bb<b>117.31 pesos diarios<\/b>\u00ab,\u00bbtype\u00bb:\u00bbtext\u00bb},{\u00ab_id\u00bb:\u00bbWKCKACO3UNCJXD4WUAB7PDRJEI\u00bb,\u00bbadditional_properties\u00bb:{\u00abindent\u00bb:0},\u00bbalignment\u00bb:\u00bbleft\u00bb,\u00bbcontent\u00bb:\u00bb<b>3,356.22 pesos mensuales<\/b>\u00ab,\u00bbtype\u00bb:\u00bbtext\u00bb},{\u00ab_id\u00bb:\u00bbENM3LXIAKFCDPN3ZAXVY72E66A\u00bb,\u00bbadditional_properties\u00bb:{\u00abindent\u00bb:0},\u00bbalignment\u00bb:\u00bbleft\u00bb,\u00bbcontent\u00bb:\u00bb<b>42,794.64 pesos anuales<\/b>\u00ab,\u00bbtype\u00bb:\u00bbtext\u00bb}],\u00bblist_type\u00bb:\u00bbunordered\u00bb,\u00bbtype\u00bb:\u00bblist\u00bb},{\u00ab_id\u00bb:\u00bbAXSDGJ26CRFILOSIKIN4AWMCCI\u00bb,\u00bbadditional_properties\u00bb:{},\u00bbcontent\u00bb:\u00bbEste indicador se utiliza como referencia para el c\u00e1lculo de multas, cr\u00e9ditos, obligaciones fiscales y, en ciertos casos, pensiones del IMSS. Su incremento anual tiene como objetivo reflejar la variaci\u00f3n de precios y evitar la p\u00e9rdida del poder adquisitivo.\u00bb,\u00bbtype\u00bb:\u00bbtext\u00bb},{\u00ab_id\u00bb:\u00bbR3ZFWRHD4FDQNMBKRLCTHAVE4A\u00bb,\u00bbadditional_properties\u00bb:{},\u00bbcontent\u00bb:\u00bb\u00bfPor qu\u00e9 la UMA influye en las pensiones del IMSS?\u00bb,\u00bblevel\u00bb:3,\u00bbtype\u00bb:\u00bbheader\u00bb},{\u00ab_id\u00bb:\u00bbG7CFQBUVZNGIBLRQWTYEHODFJU\u00bb,\u00bbadditional_properties\u00bb:{},\u00bbcontent\u00bb:\u00bbEl valor de la UMA impacta directamente a las pensiones calculadas bajo el <b>R\u00e9gimen 73 del IMSS<\/b>, especialmente en la <a href=\\\"https:\/\/www.elimparcial.com\/mexico\/2025\/12\/19\/imss-cambia-la-modalidad-40-en-2026-costara-mas-mejorar-la-pension\/\\\" target=\\\"_self\\\" rel=\\\"\\\" title=\\\"https:\/\/www.elimparcial.com\/mexico\/2025\/12\/19\/imss-cambia-la-modalidad-40-en-2026-costara-mas-mejorar-la-pension\/\\\"><b>Modalidad 40<\/b><\/a>, ya que el salario base de cotizaci\u00f3n permitido tiene un tope m\u00e1ximo expresado en UMAS.\u00bb,\u00bbtype\u00bb:\u00bbtext\u00bb},{\u00ab_id\u00bb:\u00bbGHCVDYOKFJHEDKJ2AJFEG5JBKA\u00bb,\u00bbadditional_properties\u00bb:{},\u00bbcontent\u00bb:\u00bbDe acuerdo con la normativa del instituto, el salario con el que se puede cotizar bajo esta modalidad no puede exceder el equivalente a <b>25 UMAS<\/b>. \u00ab,\u00bbtype\u00bb:\u00bbtext\u00bb},{\u00ab_id\u00bb:\u00bbJEWPWHHPEVHBHGTJJLOJJVTZOQ\u00bb,\u00bbadditional_properties\u00bb:{},\u00bbcontent\u00bb:\u00bbCon el nuevo valor aprobado para 2026, este l\u00edmite se actualiza de forma autom\u00e1tica, lo que modifica tanto las aportaciones como el posible monto de la pensi\u00f3n.\u00bb,\u00bbtype\u00bb:\u00bbtext\u00bb},{\u00ab_id\u00bb:\u00bbX4SSLJZ6ABHULPHBTUMXOFO25A\u00bb,\u00bbadditional_properties\u00bb:{},\u00bbcontent\u00bb:\u00bb<b>Te puede interesar: <\/b><a href=\\\"https:\/\/www.elimparcial.com\/dinero\/2026\/01\/14\/las-dos-formas-de-aumentar-tu-pension-imss-a-partir-de-febrero-no-es-necesario-hacer-aportaciones-adicionales\/\\\" target=\\\"_self\\\" rel=\\\"\\\" title=\\\"https:\/\/www.elimparcial.com\/dinero\/2026\/01\/14\/las-dos-formas-de-aumentar-tu-pension-imss-a-partir-de-febrero-no-es-necesario-hacer-aportaciones-adicionales\/\\\"><b>Las dos formas de aumentar tu pensi\u00f3n IMSS, a partir de febrero; no es necesario hacer aportaciones adicionales<\/b><\/a>\u00ab,\u00bbtype\u00bb:\u00bbtext\u00bb},{\u00ab_id\u00bb:\u00bbFFE4ZGSLU5BD3EIHMORQL63ETY\u00bb,\u00bbadditional_properties\u00bb:{\u00abfullSizeResizeUrl\u00bb:\u00bb\/resizer\/v2\/FFE4ZGSLU5BD3EIHMORQL63ETY.jpg?auth=08c2b8949149b4fac1e42e8159716122caa2e1f82629e1ffa4c3a0125b1f1dcd\u00bb,\u00bbgalleries\u00bb:[],\u00bbingestionMethod\u00bb:\u00bbmanual\u00bb,\u00bbmime_type\u00bb:\u00bbimage\/jpeg\u00bb,\u00bboriginalName\u00bb:\u00bbi (32).jpg\u00bb,\u00bboriginalUrl\u00bb:\u00bbhttps:\/\/cloudfront-us-east-1.images.arcpublishing.com\/elimparcial\/FFE4ZGSLU5BD3EIHMORQL63ETY.jpg\u00bb,\u00bbproxyUrl\u00bb:\u00bb\/resizer\/v2\/FFE4ZGSLU5BD3EIHMORQL63ETY.jpg?auth=08c2b8949149b4fac1e42e8159716122caa2e1f82629e1ffa4c3a0125b1f1dcd\u00bb,\u00bbpublished\u00bb:true,\u00bbresizeUrl\u00bb:\u00bb\/resizer\/v2\/FFE4ZGSLU5BD3EIHMORQL63ETY.jpg?auth=08c2b8949149b4fac1e42e8159716122caa2e1f82629e1ffa4c3a0125b1f1dcd\u00bb,\u00bbrestricted\u00bb:false,\u00bbthumbnailResizeUrl\u00bb:\u00bb\/resizer\/v2\/FFE4ZGSLU5BD3EIHMORQL63ETY.jpg?auth=08c2b8949149b4fac1e42e8159716122caa2e1f82629e1ffa4c3a0125b1f1dcd&#038;width=300&#8243;,\u00bbversion\u00bb:0,\u00bbtemplate_id\u00bb:1220},\u00bbaddress\u00bb:{},\u00bbalt_text\u00bb:\u00bbEl IMSS confirm\u00f3 ajustes en la Modalidad 40, un esquema clave de la Ley 73 que permitir\u00e1 mejorar la pensi\u00f3n, pero con cuotas m\u00e1s altas a partir del pr\u00f3ximo a\u00f1o\u00bb,\u00bbauth\u00bb:{\u00ab2&#8243;:\u00bb08c2b8949149b4fac1e42e8159716122caa2e1f82629e1ffa4c3a0125b1f1dcd\u00bb},\u00bbcaption\u00bb:\u00bbEl IMSS confirm\u00f3 ajustes en la Modalidad 40, un esquema clave de la Ley 73 que permitir\u00e1 mejorar la pensi\u00f3n, pero con cuotas m\u00e1s altas a partir del pr\u00f3ximo a\u00f1o\u00bb,\u00bbcreated_date\u00bb:\u00bb2025-12-19T05:04:33Z\u00bb,\u00bbcredits\u00bb:{\u00abaffiliation\u00bb:[]},\u00bbheight\u00bb:1080,\u00bbimage_type\u00bb:\u00bbphotograph\u00bb,\u00bblast_updated_date\u00bb:\u00bb2025-12-19T05:04:33Z\u00bb,\u00bblicensable\u00bb:false,\u00bbowner\u00bb:{\u00abid\u00bb:\u00bbelimparcial\u00bb,\u00bbsponsored\u00bb:false},\u00bbsource\u00bb:{\u00abadditional_properties\u00bb:{\u00abeditor\u00bb:\u00bbphoto center\u00bb},\u00bbedit_url\u00bb:\u00bb\u00bb,\u00bbsystem\u00bb:\u00bbphoto center\u00bb},\u00bbsubtitle\u00bb:\u00bbEl IMSS confirm\u00f3 ajustes en la Modalidad 40, un esquema clave de la Ley 73 que permitir\u00e1 mejorar la pensi\u00f3n, pero con cuotas m\u00e1s altas a partir del pr\u00f3ximo a\u00f1o\u00bb,\u00bbtaxonomy\u00bb:{\u00abassociated_tasks\u00bb:[]},\u00bbtype\u00bb:\u00bbimage\u00bb,\u00bburl\u00bb:\u00bbhttps:\/\/cloudfront-us-east-1.images.arcpublishing.com\/elimparcial\/FFE4ZGSLU5BD3EIHMORQL63ETY.jpg\u00bb,\u00bbversion\u00bb:\u00bb0.10.9&#8243;,\u00bbwidth\u00bb:1920,\u00bbsyndication\u00bb:{}},{\u00ab_id\u00bb:\u00bbVQNSWFN6YNAGVOELFMLNNY35FI\u00bb,\u00bbadditional_properties\u00bb:{},\u00bbcontent\u00bb:\u00bb\u00bfQu\u00e9 es la Modalidad 40 y qui\u00e9nes pueden acceder?\u00bb,\u00bblevel\u00bb:3,\u00bbtype\u00bb:\u00bbheader\u00bb},{\u00ab_id\u00bb:\u00bbGCR5A6MC4BGBDKAOA77KE5SQ4Q\u00bb,\u00bbadditional_properties\u00bb:{},\u00bbcontent\u00bb:\u00bb<b>La Modalidad 40<\/b>, oficialmente llamada Continuaci\u00f3n Voluntaria en el R\u00e9gimen Obligatorio, <b>permite seguir cotizando al IMSS despu\u00e9s de haber dejado un empleo formal<\/b>, con el objetivo de mejorar el promedio salarial y, con ello, la pensi\u00f3n futura.\u00bb,\u00bbtype\u00bb:\u00bbtext\u00bb},{\u00ab_id\u00bb:\u00bbY22I6QHC2JDUTNV4V5JFUTYR7Y\u00bb,\u00bbadditional_properties\u00bb:{},\u00bbcontent\u00bb:\u00bbPara inscribirse es necesario cumplir con los siguientes requisitos:\u00bb,\u00bbtype\u00bb:\u00bbtext\u00bb},{\u00ab_id\u00bb:\u00bbB77DDYWBMFDHZNA262VACOZMKU\u00bb,\u00bbitems\u00bb:[{\u00ab_id\u00bb:\u00bb7U4QOCBV2VASPFL2HNHXRUGPXM\u00bb,\u00bbadditional_properties\u00bb:{\u00abindent\u00bb:0},\u00bbalignment\u00bb:\u00bbleft\u00bb,\u00bbcontent\u00bb:\u00bbEstar registrado bajo el <b>R\u00e9gimen 73<\/b>\u00ab,\u00bbtype\u00bb:\u00bbtext\u00bb},{\u00ab_id\u00bb:\u00bb6XJRIFMRMRHAPGMYTR7DK74ZSE\u00bb,\u00bbadditional_properties\u00bb:{\u00abindent\u00bb:0},\u00bbalignment\u00bb:\u00bbleft\u00bb,\u00bbcontent\u00bb:\u00bbTener <b>al menos 500 semanas cotizadas<\/b>\u00ab,\u00bbtype\u00bb:\u00bbtext\u00bb},{\u00ab_id\u00bb:\u00bbVEE7D2WDIRECZLC6BO3WNJFZVI\u00bb,\u00bbadditional_properties\u00bb:{\u00abindent\u00bb:0},\u00bbalignment\u00bb:\u00bbleft\u00bb,\u00bbcontent\u00bb:\u00bbNo contar con un empleo activo como trabajador subordinado\u00bb,\u00bbtype\u00bb:\u00bbtext\u00bb},{\u00ab_id\u00bb:\u00bbYZSJMLEN6RHUDMZII5ZV6M2LD4&#8243;,\u00bbadditional_properties\u00bb:{\u00abindent\u00bb:0},\u00bbalignment\u00bb:\u00bbleft\u00bb,\u00bbcontent\u00bb:\u00bbHaber cotizado <b>53 semanas<\/b> dentro de los \u00faltimos cinco a\u00f1os\u00bb,\u00bbtype\u00bb:\u00bbtext\u00bb},{\u00ab_id\u00bb:\u00bbY4FXYWS5LRGFHJJFUDORO22VYE\u00bb,\u00bbadditional_properties\u00bb:{\u00abindent\u00bb:0},\u00bbalignment\u00bb:\u00bbleft\u00bb,\u00bbcontent\u00bb:\u00bbElegir un salario base igual o mayor al \u00faltimo registrado, sin rebasar el tope de 25 UMAS\u00bb,\u00bbtype\u00bb:\u00bbtext\u00bb}],\u00bblist_type\u00bb:\u00bbunordered\u00bb,\u00bbtype\u00bb:\u00bblist\u00bb},{\u00ab_id\u00bb:\u00bbFJ34ANWZCJE5HGJQHHOBXONSOY\u00bb,\u00bbadditional_properties\u00bb:{},\u00bbcontent\u00bb:\u00bbEl monto a pagar mensualmente depende del salario elegido y se recalcula conforme al valor vigente de la UMA.\u00bb,\u00bbtype\u00bb:\u00bbtext\u00bb},{\u00ab_id\u00bb:\u00bbOMWEP2DJNBFHJKBCUHBVZY7ZNE\u00bb,\u00bbadditional_properties\u00bb:{},\u00bbcontent\u00bb:\u00bb\u00bfCu\u00e1nto aumenta la pensi\u00f3n del IMSS en 2026?\u00bb,\u00bblevel\u00bb:3,\u00bbtype\u00bb:\u00bbheader\u00bb},{\u00ab_id\u00bb:\u00bbL2L2GY7OTZA5VEYJH42IAZCFHE\u00bb,\u00bbadditional_properties\u00bb:{},\u00bbcontent\u00bb:\u00bbSeg\u00fan lo establecido en la <a href=\\\"https:\/\/www.elimparcial.com\/mexico\/2025\/12\/19\/suprema-corte-cambia-la-ley-73-del-imss-asi-impacta-en-las-pensiones\/\\\" target=\\\"_self\\\" rel=\\\"\\\" title=\\\"https:\/\/www.elimparcial.com\/mexico\/2025\/12\/19\/suprema-corte-cambia-la-ley-73-del-imss-asi-impacta-en-las-pensiones\/\\\"><b>Ley del Seguro Social de 1973<\/b><\/a>, las pensiones deben actualizarse de manera anual. Para 2026, el incremento estimado se ubica entre <b>10,637.54 y 11,040.73 pesos mensuales<\/b>, dependiendo del monto base de cada pensi\u00f3n.\u00bb,\u00bbtype\u00bb:\u00bbtext\u00bb},{\u00ab_id\u00bb:\u00bb3F5FYREA2VBJTFDMHBWLGCTMUA\u00bb,\u00bbadditional_properties\u00bb:{},\u00bbcontent\u00bb:\u00bbEste ajuste considera un aumento aproximado del <b>13%<\/b>, adem\u00e1s del efecto inflacionario reflejado en la actualizaci\u00f3n de la UMA.\u00bb,\u00bbtype\u00bb:\u00bbtext\u00bb},{\u00ab_id\u00bb:\u00bbHS36ZL5KIBAABB7US5NROU3ANA\u00bb,\u00bbadditional_properties\u00bb:{},\u00bbcontent\u00bb:\u00bb El nuevo monto debe verse reflejado en el pago correspondiente a los primeros d\u00edas de febrero, conforme al calendario habitual del IMSS.\u00bb,\u00bbtype\u00bb:\u00bbtext\u00bb},{\u00ab_id\u00bb:\u00bbYEJKJKVA6JHR3INJJ3WVCEHKQM\u00bb,\u00bbadditional_properties\u00bb:{},\u00bbcontent\u00bb:\u00bb<b>Te puede interesar: <\/b><a href=\\\"https:\/\/www.elimparcial.com\/dinero\/2025\/11\/27\/listo-para-jubilarte-en-2026-descubre-las-diferencias-claves-de-la-ley-73-y-la-ley-97-del-imss\/\\\" target=\\\"_self\\\" rel=\\\"\\\" title=\\\"https:\/\/www.elimparcial.com\/dinero\/2025\/11\/27\/listo-para-jubilarte-en-2026-descubre-las-diferencias-claves-de-la-ley-73-y-la-ley-97-del-imss\/\\\"><b>\u00bfListo para jubilarte en 2026? Descubre las diferencias claves de la Ley 73 y la Ley 97 del IMSS<\/b><\/a>\u00ab,\u00bbtype\u00bb:\u00bbtext\u00bb},{\u00ab_id\u00bb:\u00bb5Y63JY6XMVHO7DG6D5UQXCN35U\u00bb,\u00bbadditional_properties\u00bb:{},\u00bbcontent\u00bb:\u00bb\u00bfQu\u00e9 deben hacer los pensionados ante este ajuste?\u00bb,\u00bblevel\u00bb:3,\u00bbtype\u00bb:\u00bbheader\u00bb},{\u00ab_id\u00bb:\u00bbGFO64CZODJAABHIT5CTEFC7ZT4&#8243;,\u00bbadditional_properties\u00bb:{},\u00bbcontent\u00bb:\u00bbPara quienes ya reciben una pensi\u00f3n del IMSS, es recomendable revisar el comprobante de pago del primer mes del a\u00f1o y verificar que el ajuste haya sido aplicado correctamente. \u00ab,\u00bbtype\u00bb:\u00bbtext\u00bb},{\u00ab_id\u00bb:\u00bbL3T4P5C6RZG4ZJCNJUOB67YMPU\u00bb,\u00bbadditional_properties\u00bb:{},\u00bbcontent\u00bb:\u00bbEn caso de inconsistencias, se puede solicitar informaci\u00f3n directamente al instituto.\u00bb,\u00bbtype\u00bb:\u00bbtext\u00bb},{\u00ab_id\u00bb:\u00bb73FP3G5TXBBRVIZULPQFQMUA3E\u00bb,\u00bbadditional_properties\u00bb:{},\u00bbcontent\u00bb:\u00bbEl nuevo valor de la UMA puede representar una diferencia relevante en el ingreso mensual durante 2026, sobre todo para quienes dependen de la pensi\u00f3n como principal fuente de recursos. \u00ab,\u00bbtype\u00bb:\u00bbtext\u00bb},{\u00ab_id\u00bb:\u00bbQ7P3ZH72OZARJEW2BAGTAE2DQA\u00bb,\u00bbadditional_properties\u00bb:{},\u00bbcontent\u00bb:\u00bbMantenerse informado sobre estos ajustes permite tomar decisiones oportunas y entender c\u00f3mo se calculan los pagos que se reciben.\u00bb,\u00bbtype\u00bb:\u00bbtext\u00bb}],\u00bbcreated_date\u00bb:\u00bb2026-01-17T01:29:16.253Z\u00bb,\u00bbcredits\u00bb:{\u00abby\u00bb:[{\u00ab_id\u00bb:\u00bbhchinchillas\u00bb,\u00bbtype\u00bb:\u00bbauthor\u00bb,\u00bbversion\u00bb:\u00bb0.5.8&#8243;,\u00bbname\u00bb:\u00bbH\u00e9ctor Chinchillas Ram\u00edrez\u00bb,\u00bbimage\u00bb:{\u00aburl\u00bb:\u00bbhttps:\/\/author-service-images-prod-us-east-1.publishing.aws.arc.pub\/elimparcial\/9c4244a3-2a34-4a3b-a318-9bb8bc84f07a.png\u00bb,\u00bbversion\u00bb:\u00bb0.5.8&#8243;},\u00bbdescription\u00bb:\u00bbReportero Web\u00bb,\u00bburl\u00bb:\u00bb\/people\/hector-chinchillas\u00bb,\u00bbslug\u00bb:\u00bbhector-chinchillas\u00bb,\u00bbsocial_links\u00bb:[{\u00absite\u00bb:\u00bbemail\u00bb,\u00bburl\u00bb:\u00bbhchinchillas@elimparcial.com\u00bb}],\u00bbsocialLinks\u00bb:[{\u00absite\u00bb:\u00bbemail\u00bb,\u00bburl\u00bb:\u00bbhchinchillas@elimparcial.com\u00bb,\u00bbdeprecated\u00bb:true,\u00bbdeprecation_msg\u00bb:\u00bbPlease use social_links.\u00bb}],\u00bbadditional_properties\u00bb:{\u00aboriginal\u00bb:{\u00ab_id\u00bb:\u00bbhchinchillas\u00bb,\u00bbfirstName\u00bb:\u00bbH\u00e9ctor\u00bb,\u00bblastName\u00bb:\u00bbChinchillas Ram\u00edrez\u00bb,\u00bbbyline\u00bb:\u00bbH\u00e9ctor Chinchillas Ram\u00edrez\u00bb,\u00bbrole\u00bb:\u00bbReportero Web\u00bb,\u00bbimage\u00bb:\u00bbhttps:\/\/author-service-images-prod-us-east-1.publishing.aws.arc.pub\/elimparcial\/9c4244a3-2a34-4a3b-a318-9bb8bc84f07a.png\u00bb,\u00bbemail\u00bb:\u00bbhchinchillas@elimparcial.com\u00bb,\u00bbaffiliations\u00bb:\u00bb\u00bb,\u00bbeducation\u00bb:[],\u00bbawards\u00bb:[],\u00bbbooks\u00bb:[],\u00bbpodcasts\u00bb:[],\u00bbbio_page\u00bb:\u00bb\/people\/hector-chinchillas\u00bb,\u00bbbio\u00bb:\u00bbReportero Web\u00bb,\u00bblongBio\u00bb:\u00bb\u00bb,\u00bbslug\u00bb:\u00bbhector-chinchillas\u00bb,\u00bbnative_app_rendering\u00bb:false,\u00bbfuzzy_match\u00bb:false,\u00bbcontributor\u00bb:false,\u00bbstatus\u00bb:true,\u00bblast_updated_date\u00bb:\u00bb2025-12-05T02:32:06.340Z\u00bb}}}]},\u00bbdescription\u00bb:{\u00abbasic\u00bb:\u00bbEl INEGI actualiz\u00f3 la Unidad de Medida y Actualizaci\u00f3n para 2026 y el nuevo valor impacta directamente en el c\u00e1lculo de algunas pensiones del IMSS, en especial las que se rigen por la Ley 73 y la Modalidad 40.\u00bb},\u00bbdisplay_date\u00bb:\u00bb2026-01-17T13:17:02.746Z\u00bb,\u00bbdistributor\u00bb:{\u00abcategory\u00bb:\u00bbstaff\u00bb,\u00bbname\u00bb:\u00bbelimparcial\u00bb,\u00bbsubcategory\u00bb:\u00bb\u00bb},\u00bbfirst_publish_date\u00bb:\u00bb2026-01-17T02:13:41.67Z\u00bb,\u00bbheadlines\u00bb:{\u00abbasic\u00bb:\u00bb\u00bfCu\u00e1nto sube tu pensi\u00f3n del IMSS en 2026 tras el aumento de la UMA y desde cu\u00e1ndo se refleja el ajuste?\u00bb,\u00bbmeta_title\u00bb:\u00bb\u00bb,\u00bbmobile\u00bb:\u00bb\u00bb,\u00bbnative\u00bb:\u00bb\u00bb,\u00bbprint\u00bb:\u00bb\u00bb,\u00bbtablet\u00bb:\u00bb\u00bb,\u00bbweb\u00bb:\u00bb\u00bb},\u00bblast_updated_date\u00bb:\u00bb2026-01-17T13:17:02.875Z\u00bb,\u00bbowner\u00bb:{\u00abid\u00bb:\u00bbelimparcial\u00bb,\u00bbsponsored\u00bb:false},\u00bbplanning\u00bb:{\u00abstory_length\u00bb:{\u00abcharacter_count_actual\u00bb:3927,\u00bbinch_count_actual\u00bb:6,\u00bbline_count_actual\u00bb:39,\u00bbword_count_actual\u00bb:638}},\u00bbpromo_items\u00bb:{\u00abbasic\u00bb:{\u00ab_id\u00bb:\u00bbUMAIRTEOJ5HDJEHKLRXZZ6FJEI\u00bb,\u00bbadditional_properties\u00bb:{\u00abfullSizeResizeUrl\u00bb:\u00bb\/resizer\/v2\/UMAIRTEOJ5HDJEHKLRXZZ6FJEI.png?auth=574751dc708a21e7b14fb3d992260931544bfba11fad8f4566194ab1beb322cd\u00bb,\u00bbgalleries\u00bb:[],\u00bbingestionMethod\u00bb:\u00bbmanual\u00bb,\u00bbmime_type\u00bb:\u00bbimage\/png\u00bb,\u00bboriginalName\u00bb:\u00bbIMSS AUMENTO UMAS.png\u00bb,\u00bboriginalUrl\u00bb:\u00bbhttps:\/\/cloudfront-us-east-1.images.arcpublishing.com\/elimparcial\/UMAIRTEOJ5HDJEHKLRXZZ6FJEI.png\u00bb,\u00bbproxyUrl\u00bb:\u00bb\/resizer\/v2\/UMAIRTEOJ5HDJEHKLRXZZ6FJEI.png?auth=574751dc708a21e7b14fb3d992260931544bfba11fad8f4566194ab1beb322cd\u00bb,\u00bbpublished\u00bb:true,\u00bbresizeUrl\u00bb:\u00bb\/resizer\/v2\/UMAIRTEOJ5HDJEHKLRXZZ6FJEI.png?auth=574751dc708a21e7b14fb3d992260931544bfba11fad8f4566194ab1beb322cd\u00bb,\u00bbrestricted\u00bb:false,\u00bbthumbnailResizeUrl\u00bb:\u00bb\/resizer\/v2\/UMAIRTEOJ5HDJEHKLRXZZ6FJEI.png?auth=574751dc708a21e7b14fb3d992260931544bfba11fad8f4566194ab1beb322cd&#038;width=300&#8243;,\u00bbversion\u00bb:0,\u00bbtemplate_id\u00bb:1220},\u00bbaddress\u00bb:{},\u00bbauth\u00bb:{\u00ab2&#8243;:\u00bb574751dc708a21e7b14fb3d992260931544bfba11fad8f4566194ab1beb322cd\u00bb},\u00bbcaption\u00bb:\u00bbEl nuevo valor de la UMA impacta el monto mensual de pensiones del IMSS. Foto: Pexels\/Gemini\/Canva\u00bb,\u00bbcreated_date\u00bb:\u00bb2026-01-17T02:13:28Z\u00bb,\u00bbcredits\u00bb:{\u00abaffiliation\u00bb:[]},\u00bbheight\u00bb:1080,\u00bbimage_type\u00bb:\u00bbphotograph\u00bb,\u00bblast_updated_date\u00bb:\u00bb2026-01-17T02:13:28Z\u00bb,\u00bblicensable\u00bb:false,\u00bbowner\u00bb:{\u00abid\u00bb:\u00bbelimparcial\u00bb,\u00bbsponsored\u00bb:false},\u00bbsource\u00bb:{\u00abadditional_properties\u00bb:{\u00abeditor\u00bb:\u00bbphoto center\u00bb},\u00bbedit_url\u00bb:\u00bb\u00bb,\u00bbsystem\u00bb:\u00bbphoto center\u00bb},\u00bbsubtitle\u00bb:\u00bb\u00bfCu\u00e1nto sube tu pensi\u00f3n del IMSS en 2026 tras el aumento de la UMA y desde cu\u00e1ndo se refleja el ajuste?\u00bb,\u00bbtaxonomy\u00bb:{\u00abassociated_tasks\u00bb:[]},\u00bbtype\u00bb:\u00bbimage\u00bb,\u00bburl\u00bb:\u00bbhttps:\/\/cloudfront-us-east-1.images.arcpublishing.com\/elimparcial\/UMAIRTEOJ5HDJEHKLRXZZ6FJEI.png\u00bb,\u00bbversion\u00bb:\u00bb0.10.9&#8243;,\u00bbwidth\u00bb:1620,\u00bbsyndication\u00bb:{},\u00bbaspect\u00bb:\u00bb16\/9&#8243;,\u00bbmedia\u00bb:\u00bbei-simple-list\u00bb,\u00bbsmart\u00bb:true}},\u00bbpublish_date\u00bb:\u00bb2026-01-17T13:17:02.746Z\u00bb,\u00bbrelated_content\u00bb:{\u00abbasic\u00bb:[],\u00bbclonedChildren\u00bb:[],\u00bbclonedFromParent\u00bb:[]},\u00bbrevision\u00bb:{\u00abbranch\u00bb:\u00bbdefault\u00bb,\u00bbeditions\u00bb:[\u00abdefault\u00bb],\u00bbparent_id\u00bb:\u00bbRCU7BHSE4NHVHFANUIA4Y625GM\u00bb,\u00bbpublished\u00bb:true,\u00bbrevision_id\u00bb:\u00bbEDGEOXS7VVCQXC7RQKHRW7MOZE\u00bb},\u00bbsource\u00bb:{\u00abname\u00bb:\u00bbelimparcial\u00bb,\u00bbsource_type\u00bb:\u00bbstaff\u00bb,\u00bbsystem\u00bb:\u00bbcomposer\u00bb},\u00bbsubheadlines\u00bb:{\u00abbasic\u00bb:\u00bbEl INEGI actualiz\u00f3 la Unidad de Medida y Actualizaci\u00f3n para 2026 y el nuevo valor impacta directamente en el c\u00e1lculo de algunas pensiones del IMSS, en especial las que se rigen por la Ley 73 y la Modalidad 40.\u00bb},\u00bbtaxonomy\u00bb:{\u00abprimary_section\u00bb:{\u00ab_id\u00bb:\u00bb\/dinero\u00bb,\u00bb_website\u00bb:\u00bbelimparcial\u00bb,\u00bbtype\u00bb:\u00bbsection\u00bb,\u00bbversion\u00bb:\u00bb0.6.0&#8243;,\u00bbname\u00bb:\u00bbDinero\u00bb,\u00bbpath\u00bb:\u00bb\/dinero\u00bb,\u00bbparent_id\u00bb:\u00bbhttps:\/\/www.elimparcial.com\/\u00bb,\u00bbparent\u00bb:{\u00abdefault\u00bb:\u00bbhttps:\/\/www.elimparcial.com\/\u00bb},\u00bbadditional_properties\u00bb:{\u00aboriginal\u00bb:{\u00ab_id\u00bb:\u00bb\/dinero\u00bb,\u00bb_website\u00bb:\u00bbelimparcial\u00bb,\u00bbname\u00bb:\u00bbDinero\u00bb,\u00bbinactive\u00bb:false,\u00bbancestors\u00bb:{\u00abcomposer-menu\u00bb:[\u00abhttps:\/\/www.elimparcial.com\/\u00bb]},\u00bbparent\u00bb:{\u00abdefault\u00bb:\u00bbhttps:\/\/www.elimparcial.com\/\u00bb,\u00bbcomposer-menu\u00bb:\u00bbhttps:\/\/www.elimparcial.com\/\u00bb},\u00bborder\u00bb:{\u00abcomposer-menu\u00bb:1001},\u00bbnode_type\u00bb:\u00bbsection\u00bb}}},\u00bbprimary_site\u00bb:{\u00ab_id\u00bb:\u00bb\/dinero\u00bb,\u00bbtype\u00bb:\u00bbsite\u00bb,\u00bbversion\u00bb:\u00bb0.5.8&#8243;,\u00bbname\u00bb:\u00bbDinero\u00bb,\u00bbpath\u00bb:\u00bb\/dinero\u00bb,\u00bbparent_id\u00bb:\u00bbhttps:\/\/www.elimparcial.com\/\u00bb,\u00bbadditional_properties\u00bb:{\u00aboriginal\u00bb:{\u00ab_id\u00bb:\u00bb\/dinero\u00bb,\u00bbname\u00bb:\u00bbDinero\u00bb,\u00bbinactive\u00bb:false,\u00bbancestors\u00bb:{\u00abcomposer-menu\u00bb:[\u00abhttps:\/\/www.elimparcial.com\/\u00bb]},\u00bbparent\u00bb:{\u00abdefault\u00bb:\u00bbhttps:\/\/www.elimparcial.com\/\u00bb,\u00bbcomposer-menu\u00bb:\u00bbhttps:\/\/www.elimparcial.com\/\u00bb},\u00bborder\u00bb:{\u00abcomposer-menu\u00bb:1001}}}},\u00bbsections\u00bb:[{\u00ab_id\u00bb:\u00bb\/dinero\u00bb,\u00bb_website\u00bb:\u00bbelimparcial\u00bb,\u00bbtype\u00bb:\u00bbsection\u00bb,\u00bbversion\u00bb:\u00bb0.6.0&#8243;,\u00bbname\u00bb:\u00bbDinero\u00bb,\u00bbpath\u00bb:\u00bb\/dinero\u00bb,\u00bbparent_id\u00bb:\u00bbhttps:\/\/www.elimparcial.com\/\u00bb,\u00bbparent\u00bb:{\u00abdefault\u00bb:\u00bbhttps:\/\/www.elimparcial.com\/\u00bb},\u00bbadditional_properties\u00bb:{\u00aboriginal\u00bb:{\u00ab_id\u00bb:\u00bb\/dinero\u00bb,\u00bb_website\u00bb:\u00bbelimparcial\u00bb,\u00bbname\u00bb:\u00bbDinero\u00bb,\u00bbinactive\u00bb:false,\u00bbancestors\u00bb:{\u00abcomposer-menu\u00bb:[\u00abhttps:\/\/www.elimparcial.com\/\u00bb]},\u00bbparent\u00bb:{\u00abdefault\u00bb:\u00bbhttps:\/\/www.elimparcial.com\/\u00bb,\u00bbcomposer-menu\u00bb:\u00bbhttps:\/\/www.elimparcial.com\/\u00bb},\u00bborder\u00bb:{\u00abcomposer-menu\u00bb:1001},\u00bbnode_type\u00bb:\u00bbsection\u00bb}},\u00bb_website_section_id\u00bb:\u00bbelimparcial.\/dinero\u00bb},{\u00ab_id\u00bb:\u00bb\/mexico\u00bb,\u00bb_website\u00bb:\u00bbelimparcial\u00bb,\u00bbtype\u00bb:\u00bbsection\u00bb,\u00bbversion\u00bb:\u00bb0.6.0&#8243;,\u00bbname\u00bb:\u00bbM\u00e9xico\u00bb,\u00bbpath\u00bb:\u00bb\/mexico\u00bb,\u00bbparent_id\u00bb:\u00bbhttps:\/\/www.elimparcial.com\/\u00bb,\u00bbparent\u00bb:{\u00abdefault\u00bb:\u00bbhttps:\/\/www.elimparcial.com\/\u00bb},\u00bbadditional_properties\u00bb:{\u00aboriginal\u00bb:{\u00ab_id\u00bb:\u00bb\/mexico\u00bb,\u00bb_website\u00bb:\u00bbelimparcial\u00bb,\u00bbname\u00bb:\u00bbM\u00e9xico\u00bb,\u00bbinactive\u00bb:false,\u00bbancestors\u00bb:{\u00abcomposer-menu\u00bb:[\u00abhttps:\/\/www.elimparcial.com\/\u00bb],\u00bbdefault\u00bb:[\u00abhttps:\/\/www.elimparcial.com\/\u00bb]},\u00bbparent\u00bb:{\u00abdefault\u00bb:\u00bbhttps:\/\/www.elimparcial.com\/\u00bb,\u00bbcomposer-menu\u00bb:\u00bbhttps:\/\/www.elimparcial.com\/\u00bb},\u00bborder\u00bb:{\u00abcomposer-menu\u00bb:1012,\u00bbdefault\u00bb:1009},\u00bbnode_type\u00bb:\u00bbsection\u00bb}},\u00bb_website_section_id\u00bb:\u00bbelimparcial.\/mexico\u00bb}],\u00bbsites\u00bb:[{\u00ab_id\u00bb:\u00bb\/dinero\u00bb,\u00bbtype\u00bb:\u00bbsite\u00bb,\u00bbversion\u00bb:\u00bb0.5.8&#8243;,\u00bbname\u00bb:\u00bbDinero\u00bb,\u00bbpath\u00bb:\u00bb\/dinero\u00bb,\u00bbparent_id\u00bb:\u00bbhttps:\/\/www.elimparcial.com\/\u00bb,\u00bbadditional_properties\u00bb:{\u00aboriginal\u00bb:{\u00ab_id\u00bb:\u00bb\/dinero\u00bb,\u00bbname\u00bb:\u00bbDinero\u00bb,\u00bbinactive\u00bb:false,\u00bbancestors\u00bb:{\u00abcomposer-menu\u00bb:[\u00abhttps:\/\/www.elimparcial.com\/\u00bb]},\u00bbparent\u00bb:{\u00abdefault\u00bb:\u00bbhttps:\/\/www.elimparcial.com\/\u00bb,\u00bbcomposer-menu\u00bb:\u00bbhttps:\/\/www.elimparcial.com\/\u00bb},\u00bborder\u00bb:{\u00abcomposer-menu\u00bb:1001}}}},{\u00ab_id\u00bb:\u00bb\/mexico\u00bb,\u00bbtype\u00bb:\u00bbsite\u00bb,\u00bbversion\u00bb:\u00bb0.5.8&#8243;,\u00bbname\u00bb:\u00bbM\u00e9xico\u00bb,\u00bbpath\u00bb:\u00bb\/mexico\u00bb,\u00bbparent_id\u00bb:\u00bbhttps:\/\/www.elimparcial.com\/\u00bb,\u00bbadditional_properties\u00bb:{\u00aboriginal\u00bb:{\u00ab_id\u00bb:\u00bb\/mexico\u00bb,\u00bbname\u00bb:\u00bbM\u00e9xico\u00bb,\u00bbinactive\u00bb:false,\u00bbancestors\u00bb:{\u00abcomposer-menu\u00bb:[\u00abhttps:\/\/www.elimparcial.com\/\u00bb],\u00bbdefault\u00bb:[\u00abhttps:\/\/www.elimparcial.com\/\u00bb]},\u00bbparent\u00bb:{\u00abdefault\u00bb:\u00bbhttps:\/\/www.elimparcial.com\/\u00bb,\u00bbcomposer-menu\u00bb:\u00bbhttps:\/\/www.elimparcial.com\/\u00bb},\u00bborder\u00bb:{\u00abcomposer-menu\u00bb:1012,\u00bbdefault\u00bb:1009}}}}],\u00bbtags\u00bb:[{\u00ab_id\u00bb:\u00bbZE4EI44GWNB23B5EKFXQ2PUL2M\u00bb,\u00bbdescription\u00bb:\u00bbPensi\u00f3n IMSS\u00bb,\u00bbslug\u00bb:\u00bbpension-imss\u00bb,\u00bbtext\u00bb:\u00bbPensi\u00f3n IMSS\u00bb},{\u00ab_id\u00bb:\u00bbXDWU2C6L25HFZHCK6MGQW3UDRM\u00bb,\u00bbdescription\u00bb:\u00bbPensionados\u00bb,\u00bbslug\u00bb:\u00bbpensionados\u00bb,\u00bbtext\u00bb:\u00bbPensionados\u00bb},{\u00ab_id\u00bb:\u00bb5CVSO6QGUBAIRHKMVGV2DQRUAM\u00bb,\u00bbdescription\u00bb:\u00bbModalidad 40&#8243;,\u00bbslug\u00bb:\u00bbmodalidad-40&#8243;,\u00bbtext\u00bb:\u00bbModalidad 40&#8243;},{\u00ab_id\u00bb:\u00bbN5OFYBOE5VGFFESZW2AZ5B5JOE\u00bb,\u00bbdescription\u00bb:\u00bbUMAS\u00bb,\u00bbslug\u00bb:\u00bbumas\u00bb,\u00bbtext\u00bb:\u00bbUMAS\u00bb},{\u00ab_id\u00bb:\u00bbX7N7EJCCIVEVXNGFXXTU4QLAPI\u00bb,\u00bbdescription\u00bb:\u00bbUma\u00bb,\u00bbslug\u00bb:\u00bbuma\u00bb,\u00bbtext\u00bb:\u00bbUma\u00bb}]},\u00bbtype\u00bb:\u00bbstory\u00bb,\u00bbversion\u00bb:\u00bb0.10.11&#8243;,\u00bbwebsites\u00bb:{\u00abelimparcial\u00bb:{\u00abwebsite_section\u00bb:{\u00ab_id\u00bb:\u00bb\/dinero\u00bb,\u00bb_website\u00bb:\u00bbelimparcial\u00bb,\u00bbtype\u00bb:\u00bbsection\u00bb,\u00bbversion\u00bb:\u00bb0.6.0&#8243;,\u00bbname\u00bb:\u00bbDinero\u00bb,\u00bbpath\u00bb:\u00bb\/dinero\u00bb,\u00bbparent_id\u00bb:\u00bbhttps:\/\/www.elimparcial.com\/\u00bb,\u00bbparent\u00bb:{\u00abdefault\u00bb:\u00bbhttps:\/\/www.elimparcial.com\/\u00bb},\u00bbadditional_properties\u00bb:{\u00aboriginal\u00bb:{\u00ab_id\u00bb:\u00bb\/dinero\u00bb,\u00bb_website\u00bb:\u00bbelimparcial\u00bb,\u00bbname\u00bb:\u00bbDinero\u00bb,\u00bbinactive\u00bb:false,\u00bbancestors\u00bb:{\u00abcomposer-menu\u00bb:[\u00abhttps:\/\/www.elimparcial.com\/\u00bb]},\u00bbparent\u00bb:{\u00abdefault\u00bb:\u00bbhttps:\/\/www.elimparcial.com\/\u00bb,\u00bbcomposer-menu\u00bb:\u00bbhttps:\/\/www.elimparcial.com\/\u00bb},\u00bborder\u00bb:{\u00abcomposer-menu\u00bb:1001},\u00bbnode_type\u00bb:\u00bbsection\u00bb}},\u00bb_website_section_id\u00bb:\u00bbelimparcial.\/dinero\u00bb},\u00bbwebsite_url\u00bb:\u00bbhttps:\/\/www.elimparcial.com\/dinero\/2026\/01\/17\/cuanto-sube-tu-pension-del-imss-en-2026-tras-el-aumento-de-la-uma-y-desde-cuando-se-refleja-el-ajuste\/\u00bb}},\u00bbworkflow\u00bb:{\u00abstatus_code\u00bb:3},\u00bbcanonical_url\u00bb:\u00bbhttps:\/\/www.elimparcial.com\/dinero\/2026\/01\/17\/cuanto-sube-tu-pension-del-imss-en-2026-tras-el-aumento-de-la-uma-y-desde-cuando-se-refleja-el-ajuste\/\u00bb,\u00bbpublishing\u00bb:{\u00abscheduled_operations\u00bb:{\u00abpublish_edition\u00bb:[],\u00bbunpublish_edition\u00bb:[]}},\u00bbwebsite\u00bb:\u00bbelimparcial\u00bb,\u00bbwebsite_url\u00bb:\u00bbhttps:\/\/www.elimparcial.com\/dinero\/2026\/01\/17\/cuanto-sube-tu-pension-del-imss-en-2026-tras-el-aumento-de-la-uma-y-desde-cuando-se-refleja-el-ajuste\/\u00bb},{\u00ab_id\u00bb:\u00bbAOWP4DCD3BHPNCIBFWX7SDKXME\u00bb,\u00bbadditional_properties\u00bb:{\u00abhas_published_copy\u00bb:true,\u00bbis_published\u00bb:true,\u00bbpublish_date\u00bb:\u00bb2026-01-16T18:59:48.66Z\u00bb},\u00bbcanonical_website\u00bb:\u00bbelimparcial\u00bb,\u00bbcontent_elements\u00bb:[{\u00ab_id\u00bb:\u00bb6D5W6NRWBRBXXPQGVWYDEQKHPE\u00bb,\u00bbadditional_properties\u00bb:{},\u00bbcontent\u00bb:\u00bbWASHINGTON.- El presidente de Estados Unidos, <a href=\\\"https:\/\/www.elimparcial.com\/mundo\/2026\/01\/16\/carney-se-aleja-de-trump-y-se-alia-con-china-canada-acepta-reducir-aranceles-a-los-autos-electricos-chinos-a-cambio-de-aranceles-mas-bajos-a-productos-agricolas-canadienses\/\\\" target=\\\"_blank\\\" rel=\\\"noreferrer\\\" title=\\\"https:\/\/www.elimparcial.com\/mundo\/2026\/01\/16\/carney-se-aleja-de-trump-y-se-alia-con-china-canada-acepta-reducir-aranceles-a-los-autos-electricos-chinos-a-cambio-de-aranceles-mas-bajos-a-productos-agricolas-canadienses\/\\\"><b>Donald Trump<\/b><\/a>, volvi\u00f3 a colocar a <b>Groenlandia<\/b> en el centro de la agenda internacional al sugerir que podr\u00eda castigar con aranceles a pa\u00edses que no respalden que ese territorio quede bajo control estadounidense. \u00ab,\u00bbtype\u00bb:\u00bbtext\u00bb},{\u00ab_id\u00bb:\u00bbMWLOFWTP6ND3LEMICRJ3ZTSUUM\u00bb,\u00bbadditional_properties\u00bb:{},\u00bbcontent\u00bb:\u00bbLa declaraci\u00f3n se dio mientras una <b>delegaci\u00f3n bipartidista del Congreso viajaba a Dinamarca<\/b> para bajar la tensi\u00f3n diplom\u00e1tica generada por meses de presiones desde la Casa Blanca.\u00bb,\u00bbtype\u00bb:\u00bbtext\u00bb},{\u00ab_id\u00bb:\u00bbFRNOGIR7ORFZVD6DPVWIZE5EQI\u00bb,\u00bbadditional_properties\u00bb:{},\u00bbcontent\u00bb:\u00bbTrump ha insistido p\u00fablicamente en que<b> Estados Unidos \u201cnecesita\u201d Groenlandia por motivos de seguridad nacional<\/b>, una postura que ha provocado rechazo en Europa, incomodidad en el Congreso estadounidense y preocupaci\u00f3n entre l\u00edderes groenlandeses e ind\u00edgenas inuit. La informaci\u00f3n fue reportada por <b>The Associated Press (AP)<\/b>.\u00bb,\u00bbtype\u00bb:\u00bbtext\u00bb},{\u00ab_id\u00bb:\u00bbIG73NXSQSFG4NCUZSP4SDQMRSE\u00bb,\u00bbadditional_properties\u00bb:{},\u00bbcontent\u00bb:\u00bb\u00bb,\u00bbtype\u00bb:\u00bbtext\u00bb},{\u00ab_id\u00bb:\u00bbP4LEK3GDXNBITBYSEEDIF4MGDM\u00bb,\u00bbadditional_properties\u00bb:{},\u00bbcontent\u00bb:\u00bb\u00bfQu\u00e9 dijo exactamente Trump sobre Groenlandia y los aranceles?\u00bb,\u00bblevel\u00bb:2,\u00bbtype\u00bb:\u00bbheader\u00bb},{\u00ab_id\u00bb:\u00bbVMM6ZECBWRGEZPYGCXCKBUD22A\u00bb,\u00bbadditional_properties\u00bb:{},\u00bbcontent\u00bb:\u00bbDurante un evento en la Casa Blanca sobre atenci\u00f3n sanitaria rural, <b>Trump relat\u00f3 que hab\u00eda amenazado a aliados europeos con imponer aranceles a productos farmac\u00e9uticos<\/b> y luego agreg\u00f3 que podr\u00eda hacer lo mismo en el caso de Groenlandia.\u00bb,\u00bbtype\u00bb:\u00bbtext\u00bb},{\u00ab_id\u00bb:\u00bb527ZYNTSPFDV5O4YMEJ4EBYLWA\u00bb,\u00bbadditional_properties\u00bb:{\u00ablanguage\u00bb:{\u00abcode\u00bb:\u00bbes\u00bb,\u00bbregion\u00bb:\u00bbES\u00bb}},\u00bbcitation\u00bb:{\u00abcontent\u00bb:\u00bb\u00bb,\u00bbtype\u00bb:\u00bbtext\u00bb},\u00bbcontent_elements\u00bb:[{\u00ab_id\u00bb:\u00bbWJ7I62ABLFFBDBYVFRPDN52RDI\u00bb,\u00bbadditional_properties\u00bb:{},\u00bbcontent\u00bb:\u00bbPodr\u00eda imponer aranceles a los pa\u00edses que no se sumen a Groenlandia, porque necesitamos a Groenlandia para la seguridad nacional. As\u00ed que podr\u00eda hacerlo\u201d, dijo.\u00bb,\u00bbtype\u00bb:\u00bbtext\u00bb}],\u00bbsubtype\u00bb:\u00bbpullquote\u00bb,\u00bbtype\u00bb:\u00bbquote\u00bb},{\u00ab_id\u00bb:\u00bb3HWCUXYM2JFSFJQWFTORR5RM5M\u00bb,\u00bbadditional_properties\u00bb:{},\u00bbcontent\u00bb:\u00bbEs la <b>primera vez <\/b>que Trump menciona de forma abierta el uso de aranceles como herramienta para presionar a otros pa\u00edses en torno al tema de Groenlandia.\u00bb,\u00bbtype\u00bb:\u00bbtext\u00bb},{\u00ab_id\u00bb:\u00bb5M2AROKEDNC35HLMIXXGNZG3IQ\u00bb,\u00bbadditional_properties\u00bb:{},\u00bbcontent\u00bb:\u00bbD\u00edas antes, el mandatario hab\u00eda declarado que cualquier escenario en el que la isla no estuviera bajo control de Estados Unidos ser\u00eda <b>\u201cinaceptable\u201d<\/b>.\u00bb,\u00bbtype\u00bb:\u00bbtext\u00bb},{\u00ab_id\u00bb:\u00bbEKQCCACDFJGPNKJYW3H5N6JYJM\u00bb,\u00bbadditional_properties\u00bb:{},\u00bbcontent\u00bb:\u00bb\u00bb,\u00bbtype\u00bb:\u00bbtext\u00bb},{\u00ab_id\u00bb:\u00bbVJ75CRN42ZGXDLWOBEQM5C6CUI\u00bb,\u00bbadditional_properties\u00bb:{},\u00bbcontent\u00bb:\u00bb\u00bfPor qu\u00e9 Groenlandia es importante para Estados Unidos?\u00bb,\u00bblevel\u00bb:2,\u00bbtype\u00bb:\u00bbheader\u00bb},{\u00ab_id\u00bb:\u00bbCGEXF342DNDJXAHVNCVNQGD27M\u00bb,\u00bbadditional_properties\u00bb:{},\u00bbcontent\u00bb:\u00bbGroenlandia es un territorio semiaut\u00f3nomo de Dinamarca, pa\u00eds aliado de Estados Unidos dentro de la OTAN. Trump ha justificado su inter\u00e9s argumentando que China y Rusia tienen planes en la regi\u00f3n, adem\u00e1s de que la isla cuenta con amplias reservas de minerales estrat\u00e9gicos y una ubicaci\u00f3n clave en el \u00c1rtico.\u00bb,\u00bbtype\u00bb:\u00bbtext\u00bb},{\u00ab_id\u00bb:\u00bbCN44IO7SJVFEXLSOOERRMGZJDQ\u00bb,\u00bbadditional_properties\u00bb:{},\u00bbcontent\u00bb:\u00bbLa Casa Blanca no ha descartado p\u00fablicamente ning\u00fan escenario, incluido el uso de la fuerza, lo que ha elevado la preocupaci\u00f3n diplom\u00e1tica.\u00bb,\u00bbtype\u00bb:\u00bbtext\u00bb},{\u00ab_id\u00bb:\u00bbKKEL6UIVXVDKFLMK7B4I7OLNSY\u00bb,\u00bbadditional_properties\u00bb:{},\u00bbcontent\u00bb:\u00bb\u00bfQu\u00e9 pas\u00f3 en las reuniones entre Estados Unidos, Dinamarca y Groenlandia?\u00bb,\u00bblevel\u00bb:2,\u00bbtype\u00bb:\u00bbheader\u00bb},{\u00ab_id\u00bb:\u00bb3PDTH2BAG5FRRB7TPJ2M623DS4&#8243;,\u00bbadditional_properties\u00bb:{},\u00bbcontent\u00bb:\u00bbA principios de esta semana, los ministros de Asuntos Exteriores de Dinamarca y Groenlandia se reunieron en Washington con el vicepresidente <a href=\\\"https:\/\/www.elimparcial.com\/mundo\/2026\/01\/09\/los-agentes-del-ice-tienen-inmunidad-absoluta-la-afirmacion-de-jd-vance-las-protestas-nacionales-y-lo-que-expertos-legales-estan-advirtiendo-sobre-los-limites-reales-de-la-ley-en-estados-unidos\/\\\" target=\\\"_blank\\\" rel=\\\"noreferrer\\\" title=\\\"https:\/\/www.elimparcial.com\/mundo\/2026\/01\/09\/los-agentes-del-ice-tienen-inmunidad-absoluta-la-afirmacion-de-jd-vance-las-protestas-nacionales-y-lo-que-expertos-legales-estan-advirtiendo-sobre-los-limites-reales-de-la-ley-en-estados-unidos\/\\\">JD Vance<\/a> y el secretario de Estado Marco Rubio.\u00bb,\u00bbtype\u00bb:\u00bbtext\u00bb},{\u00ab_id\u00bb:\u00bbWA3SHQ55UZHTDJALUVYOEM5DY4&#8243;,\u00bbadditional_properties\u00bb:{\u00abfullSizeResizeUrl\u00bb:\u00bb\/resizer\/v2\/WA3SHQ55UZHTDJALUVYOEM5DY4.JPG?auth=dc670b10b446793af1e547db5b66deff990533512d23e0711722a51b9ac712fc\u00bb,\u00bbgalleries\u00bb:[],\u00bbingestionMethod\u00bb:\u00bbmanual\u00bb,\u00bbmime_type\u00bb:\u00bbimage\/jpeg\u00bb,\u00bboriginalName\u00bb:\u00bb2026-01-03T215906Z_1_LYNXMPEM020JG_RTROPTP_3_USA-VENEZUELA.JPG\u00bb,\u00bboriginalUrl\u00bb:\u00bbhttps:\/\/cloudfront-us-east-1.images.arcpublishing.com\/elimparcial\/WA3SHQ55UZHTDJALUVYOEM5DY4.JPG\u00bb,\u00bbproxyUrl\u00bb:\u00bb\/resizer\/v2\/WA3SHQ55UZHTDJALUVYOEM5DY4.JPG?auth=dc670b10b446793af1e547db5b66deff990533512d23e0711722a51b9ac712fc\u00bb,\u00bbpublished\u00bb:true,\u00bbresizeUrl\u00bb:\u00bb\/resizer\/v2\/WA3SHQ55UZHTDJALUVYOEM5DY4.JPG?auth=dc670b10b446793af1e547db5b66deff990533512d23e0711722a51b9ac712fc\u00bb,\u00bbrestricted\u00bb:false,\u00bbthumbnailResizeUrl\u00bb:\u00bb\/resizer\/v2\/WA3SHQ55UZHTDJALUVYOEM5DY4.JPG?auth=dc670b10b446793af1e547db5b66deff990533512d23e0711722a51b9ac712fc&#038;width=300&#8243;,\u00bbversion\u00bb:0,\u00bbtemplate_id\u00bb:1220},\u00bbaddress\u00bb:{},\u00bbauth\u00bb:{\u00ab2&#8243;:\u00bbdc670b10b446793af1e547db5b66deff990533512d23e0711722a51b9ac712fc\u00bb},\u00bbcaption\u00bb:\u00bbEl presidente de Estados Unidos, Donald Trump, habla mientras el secretario de Estado, Marco Rubio, y el secretario de Defensa, Pete Hegseth, observan durante una conferencia de prensa tras un ataque estadounidense contra Venezuela, donde fueron capturados el presidente Nicol\u00e1s Maduro y su esposa, Cilia Flores, desde el club Mar-a-Lago de Trump en Palm Beach, Florida, EE. UU., el 3 de enero de 2026. | Cr\u00e9dito: REUTERS\/Jonathan Ernst\u00bb,\u00bbcreated_date\u00bb:\u00bb2026-01-04T14:51:30Z\u00bb,\u00bbcredits\u00bb:{\u00abaffiliation\u00bb:[],\u00bbby\u00bb:[{\u00abbyline\u00bb:\u00bbJonathan Ernst\u00bb,\u00bbname\u00bb:\u00bbJonathan Ernst\u00bb,\u00bbtype\u00bb:\u00bbauthor\u00bb}]},\u00bbheight\u00bb:533,\u00bbimage_type\u00bb:\u00bbphotograph\u00bb,\u00bblast_updated_date\u00bb:\u00bb2026-01-04T14:51:30Z\u00bb,\u00bblicensable\u00bb:false,\u00bbowner\u00bb:{\u00abid\u00bb:\u00bbelimparcial\u00bb,\u00bbsponsored\u00bb:false},\u00bbslug\u00bb:\u00bbUSA-VENEZUELA\u00bb,\u00bbsource\u00bb:{\u00abadditional_properties\u00bb:{\u00abeditor\u00bb:\u00bbphoto center\u00bb},\u00bbedit_url\u00bb:\u00bb\u00bb,\u00bbsystem\u00bb:\u00bbphoto center\u00bb},\u00bbsubtitle\u00bb:\u00bbEl presidente estadounidense, Trump, ofrece una conferencia de prensa tras el ataque militar estadounidense contra Venezuela, en Palm Beach.\u00bb,\u00bbtaxonomy\u00bb:{\u00abassociated_tasks\u00bb:[]},\u00bbtype\u00bb:\u00bbimage\u00bb,\u00bburl\u00bb:\u00bbhttps:\/\/cloudfront-us-east-1.images.arcpublishing.com\/elimparcial\/WA3SHQ55UZHTDJALUVYOEM5DY4.JPG\u00bb,\u00bbversion\u00bb:\u00bb0.10.9&#8243;,\u00bbwidth\u00bb:800,\u00bbsyndication\u00bb:{}},{\u00ab_id\u00bb:\u00bb6Q67GZBUHZH2LEPM75LFWHUS54&#8243;,\u00bbadditional_properties\u00bb:{},\u00bbcontent\u00bb:\u00bbEl encuentro no resolvi\u00f3 las diferencias, pero deriv\u00f3 en el anuncio de un grupo de trabajo, cuyo objetivo fue descrito de forma distinta por <b>Dinamarca<\/b> y por la Casa Blanca.\u00bb,\u00bbtype\u00bb:\u00bbtext\u00bb},{\u00ab_id\u00bb:\u00bbJD65E25EOBH5VHDKYIK5OZ26VE\u00bb,\u00bbadditional_properties\u00bb:{},\u00bbcontent\u00bb:\u00bbMientras tanto, el gobierno dan\u00e9s inform\u00f3 que aumentar\u00e1 su presencia militar en Groenlandia en coordinaci\u00f3n con sus aliados.\u00bb,\u00bbtype\u00bb:\u00bbtext\u00bb},{\u00ab_id\u00bb:\u00bbFNTJTAWM4ZHR3BXV4YAGDC3FMQ\u00bb,\u00bbadditional_properties\u00bb:{},\u00bbcontent\u00bb:\u00bb<b>Te puede interesar: <\/b><a href=\\\"https:\/\/www.elimparcial.com\/mundo\/2026\/01\/15\/aunque-europa-envio-tropas-a-groenlandia-estados-unidos-mantendra-su-plan-de-tomar-el-control-de-la-isla-y-que-la-casa-blanca-respalda\/\\\" target=\\\"_blank\\\" rel=\\\"noreferrer\\\" title=\\\"https:\/\/www.elimparcial.com\/mundo\/2026\/01\/15\/aunque-europa-envio-tropas-a-groenlandia-estados-unidos-mantendra-su-plan-de-tomar-el-control-de-la-isla-y-que-la-casa-blanca-respalda\/\\\"><b>Aunque Europa envi\u00f3 tropas a Groenlandia, Estados Unidos mantendr\u00e1 su plan de \u201ctomar el control de la isla\u201d y que la Casa Blanca respalda<\/b><\/a>\u00ab,\u00bbtype\u00bb:\u00bbtext\u00bb},{\u00ab_id\u00bb:\u00bbFKSQBYETWNCEXA7C7XVHX677QA\u00bb,\u00bbadditional_properties\u00bb:{},\u00bbcontent\u00bb:\u00bb\u00bb,\u00bbtype\u00bb:\u00bbtext\u00bb},{\u00ab_id\u00bb:\u00bbRPP7URHCAJDH3IGDSWKG5JMPS4&#8243;,\u00bbadditional_properties\u00bb:{},\u00bbcontent\u00bb:\u00bb\u00bfQu\u00e9 postura est\u00e1n tomando los l\u00edderes europeos?\u00bb,\u00bblevel\u00bb:2,\u00bbtype\u00bb:\u00bbheader\u00bb},{\u00ab_id\u00bb:\u00bb6BXFGVRIVJF6NO6NXLFEFJIVLI\u00bb,\u00bbadditional_properties\u00bb:{},\u00bbcontent\u00bb:\u00bbL\u00edderes europeos han reiterado que <b>solo Dinamarca y Groenlandia pueden decidir el futuro del territorio.<\/b>\u00ab,\u00bbtype\u00bb:\u00bbtext\u00bb},{\u00ab_id\u00bb:\u00bbO6N2KPRU6RH45DHFOCI57NWWVI\u00bb,\u00bbadditional_properties\u00bb:{},\u00bbcontent\u00bb:\u00bbDesde Europa se ha insistido en que Groenlandia no est\u00e1 en venta y que cualquier decisi\u00f3n debe respetar el derecho internacional y la autodeterminaci\u00f3n de su poblaci\u00f3n.\u00bb,\u00bbtype\u00bb:\u00bbtext\u00bb},{\u00ab_id\u00bb:\u00bbDB7Z6D2QN5G2XKQ24SOBYPF7OQ\u00bb,\u00bbadditional_properties\u00bb:{\u00abfullSizeResizeUrl\u00bb:\u00bb\/resizer\/v2\/DB7Z6D2QN5G2XKQ24SOBYPF7OQ.jpg?auth=db95135c91932d03351cd9aea4bd6670013c7abaed753ceed99199d01ad584a3&#8243;,\u00bbgalleries\u00bb:[],\u00bbingestionMethod\u00bb:\u00bbmanual\u00bb,\u00bbmime_type\u00bb:\u00bbimage\/jpeg\u00bb,\u00bboriginalName\u00bb:\u00bbdiciembre (33).jpg\u00bb,\u00bboriginalUrl\u00bb:\u00bbhttps:\/\/cloudfront-us-east-1.images.arcpublishing.com\/elimparcial\/DB7Z6D2QN5G2XKQ24SOBYPF7OQ.jpg\u00bb,\u00bbproxyUrl\u00bb:\u00bb\/resizer\/v2\/DB7Z6D2QN5G2XKQ24SOBYPF7OQ.jpg?auth=db95135c91932d03351cd9aea4bd6670013c7abaed753ceed99199d01ad584a3&#8243;,\u00bbpublished\u00bb:true,\u00bbresizeUrl\u00bb:\u00bb\/resizer\/v2\/DB7Z6D2QN5G2XKQ24SOBYPF7OQ.jpg?auth=db95135c91932d03351cd9aea4bd6670013c7abaed753ceed99199d01ad584a3&#8243;,\u00bbrestricted\u00bb:true,\u00bbthumbnailResizeUrl\u00bb:\u00bb\/resizer\/v2\/DB7Z6D2QN5G2XKQ24SOBYPF7OQ.jpg?auth=db95135c91932d03351cd9aea4bd6670013c7abaed753ceed99199d01ad584a3&#038;width=300&#8243;,\u00bbversion\u00bb:0,\u00bbtemplate_id\u00bb:1220},\u00bbaddress\u00bb:{},\u00bbauth\u00bb:{\u00ab2&#8243;:\u00bbdb95135c91932d03351cd9aea4bd6670013c7abaed753ceed99199d01ad584a3&#8243;},\u00bbcaption\u00bb:\u00bbEl posible uso de la fuerza de Estados Unidos para tomar control de Groenlandia encendi\u00f3 alertas dentro de la OTAN. En el centro de la pol\u00e9mica est\u00e1 un principio hist\u00f3rico que sostiene la alianza desde 1949: si un pa\u00eds miembro es atacado, todos deben defenderlo. | Foto: Especial GH\/Reuters\u00bb,\u00bbcreated_date\u00bb:\u00bb2026-01-14T17:17:31Z\u00bb,\u00bbcredits\u00bb:{\u00abaffiliation\u00bb:[{\u00abname\u00bb:\u00bb\u00bb,\u00bbtype\u00bb:\u00bbauthor\u00bb}]},\u00bbheight\u00bb:680,\u00bbimage_type\u00bb:\u00bbphotograph\u00bb,\u00bblast_updated_date\u00bb:\u00bb2026-01-14T17:17:31Z\u00bb,\u00bblicensable\u00bb:false,\u00bbowner\u00bb:{\u00abid\u00bb:\u00bbelimparcial\u00bb,\u00bbsponsored\u00bb:false},\u00bbsource\u00bb:{\u00abadditional_properties\u00bb:{\u00abeditor\u00bb:\u00bbphoto center\u00bb},\u00bbedit_url\u00bb:\u00bb\u00bb,\u00bbsystem\u00bb:\u00bbphoto center\u00bb},\u00bbsubtitle\u00bb:\u00bbskz\u00bb,\u00bbtaxonomy\u00bb:{\u00abassociated_tasks\u00bb:[]},\u00bbtype\u00bb:\u00bbimage\u00bb,\u00bburl\u00bb:\u00bbhttps:\/\/cloudfront-us-east-1.images.arcpublishing.com\/elimparcial\/DB7Z6D2QN5G2XKQ24SOBYPF7OQ.jpg\u00bb,\u00bbversion\u00bb:\u00bb0.10.9&#8243;,\u00bbwidth\u00bb:1200,\u00bbsyndication\u00bb:{},\u00bbcreditIPTC\u00bb:\u00bb\u00bb},{\u00ab_id\u00bb:\u00bb7T22XTKQQBA3ZEYH6IZSBFPQYE\u00bb,\u00bbadditional_properties\u00bb:{},\u00bbcontent\u00bb:\u00bb\u00bb,\u00bbtype\u00bb:\u00bbtext\u00bb},{\u00ab_id\u00bb:\u00bbHM6EKARK4RHTJCXFVDHZEROLIU\u00bb,\u00bbadditional_properties\u00bb:{},\u00bbcontent\u00bb:\u00bb\u00bfQu\u00e9 busca la delegaci\u00f3n del Congreso en Dinamarca?\u00bb,\u00bblevel\u00bb:2,\u00bbtype\u00bb:\u00bbheader\u00bb},{\u00ab_id\u00bb:\u00bbDWNO57OM7BBDPNDXBY5NPKPFYY\u00bb,\u00bbadditional_properties\u00bb:{},\u00bbcontent\u00bb:\u00bbEn Copenhague, senadores y miembros de la<b> C\u00e1mara de Representantes <\/b>se reunieron con legisladores daneses y groenlandeses, as\u00ed como con la primera ministra de Dinamarca, Mette Frederiksen.\u00bb,\u00bbtype\u00bb:\u00bbtext\u00bb},{\u00ab_id\u00bb:\u00bb2UTGR52T2ZCCXDE4ZPSDVJ3RK4&#8243;,\u00bbadditional_properties\u00bb:{},\u00bbcontent\u00bb:\u00bbEl senador dem\u00f3crata <b>Chris Coons<\/b> afirm\u00f3 que la visita busc\u00f3 reforzar una relaci\u00f3n de m\u00e1s de dos siglos:\u00bb,\u00bbtype\u00bb:\u00bbtext\u00bb},{\u00ab_id\u00bb:\u00bb4KBL2JCPZVAABC5TE2FEWU72N4&#8243;,\u00bbadditional_properties\u00bb:{},\u00bbcontent\u00bb:\u00bb\u201cTuvimos un <b>di\u00e1logo s\u00f3lido y robusto<\/b> sobre c\u00f3mo extender eso al futuro\u201d.\u00bb,\u00bbtype\u00bb:\u00bbtext\u00bb},{\u00ab_id\u00bb:\u00bb73UI76EF5VEBBKEDZNOZRKV2XY\u00bb,\u00bbadditional_properties\u00bb:{},\u00bbcontent\u00bb:\u00bbLa senadora republicana <b>Lisa Murkowski<\/b> subray\u00f3 que Groenlandia debe verse como aliado y no como un recurso estrat\u00e9gico:\u00bb,\u00bbtype\u00bb:\u00bbtext\u00bb},{\u00ab_id\u00bb:\u00bb34MZIIG7UBACRMRRT3JBBKK7HI\u00bb,\u00bbadditional_properties\u00bb:{\u00ablanguage\u00bb:{\u00abcode\u00bb:\u00bbes\u00bb,\u00bbregion\u00bb:\u00bbES\u00bb}},\u00bbcitation\u00bb:{\u00abcontent\u00bb:\u00bb\u00bb,\u00bbtype\u00bb:\u00bbtext\u00bb},\u00bbcontent_elements\u00bb:[{\u00ab_id\u00bb:\u00bbFCV2VNTVDREYVMZNRQQW5WWEKY\u00bb,\u00bbadditional_properties\u00bb:{},\u00bbcontent\u00bb:\u00bbGroenlandia debe ser vista como nuestro aliado, no como un activo\u201d.\u00bb,\u00bbtype\u00bb:\u00bbtext\u00bb}],\u00bbsubtype\u00bb:\u00bbpullquote\u00bb,\u00bbtype\u00bb:\u00bbquote\u00bb},{\u00ab_id\u00bb:\u00bbHC32RS3D45C3LMCNJMJCCLQKOU\u00bb,\u00bbadditional_properties\u00bb:{\u00abfullSizeResizeUrl\u00bb:\u00bb\/resizer\/v2\/HC32RS3D45C3LMCNJMJCCLQKOU.jpg?auth=2dff0bce9c1b061bfbb6af775fcdc87c77000070ff7568e24c7e8b9e0a6a0f14&#8243;,\u00bbgalleries\u00bb:[],\u00bbingestionMethod\u00bb:\u00bbmanual\u00bb,\u00bbmime_type\u00bb:\u00bbimage\/jpeg\u00bb,\u00bboriginalName\u00bb:\u00bbimage (57).jpg\u00bb,\u00bboriginalUrl\u00bb:\u00bbhttps:\/\/cloudfront-us-east-1.images.arcpublishing.com\/elimparcial\/HC32RS3D45C3LMCNJMJCCLQKOU.jpg\u00bb,\u00bbproxyUrl\u00bb:\u00bb\/resizer\/v2\/HC32RS3D45C3LMCNJMJCCLQKOU.jpg?auth=2dff0bce9c1b061bfbb6af775fcdc87c77000070ff7568e24c7e8b9e0a6a0f14&#8243;,\u00bbpublished\u00bb:true,\u00bbresizeUrl\u00bb:\u00bb\/resizer\/v2\/HC32RS3D45C3LMCNJMJCCLQKOU.jpg?auth=2dff0bce9c1b061bfbb6af775fcdc87c77000070ff7568e24c7e8b9e0a6a0f14&#8243;,\u00bbrestricted\u00bb:false,\u00bbthumbnailResizeUrl\u00bb:\u00bb\/resizer\/v2\/HC32RS3D45C3LMCNJMJCCLQKOU.jpg?auth=2dff0bce9c1b061bfbb6af775fcdc87c77000070ff7568e24c7e8b9e0a6a0f14&#038;width=300&#8243;,\u00bbversion\u00bb:0,\u00bbtemplate_id\u00bb:1220},\u00bbaddress\u00bb:{},\u00bbauth\u00bb:{\u00ab2&#8243;:\u00bb2dff0bce9c1b061bfbb6af775fcdc87c77000070ff7568e24c7e8b9e0a6a0f14&#8243;},\u00bbcaption\u00bb:\u00bbLa senadora republicana Lisa Murkowski subray\u00f3 que Groenlandia debe verse como aliado y no como un recurso estrat\u00e9gico. | Cr\u00e9dito: AP\u00bb,\u00bbcreated_date\u00bb:\u00bb2026-01-16T18:27:47Z\u00bb,\u00bbcredits\u00bb:{\u00abaffiliation\u00bb:[]},\u00bbheight\u00bb:960,\u00bbimage_type\u00bb:\u00bbphotograph\u00bb,\u00bblast_updated_date\u00bb:\u00bb2026-01-16T18:27:47Z\u00bb,\u00bblicensable\u00bb:false,\u00bbowner\u00bb:{\u00abid\u00bb:\u00bbelimparcial\u00bb,\u00bbsponsored\u00bb:false},\u00bbsource\u00bb:{\u00abadditional_properties\u00bb:{\u00abeditor\u00bb:\u00bbphoto center\u00bb},\u00bbedit_url\u00bb:\u00bb\u00bb,\u00bbsystem\u00bb:\u00bbphoto center\u00bb},\u00bbsubtitle\u00bb:\u00bbLa senadora republicana Lisa Murkowski subray\u00f3 que Groenlandia debe verse como aliado y no como un recurso estrat\u00e9gico\u00bb,\u00bbtaxonomy\u00bb:{\u00abassociated_tasks\u00bb:[]},\u00bbtype\u00bb:\u00bbimage\u00bb,\u00bburl\u00bb:\u00bbhttps:\/\/cloudfront-us-east-1.images.arcpublishing.com\/elimparcial\/HC32RS3D45C3LMCNJMJCCLQKOU.jpg\u00bb,\u00bbversion\u00bb:\u00bb0.10.9&#8243;,\u00bbwidth\u00bb:1440,\u00bbsyndication\u00bb:{}},{\u00ab_id\u00bb:\u00bbVW2T2J55VFGOHFCCTMLVJ4ONVM\u00bb,\u00bbadditional_properties\u00bb:{},\u00bbcontent\u00bb:\u00bb\u00bb,\u00bbtype\u00bb:\u00bbtext\u00bb},{\u00ab_id\u00bb:\u00bbG63GH5GGDBDALOOBG54DRVKM7U\u00bb,\u00bbadditional_properties\u00bb:{},\u00bbcontent\u00bb:\u00bb\u00bfQu\u00e9 dice el Congreso de Estados Unidos sobre una posible anexi\u00f3n?\u00bb,\u00bblevel\u00bb:2,\u00bbtype\u00bb:\u00bbheader\u00bb},{\u00ab_id\u00bb:\u00bbZOLQWMSJLFFGNJ2GFFEDK4OGPI\u00bb,\u00bbadditional_properties\u00bb:{},\u00bbcontent\u00bb:\u00bbMurkowski record\u00f3 que, seg\u00fan encuestas,<b> alrededor del 75% de los estadounidenses considera que no es buena idea que Estados Unidos adquiera Groenlandia<\/b>.\u00bb,\u00bbtype\u00bb:\u00bbtext\u00bb},{\u00ab_id\u00bb:\u00bbLNMBCRZB6ZF4ZHXFCSDKU342LM\u00bb,\u00bbadditional_properties\u00bb:{},\u00bbcontent\u00bb:\u00bbJunto con la senadora Jeanne Shaheen, present\u00f3 una iniciativa bipartidista para prohibir que se usen fondos del Departamento de Estado o del Pent\u00e1gono para anexar o tomar control de Groenlandia \u2014o de cualquier territorio de un pa\u00eds de la <a href=\\\"https:\/\/www.elimparcial.com\/mundo\/2026\/01\/14\/este-es-el-principio-que-protege-a-todos-los-paises-aliados-de-la-otan-desde-la-segunda-guerra-mundial-que-trump-estaria-dispuesto-a-romper-para-tomar-groenlandia\/\\\" target=\\\"_blank\\\" rel=\\\"noreferrer\\\" title=\\\"https:\/\/www.elimparcial.com\/mundo\/2026\/01\/14\/este-es-el-principio-que-protege-a-todos-los-paises-aliados-de-la-otan-desde-la-segunda-guerra-mundial-que-trump-estaria-dispuesto-a-romper-para-tomar-groenlandia\/\\\"><b>OTAN<\/b><\/a>\u2014 sin el consentimiento del aliado o del Consejo del Atl\u00e1ntico Norte.\u00bb,\u00bbtype\u00bb:\u00bbtext\u00bb},{\u00ab_id\u00bb:\u00bbFGE4WI5TSZCQNBS3DHSAXGQ5RM\u00bb,\u00bbadditional_properties\u00bb:{\u00abfullSizeResizeUrl\u00bb:\u00bb\/resizer\/v2\/FGE4WI5TSZCQNBS3DHSAXGQ5RM.jpg?auth=cbef0759b00de1efb19dcef5ace54ab2137709e265f05458af901552765b0232&#8243;,\u00bbgalleries\u00bb:[],\u00bbingestionMethod\u00bb:\u00bbmanual\u00bb,\u00bbmime_type\u00bb:\u00bbimage\/jpeg\u00bb,\u00bboriginalName\u00bb:\u00bbEl imparcial (12).jpg\u00bb,\u00bboriginalUrl\u00bb:\u00bbhttps:\/\/cloudfront-us-east-1.images.arcpublishing.com\/elimparcial\/FGE4WI5TSZCQNBS3DHSAXGQ5RM.jpg\u00bb,\u00bbproxyUrl\u00bb:\u00bb\/resizer\/v2\/FGE4WI5TSZCQNBS3DHSAXGQ5RM.jpg?auth=cbef0759b00de1efb19dcef5ace54ab2137709e265f05458af901552765b0232&#8243;,\u00bbpublished\u00bb:true,\u00bbresizeUrl\u00bb:\u00bb\/resizer\/v2\/FGE4WI5TSZCQNBS3DHSAXGQ5RM.jpg?auth=cbef0759b00de1efb19dcef5ace54ab2137709e265f05458af901552765b0232&#8243;,\u00bbrestricted\u00bb:false,\u00bbthumbnailResizeUrl\u00bb:\u00bb\/resizer\/v2\/FGE4WI5TSZCQNBS3DHSAXGQ5RM.jpg?auth=cbef0759b00de1efb19dcef5ace54ab2137709e265f05458af901552765b0232&#038;width=300&#8243;,\u00bbversion\u00bb:0,\u00bbtemplate_id\u00bb:1220,\u00bbalt_text\u00bb:\u00bb\u00bb,\u00bblink\u00bb:\u00bb\u00bb},\u00bbaddress\u00bb:{},\u00bbauth\u00bb:{\u00ab2&#8243;:\u00bbcbef0759b00de1efb19dcef5ace54ab2137709e265f05458af901552765b0232&#8243;},\u00bbcaption\u00bb:\u00bbL\u00edderes europeos han reiterado que solo Dinamarca y Groenlandia pueden decidir el futuro del territorio. | Cr\u00e9dito: AP\u00bb,\u00bbcreated_date\u00bb:\u00bb2025-08-06T19:26:44Z\u00bb,\u00bbcredits\u00bb:{\u00abaffiliation\u00bb:[]},\u00bbheight\u00bb:1200,\u00bbimage_type\u00bb:\u00bbphotograph\u00bb,\u00bblast_updated_date\u00bb:\u00bb2025-08-06T19:26:44Z\u00bb,\u00bblicensable\u00bb:false,\u00bbowner\u00bb:{\u00abid\u00bb:\u00bbelimparcial\u00bb,\u00bbsponsored\u00bb:false},\u00bbsource\u00bb:{\u00abadditional_properties\u00bb:{\u00abeditor\u00bb:\u00bbphoto center\u00bb},\u00bbedit_url\u00bb:\u00bb\u00bb,\u00bbsystem\u00bb:\u00bbphoto center\u00bb},\u00bbsubtitle\u00bb:\u00bbOTAN advierte estar \u201clista para defenderse\u201d tras incursi\u00f3n de dron ruso con explosivos en Lituania\u00bb,\u00bbtaxonomy\u00bb:{\u00abassociated_tasks\u00bb:[]},\u00bbtype\u00bb:\u00bbimage\u00bb,\u00bburl\u00bb:\u00bbhttps:\/\/cloudfront-us-east-1.images.arcpublishing.com\/elimparcial\/FGE4WI5TSZCQNBS3DHSAXGQ5RM.jpg\u00bb,\u00bbversion\u00bb:\u00bb0.10.9&#8243;,\u00bbwidth\u00bb:1600,\u00bbsyndication\u00bb:{}},{\u00ab_id\u00bb:\u00bbIHIGP4JVGZDQFAGWZCK2WVWZBI\u00bb,\u00bbadditional_properties\u00bb:{},\u00bbcontent\u00bb:\u00bb\u00bb,\u00bbtype\u00bb:\u00bbtext\u00bb},{\u00ab_id\u00bb:\u00bbHXFKUH6O7VDSJPBPCVJ6PIJGTU\u00bb,\u00bbadditional_properties\u00bb:{},\u00bbcontent\u00bb:\u00bb\u00bfC\u00f3mo reaccionan Groenlandia y los pueblos inuit?\u00bb,\u00bblevel\u00bb:2,\u00bbtype\u00bb:\u00bbheader\u00bb},{\u00ab_id\u00bb:\u00bbERIPFSJ5KRFRBKW47AMA3LONGE\u00bb,\u00bbadditional_properties\u00bb:{},\u00bbcontent\u00bb:\u00bbEl primer ministro de Groenlandia, <b>Jens-Frederik Nielsen<\/b>, fue directo esta semana:\u00bb,\u00bbtype\u00bb:\u00bbtext\u00bb},{\u00ab_id\u00bb:\u00bbVBAIBX6UANH7BMLMOBIEDPN2VI\u00bb,\u00bbadditional_properties\u00bb:{\u00ablanguage\u00bb:{\u00abcode\u00bb:\u00bbes\u00bb,\u00bbregion\u00bb:\u00bbES\u00bb}},\u00bbcitation\u00bb:{\u00abcontent\u00bb:\u00bb\u00bb,\u00bbtype\u00bb:\u00bbtext\u00bb},\u00bbcontent_elements\u00bb:[{\u00ab_id\u00bb:\u00bbHCOTQXZS5BAUHNOGOWJHYLWBLI\u00bb,\u00bbadditional_properties\u00bb:{},\u00bbcontent\u00bb:\u00bbSi tenemos que elegir entre Estados Unidos y Dinamarca ahora mismo, elegimos a Dinamarca. Elegimos a la OTAN. Elegimos al Reino de Dinamarca. Elegimos a la UE\u201d.\u00bb,\u00bbtype\u00bb:\u00bbtext\u00bb}],\u00bbsubtype\u00bb:\u00bbpullquote\u00bb,\u00bbtype\u00bb:\u00bbquote\u00bb},{\u00ab_id\u00bb:\u00bbIXUQTUNRMBB5ZE3GI2YZ6XHZNA\u00bb,\u00bbadditional_properties\u00bb:{},\u00bbcontent\u00bb:\u00bbAaja Chemnitz, legisladora groenlandesa, cuestion\u00f3 las versiones de la Casa Blanca:\u00bb,\u00bbtype\u00bb:\u00bbtext\u00bb},{\u00ab_id\u00bb:\u00bb7SDEIC6T6RHGBHTQX47NPFE334&#8243;,\u00bbadditional_properties\u00bb:{},\u00bbcontent\u00bb:\u00bb\u201cHemos escuchado much\u00edsimas mentiras y much\u00edsima <b>exageraci\u00f3n<\/b> sobre las <b>amenazas<\/b> a Groenlandia. Las amenazas que estamos viendo ahora mismo provienen del lado estadounidense\u201d.\u00bb,\u00bbtype\u00bb:\u00bbtext\u00bb},{\u00ab_id\u00bb:\u00bbRV3OVQ4S3BBXRH6QP5PJ2TKKNM\u00bb,\u00bbadditional_properties\u00bb:{\u00abfullSizeResizeUrl\u00bb:\u00bb\/resizer\/v2\/RV3OVQ4S3BBXRH6QP5PJ2TKKNM.jpg?auth=61e2fd78695741914b0a6351ff5488ea1461e5910f9c25ede70238fb31b81ebf\u00bb,\u00bbgalleries\u00bb:[],\u00bbingestionMethod\u00bb:\u00bbmanual\u00bb,\u00bbmime_type\u00bb:\u00bbimage\/jpeg\u00bb,\u00bboriginalName\u00bb:\u00bbdonald trump groenlandia.jpg\u00bb,\u00bboriginalUrl\u00bb:\u00bbhttps:\/\/cloudfront-us-east-1.images.arcpublishing.com\/elimparcial\/RV3OVQ4S3BBXRH6QP5PJ2TKKNM.jpg\u00bb,\u00bbproxyUrl\u00bb:\u00bb\/resizer\/v2\/RV3OVQ4S3BBXRH6QP5PJ2TKKNM.jpg?auth=61e2fd78695741914b0a6351ff5488ea1461e5910f9c25ede70238fb31b81ebf\u00bb,\u00bbpublished\u00bb:true,\u00bbresizeUrl\u00bb:\u00bb\/resizer\/v2\/RV3OVQ4S3BBXRH6QP5PJ2TKKNM.jpg?auth=61e2fd78695741914b0a6351ff5488ea1461e5910f9c25ede70238fb31b81ebf\u00bb,\u00bbrestricted\u00bb:false,\u00bbthumbnailResizeUrl\u00bb:\u00bb\/resizer\/v2\/RV3OVQ4S3BBXRH6QP5PJ2TKKNM.jpg?auth=61e2fd78695741914b0a6351ff5488ea1461e5910f9c25ede70238fb31b81ebf&#038;width=300&#8243;,\u00bbversion\u00bb:0,\u00bbtemplate_id\u00bb:1220},\u00bbaddress\u00bb:{},\u00bbauth\u00bb:{\u00ab2&#8243;:\u00bb61e2fd78695741914b0a6351ff5488ea1461e5910f9c25ede70238fb31b81ebf\u00bb},\u00bbcaption\u00bb:\u00bb\u00bb,\u00bbcreated_date\u00bb:\u00bb2026-01-15T22:31:15Z\u00bb,\u00bbcredits\u00bb:{\u00abaffiliation\u00bb:[]},\u00bbheight\u00bb:1080,\u00bbimage_type\u00bb:\u00bbphotograph\u00bb,\u00bblast_updated_date\u00bb:\u00bb2026-01-15T22:31:15Z\u00bb,\u00bblicensable\u00bb:false,\u00bbowner\u00bb:{\u00abid\u00bb:\u00bbelimparcial\u00bb,\u00bbsponsored\u00bb:false},\u00bbsource\u00bb:{\u00abadditional_properties\u00bb:{\u00abeditor\u00bb:\u00bbphoto center\u00bb},\u00bbedit_url\u00bb:\u00bb\u00bb,\u00bbsystem\u00bb:\u00bbphoto center\u00bb},\u00bbsubtitle\u00bb:\u00bbdonald trump groenlandia\u00bb,\u00bbtaxonomy\u00bb:{\u00abassociated_tasks\u00bb:[]},\u00bbtype\u00bb:\u00bbimage\u00bb,\u00bburl\u00bb:\u00bbhttps:\/\/cloudfront-us-east-1.images.arcpublishing.com\/elimparcial\/RV3OVQ4S3BBXRH6QP5PJ2TKKNM.jpg\u00bb,\u00bbversion\u00bb:\u00bb0.10.9&#8243;,\u00bbwidth\u00bb:1920,\u00bbsyndication\u00bb:{}},{\u00ab_id\u00bb:\u00bbWO2JLXR2NVGYPIYHE5B5W4R5A4&#8243;,\u00bbadditional_properties\u00bb:{},\u00bbcontent\u00bb:\u00bbDesde Nuuk, la presidenta del Consejo Circumpolar Inuit, Sara Olsvig, advirti\u00f3 que estas declaraciones muestran c\u00f3mo una potencia mundial ve a pueblos peque\u00f1os e ind\u00edgenas.\u00bb,\u00bbtype\u00bb:\u00bbtext\u00bb},{\u00ab_id\u00bb:\u00bb4QNEBMYUJRHXVN3LCVIIJ2JHUE\u00bb,\u00bbadditional_properties\u00bb:{},\u00bbcontent\u00bb:\u00bb\u201cEso es realmente preocupante\u201d.\u00bb,\u00bbtype\u00bb:\u00bbtext\u00bb},{\u00ab_id\u00bb:\u00bbPVWM4CM455HL7OWVJB4SCUUIS4&#8243;,\u00bbadditional_properties\u00bb:{},\u00bbcontent\u00bb:\u00bbTambi\u00e9n subray\u00f3 que los inuit de Groenlandia no quieren volver a ser colonizados.\u00bb,\u00bbtype\u00bb:\u00bbtext\u00bb},{\u00ab_id\u00bb:\u00bbTZ4I6KYYUNB3RIF2H4XDEPJHJA\u00bb,\u00bbadditional_properties\u00bb:{},\u00bbcontent\u00bb:\u00bb\u00bfQu\u00e9 implicaciones tiene este conflicto para la poblaci\u00f3n com\u00fan?\u00bb,\u00bblevel\u00bb:2,\u00bbtype\u00bb:\u00bbheader\u00bb},{\u00ab_id\u00bb:\u00bbB2ICW6JXL5CRJFJUEGWPLAJJEQ\u00bb,\u00bbadditional_properties\u00bb:{},\u00bbcontent\u00bb:\u00bbM\u00e1s all\u00e1 del discurso pol\u00edtico, el debate impacta directamente en la vida de los groenlandeses, quienes ven c\u00f3mo su territorio se convierte en un punto de disputa geopol\u00edtica sin que su voluntad sea tomada como eje central.\u00bb,\u00bbtype\u00bb:\u00bbtext\u00bb},{\u00ab_id\u00bb:\u00bb2SYUOIKCE5D7VNWQGCKBCVWZOU\u00bb,\u00bbadditional_properties\u00bb:{},\u00bbcontent\u00bb:\u00bbEl tema tambi\u00e9n abre tensiones dentro de la OTAN, pone a prueba las relaciones entre aliados y reaviva el debate sobre el uso de aranceles como herramienta de presi\u00f3n pol\u00edtica.\u00bb,\u00bbtype\u00bb:\u00bbtext\u00bb},{\u00ab_id\u00bb:\u00bb24Z6NLNT6VBCFNA6V6JMV2ZMEA\u00bb,\u00bbadditional_properties\u00bb:{},\u00bbcontent\u00bb:\u00bb\u00bb,\u00bblevel\u00bb:2,\u00bbtype\u00bb:\u00bbheader\u00bb},{\u00ab_id\u00bb:\u00bb45QRHLYMYNFD5DIUVC6K2JUKKE\u00bb,\u00bbadditional_properties\u00bb:{},\u00bbcontent\u00bb:\u00bbClaves para entender la situaci\u00f3n de Groenlandia \u00ab,\u00bblevel\u00bb:2,\u00bbtype\u00bb:\u00bbheader\u00bb},{\u00ab_id\u00bb:\u00bbXPSCGW7VJZHI3KJPQSCMHELFL4&#8243;,\u00bbitems\u00bb:[{\u00ab_id\u00bb:\u00bbP5ZKKMAIHBH3XMJMTPFVQZ3JKY\u00bb,\u00bbadditional_properties\u00bb:{\u00abindent\u00bb:0},\u00bbalignment\u00bb:\u00bbleft\u00bb,\u00bbcontent\u00bb:\u00bbGroenlandia <b>no es un territorio libre para ser tomado<\/b>: pertenece al <b>Reino de Dinamarca<\/b> y tiene autogobierno.\u00bb,\u00bbtype\u00bb:\u00bbtext\u00bb},{\u00ab_id\u00bb:\u00bb32YNHOZ3IVDXPBKO3FW2XTK7YM\u00bb,\u00bbadditional_properties\u00bb:{\u00abindent\u00bb:0},\u00bbalignment\u00bb:\u00bbleft\u00bb,\u00bbcontent\u00bb:\u00bbNing\u00fan pa\u00eds puede anexar legalmente un territorio aliado sin su consentimiento.\u00bb,\u00bbtype\u00bb:\u00bbtext\u00bb},{\u00ab_id\u00bb:\u00bbEXYWLKG76RAQ7OGL4LXQJVXSSQ\u00bb,\u00bbadditional_properties\u00bb:{\u00abindent\u00bb:0},\u00bbalignment\u00bb:\u00bbleft\u00bb,\u00bbcontent\u00bb:\u00bbEl <b>Congreso de Estados Unidos<\/b> ya impulsa leyes para frenar cualquier intento de toma de control sin autorizaci\u00f3n.\u00bb,\u00bbtype\u00bb:\u00bbtext\u00bb},{\u00ab_id\u00bb:\u00bbVMWHESD6TZFCRDIKRCPZR7D2NU\u00bb,\u00bbadditional_properties\u00bb:{\u00abindent\u00bb:0},\u00bbalignment\u00bb:\u00bbleft\u00bb,\u00bbcontent\u00bb:\u00bbLas declaraciones de Trump no representan, por ahora, una pol\u00edtica aprobada ni un proceso legal en marcha.\u00bb,\u00bbtype\u00bb:\u00bbtext\u00bb},{\u00ab_id\u00bb:\u00bbLBA2QUE4QBC3JO33VVG44UTTWI\u00bb,\u00bbadditional_properties\u00bb:{\u00abindent\u00bb:0},\u00bbalignment\u00bb:\u00bbleft\u00bb,\u00bbcontent\u00bb:\u00bbGroenlandia y sus pueblos ind\u00edgenas han expresado de forma p\u00fablica que no desean quedar bajo control estadounidense.\u00bb,\u00bbtype\u00bb:\u00bbtext\u00bb}],\u00bblist_type\u00bb:\u00bbunordered\u00bb,\u00bbtype\u00bb:\u00bblist\u00bb},{\u00ab_id\u00bb:\u00bbXZLQDH4BAJGHNJPUIWRCHHQMN4&#8243;,\u00bbadditional_properties\u00bb:{},\u00bbcontent\u00bb:\u00bbComprender este contexto ayuda a distinguir entre declaraciones pol\u00edticas, l\u00edmites legales reales y los efectos que estas tensiones pueden tener en la estabilidad internacional.\u00bb,\u00bbtype\u00bb:\u00bbtext\u00bb},{\u00ab_id\u00bb:\u00bbL46MJT2F25A33PMEZVKI5KI3ZA\u00bb,\u00bbadditional_properties\u00bb:{},\u00bbcontent\u00bb:\u00bb<b>Te puede interesar: <\/b><a href=\\\"https:\/\/www.elimparcial.com\/mexico\/2026\/01\/16\/tras-la-captura-de-nicolas-maduro-estados-unidos-dice-ganar-30-mas-por-el-petroleo-venezolano-controla-los-ingresos-en-cuentas-en-qatar-recibe-criticas-en-el-senado-y-aumenta-el-interes-de-empresas-europeas-por-el-crudo-de-pdvsa\/\\\" target=\\\"_blank\\\" rel=\\\"noreferrer\\\" title=\\\"https:\/\/www.elimparcial.com\/mexico\/2026\/01\/16\/tras-la-captura-de-nicolas-maduro-estados-unidos-dice-ganar-30-mas-por-el-petroleo-venezolano-controla-los-ingresos-en-cuentas-en-qatar-recibe-criticas-en-el-senado-y-aumenta-el-interes-de-empresas-europeas-por-el-crudo-de-pdvsa\/\\\"><b>Tras la captura de Nicol\u00e1s Maduro, Estados Unidos dice ganar 30% m\u00e1s por el petr\u00f3leo venezolano: controla los ingresos en cuentas en Qatar, recibe cr\u00edticas en el Senado y aumenta el inter\u00e9s de empresas europeas por el crudo de PDVSA<\/b><\/a>\u00ab,\u00bbtype\u00bb:\u00bbtext\u00bb}],\u00bbcreated_date\u00bb:\u00bb2026-01-16T17:53:39.525Z\u00bb,\u00bbcredits\u00bb:{\u00abby\u00bb:[{\u00ab_id\u00bb:\u00bbacelaya\u00bb,\u00bbtype\u00bb:\u00bbauthor\u00bb,\u00bbversion\u00bb:\u00bb0.5.8&#8243;,\u00bbname\u00bb:\u00bbAna Karen Celaya\u00bb,\u00bbimage\u00bb:{\u00aburl\u00bb:\u00bb\u00bb,\u00bbversion\u00bb:\u00bb0.5.8&#8243;},\u00bbdescription\u00bb:\u00bbEditora Web\u00bb,\u00bburl\u00bb:\u00bb\/people\/ana-karen-celaya\/\u00bb,\u00bbslug\u00bb:\u00bbana-karen-celaya\u00bb,\u00bbsocial_links\u00bb:[{\u00absite\u00bb:\u00bbemail\u00bb,\u00bburl\u00bb:\u00bbacelaya@elimparcial.com\u00bb}],\u00bbsocialLinks\u00bb:[{\u00absite\u00bb:\u00bbemail\u00bb,\u00bburl\u00bb:\u00bbacelaya@elimparcial.com\u00bb,\u00bbdeprecated\u00bb:true,\u00bbdeprecation_msg\u00bb:\u00bbPlease use social_links.\u00bb}],\u00bbadditional_properties\u00bb:{\u00aboriginal\u00bb:{\u00ab_id\u00bb:\u00bbacelaya\u00bb,\u00bbfirstName\u00bb:\u00bbAna Karen\u00bb,\u00bblastName\u00bb:\u00bbCelaya\u00bb,\u00bbbyline\u00bb:\u00bbAna Karen Celaya\u00bb,\u00bbrole\u00bb:\u00bbEditora Web\u00bb,\u00bbimage\u00bb:\u00bb\u00bb,\u00bbemail\u00bb:\u00bbacelaya@elimparcial.com\u00bb,\u00bbaffiliations\u00bb:\u00bb\u00bb,\u00bbeducation\u00bb:[],\u00bbawards\u00bb:[],\u00bbbooks\u00bb:[],\u00bbpodcasts\u00bb:[],\u00bbbio_page\u00bb:\u00bb\/people\/ana-karen-celaya\/\u00bb,\u00bbbio\u00bb:\u00bbEditora Web\u00bb,\u00bblongBio\u00bb:\u00bbEditora Web en EL IMPARCIAL, egresada de la Licenciatura en Literaturas Hisp\u00e1nicas por la Universidad de Sonora. Escribo en las secciones de Nacional, Internacional, Dinero, Espect\u00e1culos, Lo Curioso y Tecnolog\u00eda. En julio de 2022 me un\u00ed al equipo web.\u00bb,\u00bbslug\u00bb:\u00bbana-karen-celaya\u00bb,\u00bbnative_app_rendering\u00bb:false,\u00bbfuzzy_match\u00bb:false,\u00bbcontributor\u00bb:false,\u00bbstatus\u00bb:true,\u00bblast_updated_date\u00bb:\u00bb2025-12-05T16:40:26.872Z\u00bb}}}]},\u00bbdescription\u00bb:{\u00abbasic\u00bb:\u00bbEl presidente de Estados Unidos sugiri\u00f3 que podr\u00eda castigar con aranceles a pa\u00edses que no respalden que Groenlandia quede bajo control estadounidense, una postura que ya provoc\u00f3 rechazo en Europa, cr\u00edticas en el Congreso y preocupaci\u00f3n entre l\u00edderes groenlandeses e inuit.\u00bb},\u00bbdisplay_date\u00bb:\u00bb2026-01-16T19:46:00Z\u00bb,\u00bbdistributor\u00bb:{\u00abcategory\u00bb:\u00bbstaff\u00bb,\u00bbname\u00bb:\u00bbelimparcial\u00bb,\u00bbsubcategory\u00bb:\u00bb\u00bb},\u00bbfirst_publish_date\u00bb:\u00bb2026-01-16T18:45:04.266Z\u00bb,\u00bbheadlines\u00bb:{\u00abbasic\u00bb:\u00bbTrump amenaza con imponer aranceles a pa\u00edses que no apoyen que Estados Unidos tome el control de Groenlandia, mientras aumenta la tensi\u00f3n con Europa y la OTAN\u00bb,\u00bbmeta_title\u00bb:\u00bb\u00bb,\u00bbmobile\u00bb:\u00bb\u00bb,\u00bbnative\u00bb:\u00bb\u00bb,\u00bbprint\u00bb:\u00bb\u00bb,\u00bbtablet\u00bb:\u00bb\u00bb,\u00bbweb\u00bb:\u00bb\u00bb},\u00bblast_updated_date\u00bb:\u00bb2026-01-16T19:46:48.767Z\u00bb,\u00bbowner\u00bb:{\u00abid\u00bb:\u00bbelimparcial\u00bb,\u00bbsponsored\u00bb:false},\u00bbplanning\u00bb:{\u00abstory_length\u00bb:{\u00abcharacter_count_actual\u00bb:6087,\u00bbinch_count_actual\u00bb:8,\u00bbline_count_actual\u00bb:51,\u00bbword_count_actual\u00bb:944}},\u00bbpromo_items\u00bb:{\u00abbasic\u00bb:{\u00ab_id\u00bb:\u00bb4KYTVEP3NNHG3KKG6SFSBPF2BE\u00bb,\u00bbadditional_properties\u00bb:{\u00abfullSizeResizeUrl\u00bb:\u00bb\/resizer\/v2\/4KYTVEP3NNHG3KKG6SFSBPF2BE.jpg?auth=1ec2442616c892347373282992c206f340bbd93db855382283ca7f3f1eaf4e87&#8243;,\u00bbgalleries\u00bb:[],\u00bbingestionMethod\u00bb:\u00bbmanual\u00bb,\u00bbmime_type\u00bb:\u00bbimage\/jpeg\u00bb,\u00bboriginalName\u00bb:\u00bbEl imparcial &#8211; 2026-01-16T114221.699.jpg\u00bb,\u00bboriginalUrl\u00bb:\u00bbhttps:\/\/cloudfront-us-east-1.images.arcpublishing.com\/elimparcial\/4KYTVEP3NNHG3KKG6SFSBPF2BE.jpg\u00bb,\u00bbproxyUrl\u00bb:\u00bb\/resizer\/v2\/4KYTVEP3NNHG3KKG6SFSBPF2BE.jpg?auth=1ec2442616c892347373282992c206f340bbd93db855382283ca7f3f1eaf4e87&#8243;,\u00bbpublished\u00bb:true,\u00bbresizeUrl\u00bb:\u00bb\/resizer\/v2\/4KYTVEP3NNHG3KKG6SFSBPF2BE.jpg?auth=1ec2442616c892347373282992c206f340bbd93db855382283ca7f3f1eaf4e87&#8243;,\u00bbrestricted\u00bb:false,\u00bbthumbnailResizeUrl\u00bb:\u00bb\/resizer\/v2\/4KYTVEP3NNHG3KKG6SFSBPF2BE.jpg?auth=1ec2442616c892347373282992c206f340bbd93db855382283ca7f3f1eaf4e87&#038;width=300&#8243;,\u00bbversion\u00bb:0,\u00bbtemplate_id\u00bb:1220},\u00bbaddress\u00bb:{},\u00bbauth\u00bb:{\u00ab2&#8243;:\u00bb1ec2442616c892347373282992c206f340bbd93db855382283ca7f3f1eaf4e87&#8243;},\u00bbcaption\u00bb:\u00bbTrump amenaza con imponer aranceles a pa\u00edses que no respalden que Estados Unidos tome el control de Groenlandia y abre un nuevo frente de tensi\u00f3n con Europa y la OTAN. | Cr\u00e9dito: AP\u00bb,\u00bbcreated_date\u00bb:\u00bb2026-01-16T18:43:49Z\u00bb,\u00bbcredits\u00bb:{\u00abaffiliation\u00bb:[]},\u00bbheight\u00bb:1200,\u00bbimage_type\u00bb:\u00bbphotograph\u00bb,\u00bblast_updated_date\u00bb:\u00bb2026-01-16T18:43:49Z\u00bb,\u00bblicensable\u00bb:false,\u00bbowner\u00bb:{\u00abid\u00bb:\u00bbelimparcial\u00bb,\u00bbsponsored\u00bb:false},\u00bbsource\u00bb:{\u00abadditional_properties\u00bb:{\u00abeditor\u00bb:\u00bbphoto center\u00bb},\u00bbedit_url\u00bb:\u00bb\u00bb,\u00bbsystem\u00bb:\u00bbphoto center\u00bb},\u00bbsubtitle\u00bb:\u00bbTrump amenaza con imponer aranceles a pa\u00edses que no respalden que Estados Unidos tome el control de Groenlandia y abre un nuevo frente de tensi\u00f3n con Europa y la OTAN\u00bb,\u00bbtaxonomy\u00bb:{\u00abassociated_tasks\u00bb:[]},\u00bbtype\u00bb:\u00bbimage\u00bb,\u00bburl\u00bb:\u00bbhttps:\/\/cloudfront-us-east-1.images.arcpublishing.com\/elimparcial\/4KYTVEP3NNHG3KKG6SFSBPF2BE.jpg\u00bb,\u00bbversion\u00bb:\u00bb0.10.9&#8243;,\u00bbwidth\u00bb:1600,\u00bbsyndication\u00bb:{},\u00bbaspect\u00bb:\u00bb16\/9&#8243;,\u00bbmedia\u00bb:\u00bbei-simple-list\u00bb,\u00bbsmart\u00bb:true}},\u00bbpublish_date\u00bb:\u00bb2026-01-16T19:46:47.923Z\u00bb,\u00bbrelated_content\u00bb:{\u00abbasic\u00bb:[],\u00bbclonedChildren\u00bb:[],\u00bbclonedFromParent\u00bb:[]},\u00bbrevision\u00bb:{\u00abbranch\u00bb:\u00bbdefault\u00bb,\u00bbeditions\u00bb:[\u00abdefault\u00bb],\u00bbparent_id\u00bb:\u00bbTUMELQ3LVJDLTLIUBUK3AKMKQQ\u00bb,\u00bbpublished\u00bb:true,\u00bbrevision_id\u00bb:\u00bbRN5RTPAGRZDPNOVLSTBUT5L5VA\u00bb},\u00bbsource\u00bb:{\u00abname\u00bb:\u00bbelimparcial\u00bb,\u00bbsource_type\u00bb:\u00bbstaff\u00bb,\u00bbsystem\u00bb:\u00bbcomposer\u00bb},\u00bbsubheadlines\u00bb:{\u00abbasic\u00bb:\u00bbEl presidente de Estados Unidos sugiri\u00f3 que podr\u00eda castigar con aranceles a pa\u00edses que no respalden que Groenlandia quede bajo control estadounidense, una postura que ya provoc\u00f3 rechazo en Europa, cr\u00edticas en el Congreso y preocupaci\u00f3n entre l\u00edderes groenlandeses e inuit.\u00bb},\u00bbtaxonomy\u00bb:{\u00abprimary_section\u00bb:{\u00ab_id\u00bb:\u00bb\/mundo\u00bb,\u00bb_website\u00bb:\u00bbelimparcial\u00bb,\u00bbtype\u00bb:\u00bbsection\u00bb,\u00bbversion\u00bb:\u00bb0.6.0&#8243;,\u00bbname\u00bb:\u00bbMundo\u00bb,\u00bbpath\u00bb:\u00bb\/mundo\u00bb,\u00bbparent_id\u00bb:\u00bbhttps:\/\/www.elimparcial.com\/\u00bb,\u00bbparent\u00bb:{\u00abdefault\u00bb:\u00bbhttps:\/\/www.elimparcial.com\/\u00bb},\u00bbadditional_properties\u00bb:{\u00aboriginal\u00bb:{\u00ab_id\u00bb:\u00bb\/mundo\u00bb,\u00bb_website\u00bb:\u00bbelimparcial\u00bb,\u00bbname\u00bb:\u00bbMundo\u00bb,\u00bbinactive\u00bb:false,\u00bbancestors\u00bb:{\u00abcomposer-menu\u00bb:[\u00abhttps:\/\/www.elimparcial.com\/\u00bb],\u00bbdefault\u00bb:[\u00abhttps:\/\/www.elimparcial.com\/\u00bb]},\u00bbparent\u00bb:{\u00abdefault\u00bb:\u00bbhttps:\/\/www.elimparcial.com\/\u00bb,\u00bbcomposer-menu\u00bb:\u00bbhttps:\/\/www.elimparcial.com\/\u00bb},\u00bborder\u00bb:{\u00abcomposer-menu\u00bb:1013,\u00bbdefault\u00bb:1008},\u00bbnode_type\u00bb:\u00bbsection\u00bb}}},\u00bbprimary_site\u00bb:{\u00ab_id\u00bb:\u00bb\/mundo\u00bb,\u00bbtype\u00bb:\u00bbsite\u00bb,\u00bbversion\u00bb:\u00bb0.5.8&#8243;,\u00bbname\u00bb:\u00bbMundo\u00bb,\u00bbpath\u00bb:\u00bb\/mundo\u00bb,\u00bbparent_id\u00bb:\u00bbhttps:\/\/www.elimparcial.com\/\u00bb,\u00bbadditional_properties\u00bb:{\u00aboriginal\u00bb:{\u00ab_id\u00bb:\u00bb\/mundo\u00bb,\u00bbname\u00bb:\u00bbMundo\u00bb,\u00bbinactive\u00bb:false,\u00bbancestors\u00bb:{\u00abcomposer-menu\u00bb:[\u00abhttps:\/\/www.elimparcial.com\/\u00bb],\u00bbdefault\u00bb:[\u00abhttps:\/\/www.elimparcial.com\/\u00bb]},\u00bbparent\u00bb:{\u00abdefault\u00bb:\u00bbhttps:\/\/www.elimparcial.com\/\u00bb,\u00bbcomposer-menu\u00bb:\u00bbhttps:\/\/www.elimparcial.com\/\u00bb},\u00bborder\u00bb:{\u00abcomposer-menu\u00bb:1013,\u00bbdefault\u00bb:1008}}}},\u00bbsections\u00bb:[{\u00ab_id\u00bb:\u00bb\/mundo\u00bb,\u00bb_website\u00bb:\u00bbelimparcial\u00bb,\u00bbtype\u00bb:\u00bbsection\u00bb,\u00bbversion\u00bb:\u00bb0.6.0&#8243;,\u00bbname\u00bb:\u00bbMundo\u00bb,\u00bbpath\u00bb:\u00bb\/mundo\u00bb,\u00bbparent_id\u00bb:\u00bbhttps:\/\/www.elimparcial.com\/\u00bb,\u00bbparent\u00bb:{\u00abdefault\u00bb:\u00bbhttps:\/\/www.elimparcial.com\/\u00bb},\u00bbadditional_properties\u00bb:{\u00aboriginal\u00bb:{\u00ab_id\u00bb:\u00bb\/mundo\u00bb,\u00bb_website\u00bb:\u00bbelimparcial\u00bb,\u00bbname\u00bb:\u00bbMundo\u00bb,\u00bbinactive\u00bb:false,\u00bbancestors\u00bb:{\u00abcomposer-menu\u00bb:[\u00abhttps:\/\/www.elimparcial.com\/\u00bb],\u00bbdefault\u00bb:[\u00abhttps:\/\/www.elimparcial.com\/\u00bb]},\u00bbparent\u00bb:{\u00abdefault\u00bb:\u00bbhttps:\/\/www.elimparcial.com\/\u00bb,\u00bbcomposer-menu\u00bb:\u00bbhttps:\/\/www.elimparcial.com\/\u00bb},\u00bborder\u00bb:{\u00abcomposer-menu\u00bb:1013,\u00bbdefault\u00bb:1008},\u00bbnode_type\u00bb:\u00bbsection\u00bb}},\u00bb_website_section_id\u00bb:\u00bbelimparcial.\/mundo\u00bb},{\u00ab_id\u00bb:\u00bb\/dinero\u00bb,\u00bb_website\u00bb:\u00bbelimparcial\u00bb,\u00bbtype\u00bb:\u00bbsection\u00bb,\u00bbversion\u00bb:\u00bb0.6.0&#8243;,\u00bbname\u00bb:\u00bbDinero\u00bb,\u00bbpath\u00bb:\u00bb\/dinero\u00bb,\u00bbparent_id\u00bb:\u00bbhttps:\/\/www.elimparcial.com\/\u00bb,\u00bbparent\u00bb:{\u00abdefault\u00bb:\u00bbhttps:\/\/www.elimparcial.com\/\u00bb},\u00bbadditional_properties\u00bb:{\u00aboriginal\u00bb:{\u00ab_id\u00bb:\u00bb\/dinero\u00bb,\u00bb_website\u00bb:\u00bbelimparcial\u00bb,\u00bbname\u00bb:\u00bbDinero\u00bb,\u00bbinactive\u00bb:false,\u00bbancestors\u00bb:{\u00abcomposer-menu\u00bb:[\u00abhttps:\/\/www.elimparcial.com\/\u00bb]},\u00bbparent\u00bb:{\u00abdefault\u00bb:\u00bbhttps:\/\/www.elimparcial.com\/\u00bb,\u00bbcomposer-menu\u00bb:\u00bbhttps:\/\/www.elimparcial.com\/\u00bb},\u00bborder\u00bb:{\u00abcomposer-menu\u00bb:1001},\u00bbnode_type\u00bb:\u00bbsection\u00bb}},\u00bb_website_section_id\u00bb:\u00bbelimparcial.\/dinero\u00bb}],\u00bbsites\u00bb:[{\u00ab_id\u00bb:\u00bb\/mundo\u00bb,\u00bbtype\u00bb:\u00bbsite\u00bb,\u00bbversion\u00bb:\u00bb0.5.8&#8243;,\u00bbname\u00bb:\u00bbMundo\u00bb,\u00bbpath\u00bb:\u00bb\/mundo\u00bb,\u00bbparent_id\u00bb:\u00bbhttps:\/\/www.elimparcial.com\/\u00bb,\u00bbadditional_properties\u00bb:{\u00aboriginal\u00bb:{\u00ab_id\u00bb:\u00bb\/mundo\u00bb,\u00bbname\u00bb:\u00bbMundo\u00bb,\u00bbinactive\u00bb:false,\u00bbancestors\u00bb:{\u00abcomposer-menu\u00bb:[\u00abhttps:\/\/www.elimparcial.com\/\u00bb],\u00bbdefault\u00bb:[\u00abhttps:\/\/www.elimparcial.com\/\u00bb]},\u00bbparent\u00bb:{\u00abdefault\u00bb:\u00bbhttps:\/\/www.elimparcial.com\/\u00bb,\u00bbcomposer-menu\u00bb:\u00bbhttps:\/\/www.elimparcial.com\/\u00bb},\u00bborder\u00bb:{\u00abcomposer-menu\u00bb:1013,\u00bbdefault\u00bb:1008}}}},{\u00ab_id\u00bb:\u00bb\/dinero\u00bb,\u00bbtype\u00bb:\u00bbsite\u00bb,\u00bbversion\u00bb:\u00bb0.5.8&#8243;,\u00bbname\u00bb:\u00bbDinero\u00bb,\u00bbpath\u00bb:\u00bb\/dinero\u00bb,\u00bbparent_id\u00bb:\u00bbhttps:\/\/www.elimparcial.com\/\u00bb,\u00bbadditional_properties\u00bb:{\u00aboriginal\u00bb:{\u00ab_id\u00bb:\u00bb\/dinero\u00bb,\u00bbname\u00bb:\u00bbDinero\u00bb,\u00bbinactive\u00bb:false,\u00bbancestors\u00bb:{\u00abcomposer-menu\u00bb:[\u00abhttps:\/\/www.elimparcial.com\/\u00bb]},\u00bbparent\u00bb:{\u00abdefault\u00bb:\u00bbhttps:\/\/www.elimparcial.com\/\u00bb,\u00bbcomposer-menu\u00bb:\u00bbhttps:\/\/www.elimparcial.com\/\u00bb},\u00bborder\u00bb:{\u00abcomposer-menu\u00bb:1001}}}}],\u00bbtags\u00bb:[{\u00ab_id\u00bb:\u00bbJHPWDETNMJGPRFRBIZSONQHDMU\u00bb,\u00bbdescription\u00bb:\u00bbGroenlandia\u00bb,\u00bbslug\u00bb:\u00bbgroenlandia\u00bb,\u00bbtext\u00bb:\u00bbGroenlandia\u00bb},{\u00ab_id\u00bb:\u00bbIQK64RBESJC3RIHCWCYNLQYP6E\u00bb,\u00bbdescription\u00bb:\u00bbDonald trump\u00bb,\u00bbslug\u00bb:\u00bbdonald-trump\u00bb,\u00bbtext\u00bb:\u00bbDonald trump\u00bb},{\u00ab_id\u00bb:\u00bbPTSYERCY4ZD2ZH5HXDVRROAVWM\u00bb,\u00bbdescription\u00bb:\u00bbEstados Unidos\u00bb,\u00bbslug\u00bb:\u00bbestados-unidos\u00bb,\u00bbtext\u00bb:\u00bbEstados Unidos\u00bb},{\u00ab_id\u00bb:\u00bb2XHV3342BJAMRBJNAO5US7QG5A\u00bb,\u00bbdescription\u00bb:\u00bbOTAN\u00bb,\u00bbslug\u00bb:\u00bbotan\u00bb,\u00bbtext\u00bb:\u00bbOTAN\u00bb}]},\u00bbtype\u00bb:\u00bbstory\u00bb,\u00bbversion\u00bb:\u00bb0.10.11&#8243;,\u00bbwebsites\u00bb:{\u00abelimparcial\u00bb:{\u00abwebsite_section\u00bb:{\u00ab_id\u00bb:\u00bb\/mundo\u00bb,\u00bb_website\u00bb:\u00bbelimparcial\u00bb,\u00bbtype\u00bb:\u00bbsection\u00bb,\u00bbversion\u00bb:\u00bb0.6.0&#8243;,\u00bbname\u00bb:\u00bbMundo\u00bb,\u00bbpath\u00bb:\u00bb\/mundo\u00bb,\u00bbparent_id\u00bb:\u00bbhttps:\/\/www.elimparcial.com\/\u00bb,\u00bbparent\u00bb:{\u00abdefault\u00bb:\u00bbhttps:\/\/www.elimparcial.com\/\u00bb},\u00bbadditional_properties\u00bb:{\u00aboriginal\u00bb:{\u00ab_id\u00bb:\u00bb\/mundo\u00bb,\u00bb_website\u00bb:\u00bbelimparcial\u00bb,\u00bbname\u00bb:\u00bbMundo\u00bb,\u00bbinactive\u00bb:false,\u00bbancestors\u00bb:{\u00abcomposer-menu\u00bb:[\u00abhttps:\/\/www.elimparcial.com\/\u00bb],\u00bbdefault\u00bb:[\u00abhttps:\/\/www.elimparcial.com\/\u00bb]},\u00bbparent\u00bb:{\u00abdefault\u00bb:\u00bbhttps:\/\/www.elimparcial.com\/\u00bb,\u00bbcomposer-menu\u00bb:\u00bbhttps:\/\/www.elimparcial.com\/\u00bb},\u00bborder\u00bb:{\u00abcomposer-menu\u00bb:1013,\u00bbdefault\u00bb:1008},\u00bbnode_type\u00bb:\u00bbsection\u00bb}},\u00bb_website_section_id\u00bb:\u00bbelimparcial.\/mundo\u00bb},\u00bbwebsite_url\u00bb:\u00bbhttps:\/\/www.elimparcial.com\/mundo\/2026\/01\/16\/trump-advierte-que-impondra-aranceles-a-paises-que-no-apoyen-que-estados-unidos-se-quede-con-groenlandia-mientras-aumenta-la-tension-con-europa-y-la-otan\/\u00bb}},\u00bbworkflow\u00bb:{\u00abstatus_code\u00bb:3},\u00bbcanonical_url\u00bb:\u00bbhttps:\/\/www.elimparcial.com\/mundo\/2026\/01\/16\/trump-advierte-que-impondra-aranceles-a-paises-que-no-apoyen-que-estados-unidos-se-quede-con-groenlandia-mientras-aumenta-la-tension-con-europa-y-la-otan\/\u00bb,\u00bbpublishing\u00bb:{\u00abscheduled_operations\u00bb:{\u00abpublish_edition\u00bb:[],\u00bbunpublish_edition\u00bb:[]}},\u00bbwebsite\u00bb:\u00bbelimparcial\u00bb,\u00bbwebsite_url\u00bb:\u00bbhttps:\/\/www.elimparcial.com\/mundo\/2026\/01\/16\/trump-advierte-que-impondra-aranceles-a-paises-que-no-apoyen-que-estados-unidos-se-quede-con-groenlandia-mientras-aumenta-la-tension-con-europa-y-la-otan\/\u00bb}],\u00bbexpires\u00bb:1768669929664,\u00bblastModified\u00bb:1768669629371}}};Fusion.layout=\u00bbei-article\u00bb;Fusion.metas={\u00abpage-type\u00bb:{\u00abvalue\u00bb:\u00bbarticle\u00bb,\u00bbhtml\u00bb:true}};Fusion.outputType=\u00bbdefault\u00bb;Fusion.template=\u00bbtemplate\/tvD3et8y8nOBylBVt\u00bb;Fusion.tree={\u00abcollection\u00bb:\u00bblayouts\u00bb,\u00bbtype\u00bb:\u00bbei-article\u00bb,\u00bbprops\u00bb:{\u00abcollection\u00bb:\u00bblayouts\u00bb,\u00bbtype\u00bb:\u00bbei-article\u00bb,\u00bbid\u00bb:\u00bbei-article\u00bb,\u00bbchildProps\u00bb:[{\u00abcollection\u00bb:\u00bbsections\u00bb,\u00bbid\u00bb:0},{\u00abcollection\u00bb:\u00bbsections\u00bb,\u00bbid\u00bb:1},{\u00abcollection\u00bb:\u00bbsections\u00bb,\u00bbid\u00bb:2},{\u00abcollection\u00bb:\u00bbsections\u00bb,\u00bbid\u00bb:3},{\u00abcollection\u00bb:\u00bbsections\u00bb,\u00bbid\u00bb:4},{\u00abcollection\u00bb:\u00bbsections\u00bb,\u00bbid\u00bb:5}]},\u00bbchildren\u00bb:[{\u00abcollection\u00bb:\u00bbsections\u00bb,\u00bbprops\u00bb:{\u00abcollection\u00bb:\u00bbsections\u00bb,\u00bbid\u00bb:0},\u00bbchildren\u00bb:[{\u00abcollection\u00bb:\u00bbfeatures\u00bb,\u00bbtype\u00bb:\u00bbei-masthead\/default\u00bb,\u00bbprops\u00bb:{\u00abcollection\u00bb:\u00bbfeatures\u00bb,\u00bbtype\u00bb:\u00bbei-masthead\/default\u00bb,\u00bbid\u00bb:\u00bbf0fGmqDjTS3R7U\u00bb,\u00bbname\u00bb:\u00bbEI &#8211; Masthead\u00bb,\u00bbcontentConfig\u00bb:{\u00abcontentService\u00bb:\u00bb\u00bb,\u00bbcontentConfigValues\u00bb:{},\u00bbinherit\u00bb:true},\u00bbcustomFields\u00bb:{\u00abnavigationConfig\u00bb:{\u00abcontentService\u00bb:\u00bbsite-service-hierarchy\u00bb,\u00bbcontentConfigValues\u00bb:{\u00abhierarchy\u00bb:\u00bbNavbar\u00bb,\u00bbsectionId\u00bb:\u00bb\u00bb}},\u00bbcustomShare\u00bb:true,\u00bbcustomTwitterUsername\u00bb:\u00bbHoyCripto\u00bb,\u00bbcustomFacebookPage\u00bb:\u00bbhttps:\/\/www.facebook.com\/HoyCripto\u00bb,\u00bbcustomInstagramUsername\u00bb:\u00bbhoycripto\u00bb,\u00bbcustomYoutubeChannel\u00bb:\u00bbhttps:\/\/www.youtube.com\/channel\/UCRAeC1lzO7ZqgViB9WzR0Cw\u00bb,\u00bbcustomTikTokChannel\u00bb:\u00bbhttps:\/\/www.tiktok.com\/@elimparcialcom\u00bb,\u00bbcustomThreadsChannel\u00bb:\u00bbhttps:\/\/www.threads.net\/@elimparcial\u00bb,\u00bbdescriptionText\u00bb:\u00bbEn Vivo:\u00bb,\u00bbliveBarContentConfig\u00bb:{\u00abcontentConfigValues\u00bb:{},\u00bbcontentService\u00bb:\u00bb\u00bb},\u00bbcustomFooterCopyrightText\u00bb:\u00bb\u00a9 Hoy Cripto, 2023.\u00bb},\u00bbdisplayProperties\u00bb:{},\u00bblocalEdits\u00bb:{},\u00bbvariants\u00bb:{}}}]},{\u00abcollection\u00bb:\u00bbsections\u00bb,\u00bbprops\u00bb:{\u00abcollection\u00bb:\u00bbsections\u00bb,\u00bbid\u00bb:1},\u00bbchildren\u00bb:[{\u00abcollection\u00bb:\u00bbfeatures\u00bb,\u00bbtype\u00bb:\u00bbads\/default\u00bb,\u00bbprops\u00bb:{\u00abcollection\u00bb:\u00bbfeatures\u00bb,\u00bbtype\u00bb:\u00bbads\/default\u00bb,\u00bbid\u00bb:\u00bbf0flw7LQTS3RFs\u00bb,\u00bbname\u00bb:\u00bbAd Block\u00bb,\u00bbcontentConfig\u00bb:{\u00abcontentService\u00bb:\u00bb\u00bb,\u00bbcontentConfigValues\u00bb:{},\u00bbinherit\u00bb:true},\u00bbcustomFields\u00bb:{\u00abadType\u00bb:\u00bbresponsive_article_leaderboard_1&#8243;,\u00bblazyLoad\u00bb:true,\u00bbdisplayAdLabel\u00bb:false,\u00bbadLabel\u00bb:\u00bb\u00bb,\u00bbreserveSpace\u00bb:true,\u00bbhideOnTablet\u00bb:true,\u00bbhideOnMobile\u00bb:false,\u00bbbackgroundColor\u00bb:\u00bb#fff\u00bb},\u00bbdisplayProperties\u00bb:{},\u00bblocalEdits\u00bb:{},\u00bbvariants\u00bb:{}}}]},{\u00abcollection\u00bb:\u00bbsections\u00bb,\u00bbprops\u00bb:{\u00abcollection\u00bb:\u00bbsections\u00bb,\u00bbid\u00bb:2},\u00bbchildren\u00bb:[{\u00abcollection\u00bb:\u00bbfeatures\u00bb,\u00bbtype\u00bb:\u00bbei-article-aperture\/default\u00bb,\u00bbprops\u00bb:{\u00abcollection\u00bb:\u00bbfeatures\u00bb,\u00bbtype\u00bb:\u00bbei-article-aperture\/default\u00bb,\u00bbid\u00bb:\u00bbf0fMpqToyC7yzj\u00bb,\u00bbname\u00bb:\u00bbEI &#8211; Article Aperture\u00bb,\u00bbcontentConfig\u00bb:{\u00abcontentService\u00bb:\u00bb\u00bb,\u00bbcontentConfigValues\u00bb:{},\u00bbinherit\u00bb:true},\u00bbcustomFields\u00bb:{},\u00bbdisplayProperties\u00bb:{},\u00bblocalEdits\u00bb:{},\u00bbvariants\u00bb:{}}},{\u00abcollection\u00bb:\u00bbchains\u00bb,\u00bbtype\u00bb:\u00bbarticle-body\u00bb,\u00bbprops\u00bb:{\u00abcollection\u00bb:\u00bbchains\u00bb,\u00bbtype\u00bb:\u00bbarticle-body\u00bb,\u00bbid\u00bb:\u00bbc0fCGaiFUS3RPh\u00bb,\u00bbname\u00bb:\u00bbArticle Body \u2013 Hoy Cripto\u00bb,\u00bbcustomFields\u00bb:{\u00abshrinkToFit\u00bb:true,\u00bbviewportPercentage\u00bb:65,\u00bbelementPlacement\u00bb:{\u00ab1&#8243;:\u00bb2&#8243;,\u00bb2&#8243;:\u00bb3&#8243;,\u00bb3&#8243;:\u00bb4&#8243;,\u00bb4&#8243;:\u00bb6&#8243;,\u00bb5&#8243;:\u00bb6&#8243;,\u00bb6&#8243;:\u00bb6&#8243;,\u00bb7&#8243;:\u00bb8&#8243;,\u00bb8&#8243;:\u00bb8&#8243;,\u00bb9&#8243;:\u00bb10&#8243;,\u00bb10&#8243;:\u00bb12&#8243;,\u00bb11&#8243;:\u00bb14&#8243;,\u00bb12&#8243;:\u00bb16&#8243;,\u00bb13&#8243;:\u00bb18&#8243;}},\u00bbdisplayProperties\u00bb:{}},\u00bbchildren\u00bb:[{\u00abcollection\u00bb:\u00bbfeatures\u00bb,\u00bbtype\u00bb:\u00bbhtmlRaw\/default\u00bb,\u00bbprops\u00bb:{\u00abcollection\u00bb:\u00bbfeatures\u00bb,\u00bbtype\u00bb:\u00bbhtmlRaw\/default\u00bb,\u00bbid\u00bb:\u00bbf0flCRCabers2iF\u00bb,\u00bbname\u00bb:\u00bbTruvidPos\u00bb,\u00bbcontentConfig\u00bb:{\u00abcontentService\u00bb:\u00bb\u00bb,\u00bbcontentConfigValues\u00bb:{},\u00bbinherit\u00bb:true},\u00bbcustomFields\u00bb:{\u00abshowRawHtml\u00bb:true,\u00bbHTML\u00bb:\u00bb\\n\\n\u00bb},\u00bbdisplayProperties\u00bb:{},\u00bblocalEdits\u00bb:{},\u00bbvariants\u00bb:{}}},{\u00abcollection\u00bb:\u00bbfeatures\u00bb,\u00bbtype\u00bb:\u00bbrecommended-card\/default\u00bb,\u00bbprops\u00bb:{\u00abcollection\u00bb:\u00bbfeatures\u00bb,\u00bbtype\u00bb:\u00bbrecommended-card\/default\u00bb,\u00bbid\u00bb:\u00bbf0fEcOyYTS3RWy\u00bb,\u00bbname\u00bb:\u00bbrecommended-card default\u00bb,\u00bbcontentConfig\u00bb:{\u00abcontentService\u00bb:\u00bb\u00bb,\u00bbcontentConfigValues\u00bb:{},\u00bbinherit\u00bb:true},\u00bbcustomFields\u00bb:{\u00aboffSet\u00bb:0},\u00bbdisplayProperties\u00bb:{},\u00bblocalEdits\u00bb:{},\u00bbvariants\u00bb:{}}},{\u00abcollection\u00bb:\u00bbfeatures\u00bb,\u00bbtype\u00bb:\u00bbhtmlRaw\/default\u00bb,\u00bbprops\u00bb:{\u00abcollection\u00bb:\u00bbfeatures\u00bb,\u00bbtype\u00bb:\u00bbhtmlRaw\/default\u00bb,\u00bbid\u00bb:\u00bbf0fFqrC9uSnD5RV\u00bb,\u00bbname\u00bb:\u00bbTeadsPos\u00bb,\u00bbcontentConfig\u00bb:{\u00abcontentService\u00bb:\u00bb\u00bb,\u00bbcontentConfigValues\u00bb:{},\u00bbinherit\u00bb:true},\u00bbcustomFields\u00bb:{\u00abshowRawHtml\u00bb:true,\u00bbHTML\u00bb:\u00bb\\n\\n\u00bb,\u00bbpbInternal_cloneId\u00bb:\u00bbf0fFqrC9uSnD5RV\u00bb},\u00bbdisplayProperties\u00bb:{},\u00bblocalEdits\u00bb:{},\u00bbvariants\u00bb:{}}},{\u00abcollection\u00bb:\u00bbfeatures\u00bb,\u00bbtype\u00bb:\u00bbads\/default\u00bb,\u00bbprops\u00bb:{\u00abcollection\u00bb:\u00bbfeatures\u00bb,\u00bbtype\u00bb:\u00bbads\/default\u00bb,\u00bbid\u00bb:\u00bbf0fey0eND56k1px\u00bb,\u00bbname\u00bb:\u00bbAd Block &#8211; Parallaxer\u00bb,\u00bbcontentConfig\u00bb:{\u00abcontentService\u00bb:\u00bb\u00bb,\u00bbcontentConfigValues\u00bb:{},\u00bbinherit\u00bb:true},\u00bbcustomFields\u00bb:{\u00abadType\u00bb:\u00bbdesktop_home_parallaxer\u00bb,\u00bblazyLoad\u00bb:true,\u00bbdisplayAdLabel\u00bb:false,\u00bbadLabel\u00bb:\u00bbPublicidad\u00bb,\u00bbreserveSpace\u00bb:true,\u00bbhideOnTablet\u00bb:true,\u00bbhideOnMobile\u00bb:true,\u00bbhideOnDesktop\u00bb:true},\u00bbdisplayProperties\u00bb:{},\u00bblocalEdits\u00bb:{},\u00bbvariants\u00bb:{}}},{\u00abcollection\u00bb:\u00bbfeatures\u00bb,\u00bbtype\u00bb:\u00bbads\/default\u00bb,\u00bbprops\u00bb:{\u00abcollection\u00bb:\u00bbfeatures\u00bb,\u00bbtype\u00bb:\u00bbads\/default\u00bb,\u00bbid\u00bb:\u00bbf0flcoD2US3ROs\u00bb,\u00bbname\u00bb:\u00bbArticle Ad Block 1&#8243;,\u00bbcontentConfig\u00bb:{\u00abcontentService\u00bb:\u00bb\u00bb,\u00bbcontentConfigValues\u00bb:{},\u00bbinherit\u00bb:true},\u00bbcustomFields\u00bb:{\u00abadType\u00bb:\u00bbresponsive_article_box_2&#8243;,\u00bblazyLoad\u00bb:true,\u00bbdisplayAdLabel\u00bb:false,\u00bbreserveSpace\u00bb:true,\u00bbbackgroundColor\u00bb:\u00bb#fff\u00bb,\u00bbborderColor\u00bb:\u00bb#d5d5d5&#8243;,\u00bbhideOnMobile\u00bb:true,\u00bbhideOnTablet\u00bb:true},\u00bbdisplayProperties\u00bb:{},\u00bblocalEdits\u00bb:{},\u00bbvariants\u00bb:{}}},{\u00abcollection\u00bb:\u00bbfeatures\u00bb,\u00bbtype\u00bb:\u00bbads\/default\u00bb,\u00bbprops\u00bb:{\u00abcollection\u00bb:\u00bbfeatures\u00bb,\u00bbtype\u00bb:\u00bbads\/default\u00bb,\u00bbid\u00bb:\u00bbf0fXjMOsoKLY2On\u00bb,\u00bbname\u00bb:\u00bbArticle Ad Block 1-1&#8243;,\u00bbcontentConfig\u00bb:{\u00abcontentService\u00bb:\u00bb\u00bb,\u00bbcontentConfigValues\u00bb:{},\u00bbinherit\u00bb:true},\u00bbcustomFields\u00bb:{\u00abadType\u00bb:\u00bbresponsive_article_box_1&#8243;,\u00bblazyLoad\u00bb:true,\u00bbdisplayAdLabel\u00bb:false,\u00bbreserveSpace\u00bb:true,\u00bbbackgroundColor\u00bb:\u00bb#fff\u00bb,\u00bbborderColor\u00bb:\u00bb\u00bb,\u00bbpbInternal_cloneId\u00bb:\u00bbf0fXjMOsoKLY2On\u00bb,\u00bbhideOnDesktop\u00bb:true},\u00bbdisplayProperties\u00bb:{},\u00bblocalEdits\u00bb:{},\u00bbvariants\u00bb:{}}},{\u00abcollection\u00bb:\u00bbfeatures\u00bb,\u00bbtype\u00bb:\u00bbads\/default\u00bb,\u00bbprops\u00bb:{\u00abcollection\u00bb:\u00bbfeatures\u00bb,\u00bbtype\u00bb:\u00bbads\/default\u00bb,\u00bbid\u00bb:\u00bbf0f6Ff17US3RWq\u00bb,\u00bbname\u00bb:\u00bbArticle Ad Block 2&#8243;,\u00bbcontentConfig\u00bb:{\u00abcontentService\u00bb:\u00bb\u00bb,\u00bbcontentConfigValues\u00bb:{},\u00bbinherit\u00bb:true},\u00bbcustomFields\u00bb:{\u00abadType\u00bb:\u00bbresponsive_article_box_3&#8243;,\u00bblazyLoad\u00bb:true,\u00bbdisplayAdLabel\u00bb:false,\u00bbreserveSpace\u00bb:true,\u00bbpbInternal_cloneId\u00bb:\u00bbf0ffh2m7iOXl5yI\u00bb,\u00bbbackgroundColor\u00bb:\u00bb#fff\u00bb,\u00bbborderColor\u00bb:\u00bb#d5d5d5&#8243;,\u00bbhideOnMobile\u00bb:true,\u00bbhideOnTablet\u00bb:true},\u00bbdisplayProperties\u00bb:{},\u00bblocalEdits\u00bb:{},\u00bbvariants\u00bb:{}}},{\u00abcollection\u00bb:\u00bbfeatures\u00bb,\u00bbtype\u00bb:\u00bbads\/default\u00bb,\u00bbprops\u00bb:{\u00abcollection\u00bb:\u00bbfeatures\u00bb,\u00bbtype\u00bb:\u00bbads\/default\u00bb,\u00bbid\u00bb:\u00bbf0fI7oLb04CDhR\u00bb,\u00bbname\u00bb:\u00bbArticle Ad Block 2-1&#8243;,\u00bbcontentConfig\u00bb:{\u00abcontentService\u00bb:\u00bb\u00bb,\u00bbcontentConfigValues\u00bb:{},\u00bbinherit\u00bb:true},\u00bbcustomFields\u00bb:{\u00abadType\u00bb:\u00bbresponsive_article_box_2&#8243;,\u00bblazyLoad\u00bb:true,\u00bbdisplayAdLabel\u00bb:false,\u00bbreserveSpace\u00bb:true,\u00bbpbInternal_cloneId\u00bb:\u00bbf0fI7oLb04CDhR\u00bb,\u00bbbackgroundColor\u00bb:\u00bb#fff\u00bb,\u00bbborderColor\u00bb:\u00bb#d5d5d5&#8243;,\u00bbhideOnDesktop\u00bb:true},\u00bbdisplayProperties\u00bb:{},\u00bblocalEdits\u00bb:{},\u00bbvariants\u00bb:{}}},{\u00abcollection\u00bb:\u00bbfeatures\u00bb,\u00bbtype\u00bb:\u00bbads\/default\u00bb,\u00bbprops\u00bb:{\u00abcollection\u00bb:\u00bbfeatures\u00bb,\u00bbtype\u00bb:\u00bbads\/default\u00bb,\u00bbid\u00bb:\u00bbf0f7TSvgUS3RIN\u00bb,\u00bbname\u00bb:\u00bbArticle Ad Block 3&#8243;,\u00bbcontentConfig\u00bb:{\u00abcontentService\u00bb:\u00bb\u00bb,\u00bbcontentConfigValues\u00bb:{},\u00bbinherit\u00bb:true},\u00bbcustomFields\u00bb:{\u00abadType\u00bb:\u00bbresponsive_article_box_4&#8243;,\u00bblazyLoad\u00bb:true,\u00bbdisplayAdLabel\u00bb:false,\u00bbreserveSpace\u00bb:true,\u00bbpbInternal_cloneId\u00bb:\u00bbf0f0l5uTlnYZbmw\u00bb,\u00bbbackgroundColor\u00bb:\u00bb#fff\u00bb,\u00bbborderColor\u00bb:\u00bb#d5d5d5&#8243;},\u00bbdisplayProperties\u00bb:{},\u00bblocalEdits\u00bb:{},\u00bbvariants\u00bb:{}}},{\u00abcollection\u00bb:\u00bbfeatures\u00bb,\u00bbtype\u00bb:\u00bbrecommended-card\/default\u00bb,\u00bbprops\u00bb:{\u00abcollection\u00bb:\u00bbfeatures\u00bb,\u00bbtype\u00bb:\u00bbrecommended-card\/default\u00bb,\u00bbid\u00bb:\u00bbf0fxsdvcUS3RVl\u00bb,\u00bbname\u00bb:\u00bbrecommended-card default-1&#8243;,\u00bbcontentConfig\u00bb:{\u00abcontentService\u00bb:\u00bb\u00bb,\u00bbcontentConfigValues\u00bb:{},\u00bbinherit\u00bb:true},\u00bbcustomFields\u00bb:{\u00abpbInternal_cloneId\u00bb:\u00bbf0fSXIgd60G112W\u00bb,\u00bboffSet\u00bb:1},\u00bbdisplayProperties\u00bb:{},\u00bblocalEdits\u00bb:{},\u00bbvariants\u00bb:{}}},{\u00abcollection\u00bb:\u00bbfeatures\u00bb,\u00bbtype\u00bb:\u00bbads\/default\u00bb,\u00bbprops\u00bb:{\u00abcollection\u00bb:\u00bbfeatures\u00bb,\u00bbtype\u00bb:\u00bbads\/default\u00bb,\u00bbid\u00bb:\u00bbf0fNgQEjUS3RCm\u00bb,\u00bbname\u00bb:\u00bbArticle Ad Block 4&#8243;,\u00bbcontentConfig\u00bb:{\u00abcontentService\u00bb:\u00bb\u00bb,\u00bbcontentConfigValues\u00bb:{},\u00bbinherit\u00bb:true},\u00bbcustomFields\u00bb:{\u00abadType\u00bb:\u00bbresponsive_article_box_5&#8243;,\u00bblazyLoad\u00bb:true,\u00bbdisplayAdLabel\u00bb:false,\u00bbreserveSpace\u00bb:true,\u00bbpbInternal_cloneId\u00bb:\u00bbf0fenCs0nx21cei\u00bb,\u00bbbackgroundColor\u00bb:\u00bb#fff\u00bb,\u00bbborderColor\u00bb:\u00bb#d5d5d5&#8243;},\u00bbdisplayProperties\u00bb:{},\u00bblocalEdits\u00bb:{},\u00bbvariants\u00bb:{}}},{\u00abcollection\u00bb:\u00bbfeatures\u00bb,\u00bbtype\u00bb:\u00bbads\/default\u00bb,\u00bbprops\u00bb:{\u00abcollection\u00bb:\u00bbfeatures\u00bb,\u00bbtype\u00bb:\u00bbads\/default\u00bb,\u00bbid\u00bb:\u00bbf0fC8aWmUS3R2E\u00bb,\u00bbname\u00bb:\u00bbArticle Ad Block 5&#8243;,\u00bbcontentConfig\u00bb:{\u00abcontentService\u00bb:\u00bb\u00bb,\u00bbcontentConfigValues\u00bb:{},\u00bbinherit\u00bb:true},\u00bbcustomFields\u00bb:{\u00abadType\u00bb:\u00bbresponsive_article_box_6&#8243;,\u00bblazyLoad\u00bb:true,\u00bbdisplayAdLabel\u00bb:false,\u00bbreserveSpace\u00bb:true,\u00bbpbInternal_cloneId\u00bb:\u00bbf0fcRh2Vdb8D3u9&#8243;,\u00bbbackgroundColor\u00bb:\u00bb#fff\u00bb,\u00bbborderColor\u00bb:\u00bb#d5d5d5&#8243;},\u00bbdisplayProperties\u00bb:{},\u00bblocalEdits\u00bb:{},\u00bbvariants\u00bb:{}}},{\u00abcollection\u00bb:\u00bbfeatures\u00bb,\u00bbtype\u00bb:\u00bbads\/default\u00bb,\u00bbprops\u00bb:{\u00abcollection\u00bb:\u00bbfeatures\u00bb,\u00bbtype\u00bb:\u00bbads\/default\u00bb,\u00bbid\u00bb:\u00bbf0fMS9puMpB82FV\u00bb,\u00bbname\u00bb:\u00bbArticle Ad Block 1&#215;1&#8243;,\u00bbcontentConfig\u00bb:{\u00abcontentService\u00bb:\u00bb\u00bb,\u00bbcontentConfigValues\u00bb:{},\u00bbinherit\u00bb:true},\u00bbcustomFields\u00bb:{\u00abadType\u00bb:\u00bbDesktop_Article_1x1&#8243;,\u00bblazyLoad\u00bb:true,\u00bbdisplayAdLabel\u00bb:false,\u00bbreserveSpace\u00bb:false,\u00bbbackgroundColor\u00bb:\u00bb#fff\u00bb,\u00bbborderColor\u00bb:\u00bb#d5d5d5&#8243;,\u00bbpbInternal_cloneId\u00bb:\u00bbf0fMS9puMpB82FV\u00bb},\u00bbdisplayProperties\u00bb:{},\u00bblocalEdits\u00bb:{},\u00bbvariants\u00bb:{}}}]},{\u00abcollection\u00bb:\u00bbfeatures\u00bb,\u00bbtype\u00bb:\u00bb@wpmedia\/htmlbox-block\/htmlbox\u00bb,\u00bbprops\u00bb:{\u00abcollection\u00bb:\u00bbfeatures\u00bb,\u00bbtype\u00bb:\u00bb@wpmedia\/htmlbox-block\/htmlbox\u00bb,\u00bbid\u00bb:\u00bbf0fIceQPtdrA1qa\u00bb,\u00bbname\u00bb:\u00bbHTML Box \u2013 Arc Block\u00bb,\u00bbcontentConfig\u00bb:{\u00abcontentService\u00bb:\u00bb\u00bb,\u00bbcontentConfigValues\u00bb:{},\u00bbinherit\u00bb:true},\u00bbcustomFields\u00bb:{\u00abHTML\u00bb:\u00bb\\n.whatsappContent {\\n  position:relative;\\n  padding-left:130px;\\n  color: #000;\\n  display: flex;\\n  align-items: center;\\n  flex-wrap: nowrap;\\n  margin-bottom: 30px;\\n}\\n\\n.whatsappLine {\\n  padding: 10px 0 10px 0;\\n  border-top: 1px solid #d1d7dc;\\n  border-bottom: 1px solid #d1d7dc;\\n  width:100%;\\n}\\n\\ndiv.whatsappHeader img.whatsappHeader_img {\\n  float: left;\\n  margin-right: 7px;\\n  margin-top: 3px;\\n}\\n\\n.whatsappHeader,\\n.whatsappBody {\\n  float: left;\\n  margin-left: 10px;\\n}\\n\\n.whatsappHeader_titleText {\\n  display: inline-block;\\n  vertical-align: top;\\n  font-size: 15px;\\n  white-space: nowrap;\\n}\\n\\n.whatsappBodyText {\\n  font: 700 20px  &#8216;Montserrat&#8217;;\\n}\\n\\n.whatsappBodySubText {\\n    font: 15px &#8216;Montserrat&#8217;;\\n}\\n\\n.whatsappBodyText span {\\n    color: #00a500;\\n}\\n\\n.link {\\n  font: 600 15px &#8216;Montserrat&#8217;;\\n  text-decoration: underline;\\n  cursor:pointer;\\n  color: #000000;\\n}\\n\\n@media only screen and (max-width : 900px) {\\n.whatsappContent {\\n   padding-left: 0;\\n}\\n\\n.whatsappBodyText {\\n   font-size: 23px;\\n}\\n\\n.whatsappHeader_titleText {\\n  display:none;\\n}\\n\\n.whatsappHeader, .whatsappBody {\\n    margin-left: 7px;\\n}\\n\\n.whatsappLine {\\n    display: flex;\\n}\\n\\n.whatsappHeader svg {\\n    width:50px;\\n    height:50px;\\n}\\n\\n\\n}\\n\\n\\n\\n \\n      \\n        \\n\\n\\n\\n\\n        \\n        \\n          <\/p>\n<p class=\"whatsappBodyText\">Sigue nuestro canal de WhatsApp <\/p>\n<p>\\n<\/p>\n<p class=\"whatsappBodySubText\">Recibe las noticias m\u00e1s importantes del d\u00eda. Da click <a class=\"link\" href=\"https:\/\/www.elimparcial.com\/boletin-whatsapp\/\" target=\"_blank\" rel=\"nofollow noopener\">aqu\u00ed<\/a><\/p>\n<p>\\n      \\n    \\n\u00bb},\u00bbdisplayProperties\u00bb:{},\u00bblocalEdits\u00bb:{},\u00bbvariants\u00bb:{}}},{\u00abcollection\u00bb:\u00bbfeatures\u00bb,\u00bbtype\u00bb:\u00bbei-recommended-feed\/default\u00bb,\u00bbprops\u00bb:{\u00abcollection\u00bb:\u00bbfeatures\u00bb,\u00bbtype\u00bb:\u00bbei-recommended-feed\/default\u00bb,\u00bbid\u00bb:\u00bbf0fqYVrnjbMv1FN\u00bb,\u00bbname\u00bb:\u00bbEI &#8211; Recommended Feed\u00bb,\u00bbcontentConfig\u00bb:{\u00abcontentService\u00bb:\u00bb\u00bb,\u00bbcontentConfigValues\u00bb:{},\u00bbinherit\u00bb:true},\u00bbcustomFields\u00bb:{\u00aboffSet\u00bb:2},\u00bbdisplayProperties\u00bb:{},\u00bblocalEdits\u00bb:{},\u00bbvariants\u00bb:{}}},{\u00abcollection\u00bb:\u00bbfeatures\u00bb,\u00bbtype\u00bb:\u00bbei-tag\/default\u00bb,\u00bbprops\u00bb:{\u00abcollection\u00bb:\u00bbfeatures\u00bb,\u00bbtype\u00bb:\u00bbei-tag\/default\u00bb,\u00bbid\u00bb:\u00bbf0f3kmvD64fG2RW\u00bb,\u00bbname\u00bb:\u00bbEI &#8211; Tags\u00bb,\u00bbcontentConfig\u00bb:{\u00abcontentService\u00bb:\u00bb\u00bb,\u00bbcontentConfigValues\u00bb:{},\u00bbinherit\u00bb:true},\u00bbcustomFields\u00bb:{},\u00bbdisplayProperties\u00bb:{},\u00bblocalEdits\u00bb:{},\u00bbvariants\u00bb:{}}},{\u00abcollection\u00bb:\u00bbfeatures\u00bb,\u00bbtype\u00bb:\u00bbhtmlRaw\/default\u00bb,\u00bbprops\u00bb:{\u00abcollection\u00bb:\u00bbfeatures\u00bb,\u00bbtype\u00bb:\u00bbhtmlRaw\/default\u00bb,\u00bbid\u00bb:\u00bbf0fOhUYUOfal1Tq\u00bb,\u00bbname\u00bb:\u00bbEI &#8211; HTML Storifyme\u00bb,\u00bbcontentConfig\u00bb:{\u00abcontentService\u00bb:\u00bb\u00bb,\u00bbcontentConfigValues\u00bb:{},\u00bbinherit\u00bb:true},\u00bbcustomFields\u00bb:{\u00abshowRawHtml\u00bb:false,\u00bbHTML\u00bb:\u00bb\\n\\t  \\n\\t  \\n\u00bb},\u00bbdisplayProperties\u00bb:{},\u00bblocalEdits\u00bb:{},\u00bbvariants\u00bb:{}}},{\u00abcollection\u00bb:\u00bbfeatures\u00bb,\u00bbtype\u00bb:\u00bbads\/default\u00bb,\u00bbprops\u00bb:{\u00abcollection\u00bb:\u00bbfeatures\u00bb,\u00bbtype\u00bb:\u00bbads\/default\u00bb,\u00bbid\u00bb:\u00bbf0foU3NKmZli28w\u00bb,\u00bbname\u00bb:\u00bbAd Block &#8211; Responsive_home_ITT\u00bb,\u00bbcontentConfig\u00bb:{\u00abcontentService\u00bb:\u00bb\u00bb,\u00bbcontentConfigValues\u00bb:{},\u00bbinherit\u00bb:true},\u00bbcustomFields\u00bb:{\u00abadType\u00bb:\u00bbresponsive_home_itt\u00bb,\u00bblazyLoad\u00bb:false,\u00bbdisplayAdLabel\u00bb:false,\u00bbadLabel\u00bb:\u00bbPublicidad\u00bb,\u00bbreserveSpace\u00bb:true,\u00bbhideOnTablet\u00bb:true,\u00bbhideOnDesktop\u00bb:true},\u00bbdisplayProperties\u00bb:{},\u00bblocalEdits\u00bb:{},\u00bbvariants\u00bb:{}}}]},{\u00abcollection\u00bb:\u00bbsections\u00bb,\u00bbprops\u00bb:{\u00abcollection\u00bb:\u00bbsections\u00bb,\u00bbid\u00bb:3},\u00bbchildren\u00bb:[{\u00abcollection\u00bb:\u00bbfeatures\u00bb,\u00bbtype\u00bb:\u00bbads\/default\u00bb,\u00bbprops\u00bb:{\u00abcollection\u00bb:\u00bbfeatures\u00bb,\u00bbtype\u00bb:\u00bbads\/default\u00bb,\u00bbid\u00bb:\u00bbf0fnVzhQ8IeE3K\u00bb,\u00bbname\u00bb:\u00bbAd Block\u00bb,\u00bbcontentConfig\u00bb:{\u00abcontentService\u00bb:\u00bb\u00bb,\u00bbcontentConfigValues\u00bb:{},\u00bbinherit\u00bb:true},\u00bbcustomFields\u00bb:{\u00abadType\u00bb:\u00bbresponsive_article_box_1&#8243;,\u00bblazyLoad\u00bb:true,\u00bbdisplayAdLabel\u00bb:false,\u00bbadLabel\u00bb:\u00bb\u00bb,\u00bbreserveSpace\u00bb:true,\u00bbhideOnTablet\u00bb:true,\u00bbbackgroundColor\u00bb:\u00bb#fff\u00bb,\u00bbhideOnMobile\u00bb:true},\u00bbdisplayProperties\u00bb:{},\u00bblocalEdits\u00bb:{},\u00bbvariants\u00bb:{}}},{\u00abcollection\u00bb:\u00bbfeatures\u00bb,\u00bbtype\u00bb:\u00bbads\/default\u00bb,\u00bbprops\u00bb:{\u00abcollection\u00bb:\u00bbfeatures\u00bb,\u00bbtype\u00bb:\u00bbads\/default\u00bb,\u00bbid\u00bb:\u00bbf0fvi8OGltt334T\u00bb,\u00bbname\u00bb:\u00bbAd Block\u00bb,\u00bbcontentConfig\u00bb:{\u00abcontentService\u00bb:\u00bb\u00bb,\u00bbcontentConfigValues\u00bb:{},\u00bbinherit\u00bb:true},\u00bbcustomFields\u00bb:{\u00abadType\u00bb:\u00bbresponsive_article_box_3&#8243;,\u00bblazyLoad\u00bb:true,\u00bbdisplayAdLabel\u00bb:false,\u00bbadLabel\u00bb:\u00bbPublicidad\u00bb,\u00bbreserveSpace\u00bb:true,\u00bbhideOnTablet\u00bb:false,\u00bbhideOnDesktop\u00bb:true},\u00bbdisplayProperties\u00bb:{},\u00bblocalEdits\u00bb:{},\u00bbvariants\u00bb:{}}},{\u00abcollection\u00bb:\u00bbfeatures\u00bb,\u00bbtype\u00bb:\u00bbei-simple-list\/default\u00bb,\u00bbprops\u00bb:{\u00abcollection\u00bb:\u00bbfeatures\u00bb,\u00bbtype\u00bb:\u00bbei-simple-list\/default\u00bb,\u00bbid\u00bb:\u00bbf0fVzjUjeDFU1es\u00bb,\u00bbname\u00bb:\u00bbEi &#8211; Simple List\u00bb,\u00bbcontentConfig\u00bb:{\u00abcontentService\u00bb:\u00bb\u00bb,\u00bbcontentConfigValues\u00bb:{},\u00bbinherit\u00bb:true},\u00bbcustomFields\u00bb:{\u00ablistContentConfig\u00bb:{\u00abcontentService\u00bb:\u00bbstory-feed-tag\u00bb,\u00bbcontentConfigValues\u00bb:{\u00abtagSlug\u00bb:\u00bbdiabetes\u00bb,\u00bbfeedSize\u00bb:5}},\u00bbtitle\u00bb:\u00bbLO M\u00c1S VISTO\u00bb,\u00bbshowImage\u00bb:true,\u00bbshowSection\u00bb:true,\u00bbshowHeadline\u00bb:true},\u00bbdisplayProperties\u00bb:{},\u00bblocalEdits\u00bb:{},\u00bbvariants\u00bb:{}}},{\u00abcollection\u00bb:\u00bbfeatures\u00bb,\u00bbtype\u00bb:\u00bbads\/default\u00bb,\u00bbprops\u00bb:{\u00abcollection\u00bb:\u00bbfeatures\u00bb,\u00bbtype\u00bb:\u00bbads\/default\u00bb,\u00bbid\u00bb:\u00bbf0ff0JjYUS3RDl\u00bb,\u00bbname\u00bb:\u00bbAd Block\u00bb,\u00bbcontentConfig\u00bb:{\u00abcontentService\u00bb:\u00bb\u00bb,\u00bbcontentConfigValues\u00bb:{},\u00bbinherit\u00bb:true},\u00bbcustomFields\u00bb:{\u00abadType\u00bb:\u00bbresponsive_article_vertical_1&#8243;,\u00bblazyLoad\u00bb:true,\u00bbdisplayAdLabel\u00bb:false,\u00bbreserveSpace\u00bb:true,\u00bbbackgroundColor\u00bb:\u00bb#fff\u00bb,\u00bbhideOnMobile\u00bb:true},\u00bbdisplayProperties\u00bb:{},\u00bblocalEdits\u00bb:{},\u00bbvariants\u00bb:{}}}]},{\u00abcollection\u00bb:\u00bbsections\u00bb,\u00bbprops\u00bb:{\u00abcollection\u00bb:\u00bbsections\u00bb,\u00bbid\u00bb:4},\u00bbchildren\u00bb:[{\u00abcollection\u00bb:\u00bbfeatures\u00bb,\u00bbtype\u00bb:\u00bb@wpmedia\/htmlbox-block\/htmlbox\u00bb,\u00bbprops\u00bb:{\u00abcollection\u00bb:\u00bbfeatures\u00bb,\u00bbtype\u00bb:\u00bb@wpmedia\/htmlbox-block\/htmlbox\u00bb,\u00bbid\u00bb:\u00bbf0f5LR148RwL1QH\u00bb,\u00bbname\u00bb:\u00bbHTML Box \u2013 Arc Block\u00bb,\u00bbcontentConfig\u00bb:{\u00abcontentService\u00bb:\u00bb\u00bb,\u00bbcontentConfigValues\u00bb:{},\u00bbinherit\u00bb:true},\u00bbcustomFields\u00bb:{\u00abHTML\u00bb:\u00bb\\n \\n\\n \\n\\n\\n\u00bb},\u00bbdisplayProperties\u00bb:{},\u00bblocalEdits\u00bb:{},\u00bbvariants\u00bb:{}}}]},{\u00abcollection\u00bb:\u00bbsections\u00bb,\u00bbprops\u00bb:{\u00abcollection\u00bb:\u00bbsections\u00bb,\u00bbid\u00bb:5},\u00bbchildren\u00bb:[{\u00abcollection\u00bb:\u00bbfeatures\u00bb,\u00bbtype\u00bb:\u00bbads\/default\u00bb,\u00bbprops\u00bb:{\u00abcollection\u00bb:\u00bbfeatures\u00bb,\u00bbtype\u00bb:\u00bbads\/default\u00bb,\u00bbid\u00bb:\u00bbf0f6s5EvWS3RAY\u00bb,\u00bbname\u00bb:\u00bbAd Block\u00bb,\u00bbcontentConfig\u00bb:{\u00abcontentService\u00bb:\u00bb\u00bb,\u00bbcontentConfigValues\u00bb:{},\u00bbinherit\u00bb:true},\u00bbcustomFields\u00bb:{\u00abadType\u00bb:\u00bbresponsive_article_sticky\u00bb,\u00bblazyLoad\u00bb:true,\u00bbdisplayAdLabel\u00bb:false,\u00bbadLabel\u00bb:\u00bb\u00bb,\u00bbreserveSpace\u00bb:true,\u00bbhideOnTablet\u00bb:true,\u00bbhideOnDesktop\u00bb:false},\u00bbdisplayProperties\u00bb:{},\u00bblocalEdits\u00bb:{},\u00bbvariants\u00bb:{}}},{\u00abcollection\u00bb:\u00bbfeatures\u00bb,\u00bbtype\u00bb:\u00bbei-footer\/default\u00bb,\u00bbprops\u00bb:{\u00abcollection\u00bb:\u00bbfeatures\u00bb,\u00bbtype\u00bb:\u00bbei-footer\/default\u00bb,\u00bbid\u00bb:\u00bbf0f7zLQrFOJ62mX\u00bb,\u00bbname\u00bb:\u00bbEI &#8211; Footer\u00bb,\u00bbcontentConfig\u00bb:{\u00abcontentService\u00bb:\u00bb\u00bb,\u00bbcontentConfigValues\u00bb:{},\u00bbinherit\u00bb:true},\u00bbcustomFields\u00bb:{\u00abcustomCopyrightText\u00bb:\u00bb\u00bb,\u00bbnavigationConfig\u00bb:{\u00abcontentService\u00bb:\u00bbsite-service-hierarchy\u00bb,\u00bbcontentConfigValues\u00bb:{\u00abhierarchy\u00bb:\u00bbFooter\u00bb}},\u00bbcustomFacebookPage\u00bb:\u00bbhttps:\/\/www.facebook.com\/elimparcialcom\/\u00bb,\u00bbcustomTwitterUsername\u00bb:\u00bbelimparcialcom\u00bb,\u00bbcustomInstagramUsername\u00bb:\u00bbelimparcial\u00bb,\u00bbcustomYoutubeChannel\u00bb:\u00bbhttps:\/\/www.youtube.com\/user\/RedaccionElImparcial\u00bb,\u00bbcustomTikTokChannel\u00bb:\u00bbhttps:\/\/www.tiktok.com\/@elimparcialcom\u00bb,\u00bbcustomThreadsChannel\u00bb:\u00bbhttps:\/\/www.threads.net\/@elimparcial\u00bb,\u00bbcustomWhatsAppNumber\u00bb:\u00bb526621861024&#8243;,\u00bbcustomTelegramChannel\u00bb:\u00bbhttps:\/\/t.me\/elimparcial\u00bb},\u00bbdisplayProperties\u00bb:{},\u00bblocalEdits\u00bb:{},\u00bbvariants\u00bb:{}}}]}]};Fusion.spa=false;Fusion.spaEnabled=false;<script async src=\"\/\/www.instagram.com\/embed.js\"><\/script><script async src=\"\/\/www.tiktok.com\/embed.js\"><\/script><\/p>\n","protected":false},"excerpt":{"rendered":"El Imparcial \/ Lo Curioso \/ Basado en un an\u00e1lisis de Xataka sobre fisiolog\u00eda del deporte, los expertos&hellip;\n","protected":false},"author":2,"featured_media":346067,"comment_status":"","ping_status":"","sticky":false,"template":"","format":"standard","meta":{"footnotes":""},"categories":[92],"tags":[25,24,165,166,23],"class_list":{"0":"post-346066","1":"post","2":"type-post","3":"status-publish","4":"format-standard","5":"has-post-thumbnail","7":"category-salud","8":"tag-es","9":"tag-espana","10":"tag-health","11":"tag-salud","12":"tag-spain"},"share_on_mastodon":{"url":"https:\/\/pubeurope.com\/@es\/115911591413329678","error":""},"_links":{"self":[{"href":"https:\/\/www.europesays.com\/es\/wp-json\/wp\/v2\/posts\/346066","targetHints":{"allow":["GET"]}}],"collection":[{"href":"https:\/\/www.europesays.com\/es\/wp-json\/wp\/v2\/posts"}],"about":[{"href":"https:\/\/www.europesays.com\/es\/wp-json\/wp\/v2\/types\/post"}],"author":[{"embeddable":true,"href":"https:\/\/www.europesays.com\/es\/wp-json\/wp\/v2\/users\/2"}],"replies":[{"embeddable":true,"href":"https:\/\/www.europesays.com\/es\/wp-json\/wp\/v2\/comments?post=346066"}],"version-history":[{"count":0,"href":"https:\/\/www.europesays.com\/es\/wp-json\/wp\/v2\/posts\/346066\/revisions"}],"wp:featuredmedia":[{"embeddable":true,"href":"https:\/\/www.europesays.com\/es\/wp-json\/wp\/v2\/media\/346067"}],"wp:attachment":[{"href":"https:\/\/www.europesays.com\/es\/wp-json\/wp\/v2\/media?parent=346066"}],"wp:term":[{"taxonomy":"category","embeddable":true,"href":"https:\/\/www.europesays.com\/es\/wp-json\/wp\/v2\/categories?post=346066"},{"taxonomy":"post_tag","embeddable":true,"href":"https:\/\/www.europesays.com\/es\/wp-json\/wp\/v2\/tags?post=346066"}],"curies":[{"name":"wp","href":"https:\/\/api.w.org\/{rel}","templated":true}]}}