{"id":346076,"date":"2026-01-17T17:26:21","date_gmt":"2026-01-17T17:26:21","guid":{"rendered":"https:\/\/www.europesays.com\/es\/346076\/"},"modified":"2026-01-17T17:26:21","modified_gmt":"2026-01-17T17:26:21","slug":"entre-flores-y-el-recuerdo-de-su-sonrisa-un-responso-intimo-arropa-a-la-reina-sofia-en-la-despedida-a-la-princesa-irene","status":"publish","type":"post","link":"https:\/\/www.europesays.com\/es\/346076\/","title":{"rendered":"Entre flores y el recuerdo de su sonrisa, un responso \u00edntimo arropa a la Reina Sof\u00eda en la despedida a la Princesa Irene"},"content":{"rendered":"<p style=\"\">La Catedral Ortodoxa Griega de San Andr\u00e9s y San Demetrio de Madrid amanec\u00eda en la ma\u00f1ana de este lluvioso s\u00e1bado <strong>repleta de flores<\/strong>, que hab\u00edan ido llegando desde primera hora a este peque\u00f1o y discreto templo de la zona norte de la ciudad, donde  &#8230; se ha instalado la capilla ardiente para dar <strong>el \u00faltimo adi\u00f3s<\/strong> en Espa\u00f1a a la <a href=\"https:\/\/www.abc.es\/gente\/casa-real-griega-comparte-album-fotos-inedito-20260117114545-ga.html\" target=\"_self\" data-voc-vtm-id=\"in-text-traffic\" title=\"Princesa Irene de Grecia.\" data-mrf-link=\"www.abc.es\" rel=\"nofollow noopener\">Princesa Irene de Grecia.<\/a><\/p>\n<p class=\"voc-p\" style=\"\">Poco antes de las once de la ma\u00f1ana, el metropolita Bessari\u00f3n, arzobispo-metropolitano de Espa\u00f1a y Portugal y exarca del mar, sal\u00eda a la puerta de la Iglesia para recibir a la comitiva que llegaba desde el Palacio de la Zarzuela. A la cabeza, el coche f\u00fanebre, que nada m\u00e1s llegar ha sido cubierto por la bandera de Grecia y cargado por ocho soldados de la Guardia Real, quien han a\u00f1adido el escudo de armas de la Familia Real griega. Minutos despu\u00e9s, llegaba la Reina Sof\u00eda en un coche, acompa\u00f1ada por las infantas Elena y Cristina. Detr\u00e1s, en otros dos coches, los Reyes Felipe y Letizia y la Princesa Leonor y la Infanta Sof\u00eda. Al mismo tiempo, llegaban tambi\u00e9n el resto de nietos de Do\u00f1a Sof\u00eda, a excepci\u00f3n de Juan Urdangarin y Felipe de Marichalar, que no han asistido al \u00faltimo adi\u00f3s de la Princesa Irene en Madrid.<\/p>\n<p class=\"voc-p\" style=\"\">En la catedral esperaban a todos los miembros de la familia del Rey, el equipo de directores generales y personal adjunto de la Casa, adem\u00e1s de extrabajadores como la que fuera secretaria de la Reina, Laura Hurtado de Mendoza, adem\u00e1s del teniente general Jos\u00e9 Cabrera, antiguo jefe de la secretar\u00eda de Do\u00f1a Sof\u00eda. La presencia de todos ellos daba cuenta de la enorme p\u00e9rdida que supone para todos la muerte de la Princesa Irene y el dolor de la Reina Sof\u00eda, quien el pasado jueves perdi\u00f3 a su hermana inseparable despu\u00e9s de sufrir un grave deterioro de su salud.<\/p>\n<p class=\"voc-p\" style=\"\">Arropada por toda su familia <strong>salvo Juan Carlos I<\/strong>, a las doce en punto de la ma\u00f1ana la Reina Sof\u00eda ha entrado en el templo junto a la Princesa Leonor, quien la cog\u00eda del brazo y la proteg\u00eda de la lluvia con un paraguas. Detr\u00e1s de ellas, escolt\u00e1ndolas, las segu\u00eda la Infanta Sof\u00eda, mientras repicaban las campanas.<\/p>\n<p><img decoding=\"async\" loading=\"lazy\" src=\"https:\/\/www.europesays.com\/es\/wp-content\/uploads\/2026\/01\/sofia-leonor_20260117134704-U00565567313mRg-760x427@diario_abc.jpg\" class=\"voc-img\" width=\"760\" height=\"427\" alt=\"Entre flores y el recuerdo de su sonrisa, un responso \u00edntimo arropa a la Reina Sof\u00eda en la despedida a la Princesa Irene\" data-voc-vtm-id=\"in-text-traffic\"\/><\/p>\n<p>GTRES<\/p>\n<p class=\"voc-p\" style=\"\">Con capacidad para unas 30 personas, en el interior del templo el arzobispo metropolitano ha celebrado un responso en griego y en ingl\u00e9s que ha durado unos 20 minutos, donde ha destacado que a la princesa Irene siempre se la identific\u00f3 por su sonrisa porque, como ella siempre dec\u00eda, \u00abuna sonrisa no cuesta nada y cambia todo\u00bb. A la izquierda del f\u00e9retro, los Reyes arropaban a Do\u00f1a Sof\u00eda, junto a la Princesa Leonor y la Infanta Sof\u00eda. Frente a ellas, a la derecha de los restos de Irene de Grecia, se encontraban las infantas Elena y Cristina, Alexia de Grecia y Carlos Morales, sobrinos de Do\u00f1a Sof\u00eda.<\/p>\n<p class=\"voc-p\" style=\"\">A pie de f\u00e9retro hab\u00eda una fotograf\u00eda de la Princesa Irene, que acompa\u00f1aba a un v\u00eddeo de unos once minutos que recopilaba im\u00e1genes de la hermana de la Reina a lo largo de toda su vida. Durante la ceremonia, un quinteto de la Unidad de M\u00fasica de la Guardia Real ha interpretado &#8216;Aria de la Suite en Re&#8217; de Bach y &#8216;Lacrimosa&#8217; del r\u00e9quiem de Mozart, piezas que ha elegido Do\u00f1a Sof\u00eda para la ceremonia. Adem\u00e1s, hab\u00edan 20 coronas que acompa\u00f1aban al f\u00e9retro, de los Reyes y sus hijas, de Don Juan Carlos y Do\u00f1a Sofia, del Congreso de los Diputados, presidencia del Gobierno, de las Infantas Elena y Cristina, de Patrimonio Nacional, BMW.<\/p>\n<p><img decoding=\"async\" loading=\"lazy\" src=\"https:\/\/www.europesays.com\/es\/wp-content\/uploads\/2026\/01\/despedida-irene_20260117134832-U65143288181NCP-760x427@diario_abc.jpg\" class=\"voc-img\" width=\"760\" height=\"427\" alt=\"Entre flores y el recuerdo de su sonrisa, un responso \u00edntimo arropa a la Reina Sof\u00eda en la despedida a la Princesa Irene\" data-voc-vtm-id=\"in-text-traffic\"\/><\/p>\n<p>GTRES<\/p>\n<p class=\"voc-p\" style=\"\">Una vez finalizado el responso, los nietos de la Reina Sof\u00eda se han despedido de ella y se han ido, mientras que el resto de asistentes se han dirigido a un sal\u00f3n del templo, donde han podido dar el p\u00e9same a la madre del Rey mientras tomaban todos un caf\u00e9. Entre ellos se encontraban la presidenta de la Comunidad de Madrid, Isabel Ayuso, y el alcalde de la ciudad, <a href=\"https:\/\/www.abc.es\/gente\/jose-luis-martinezalmeida-teresa-urquijo-escapan-pirineos-20251215135340-nt.html\" target=\"_self\" data-voc-vtm-id=\"in-text-traffic\" title=\"Jos\u00e9 Luis Mart\u00ednez-Almeida\" data-mrf-link=\"www.abc.es\" rel=\"nofollow noopener\">Jos\u00e9 Luis Mart\u00ednez-Almeida<\/a>, quien ha asistido junto a su mujer, Teresa Urquijo. Su abuela, Piru Urquijo, \u00edntima amiga de la madre del Rey, tambi\u00e9n ha dado el \u00faltimo adi\u00f3s a la princesa Irene en el templo.<\/p>\n<p><img decoding=\"async\" loading=\"lazy\" src=\"https:\/\/www.europesays.com\/es\/wp-content\/uploads\/2026\/01\/felipe-letizia_20260117145400-U14457442284Ydz-758x470@diario_abc.jpg\" class=\"voc-d-c-combo-3__img\" width=\"758\" height=\"470\" alt=\"Imagen principal - Los Reyes Felipe y Leticia. Abajo, Victoria Federica y su prima Irene. Al lado, la Infanta Elena\"\/><\/p>\n<p><img decoding=\"async\" loading=\"lazy\" src=\"https:\/\/www.europesays.com\/es\/wp-content\/uploads\/2026\/01\/victoria-federica-irene_20260117145438-U31362005446wFw-464x329@diario_abc.jpg\" class=\"voc-d-c-combo-3__img\" width=\"464\" height=\"329\" alt=\"Imagen secundaria 1 - Los Reyes Felipe y Leticia. Abajo, Victoria Federica y su prima Irene. Al lado, la Infanta Elena\"\/><\/p>\n<p><img decoding=\"async\" loading=\"lazy\" src=\"https:\/\/www.europesays.com\/es\/wp-content\/uploads\/2026\/01\/infanta-elena_20260117145416-U52541548375ezL-278x329@diario_abc.jpg\" class=\"voc-d-c-combo-3__img\" width=\"278\" height=\"329\" alt=\"Imagen secundaria 2 - Los Reyes Felipe y Leticia. Abajo, Victoria Federica y su prima Irene. Al lado, la Infanta Elena\"\/><\/p>\n<p>Los Reyes Felipe y Leticia. Abajo, Victoria Federica y su prima Irene. Al lado, la Infanta Elena<\/p>\n<p class=\"voc-p\" style=\"\">Entre los familiares y amigos que han acompa\u00f1ado a Do\u00f1a Sof\u00eda estaban tambi\u00e9n la Infanta Margarita de Borb\u00f3n y su marido Carlos Zurita, Jaime y Amalio de Marichalar, Kyril y Constantino de Bulgaria, Cristina de Borbon Dos Sicilias junto a su marido, Pedro L\u00f3pez-Quesada y Antonio Fournier con su hija.<\/p>\n<p><img decoding=\"async\" loading=\"lazy\" src=\"https:\/\/www.europesays.com\/es\/wp-content\/uploads\/2026\/01\/asistentes-despedida-irene-U18761443726PKI-760x427@diario_abc.jpg\" class=\"voc-img\" width=\"760\" height=\"427\" alt=\"Entre flores y el recuerdo de su sonrisa, un responso \u00edntimo arropa a la Reina Sof\u00eda en la despedida a la Princesa Irene\" data-voc-vtm-id=\"in-text-traffic\"\/><\/p>\n<p>GTRES<\/p>\n<p class=\"voc-p\" style=\"\">Ha sido llamativa la ausencia de los hijos de la Infanta Do\u00f1a Pilar, los hermanos G\u00f3mez-Acebo. Solo ha asistido la viuda de Fernando G\u00f3mez-Acebo, Nadia Halamandari.<\/p>\n<p><img decoding=\"async\" loading=\"lazy\" src=\"https:\/\/www.europesays.com\/es\/wp-content\/uploads\/2026\/01\/reina-sofia-felipe_20260117145504-U05734351416NBO-758x470@diario_abc.jpg\" class=\"voc-d-c-combo-3__img\" width=\"758\" height=\"470\" alt=\"Imagen principal - La Reina Sof\u00eda con el Rey Felipe, Abajo, Alexia de Grecia con la Infanta Cristina. Al lado, Alicia Koplowitz\"\/><\/p>\n<p><img decoding=\"async\" loading=\"lazy\" src=\"https:\/\/www.europesays.com\/es\/wp-content\/uploads\/2026\/01\/critina-alexia_20260117145517-U35600434512CKt-464x329@diario_abc.jpg\" class=\"voc-d-c-combo-3__img\" width=\"464\" height=\"329\" alt=\"Imagen secundaria 1 - La Reina Sof\u00eda con el Rey Felipe, Abajo, Alexia de Grecia con la Infanta Cristina. Al lado, Alicia Koplowitz\"\/><\/p>\n<p><img decoding=\"async\" loading=\"lazy\" src=\"https:\/\/www.europesays.com\/es\/wp-content\/uploads\/2026\/01\/alicia-koplowitz_20260117145533-U33364738182FdD-278x329@diario_abc.jpg\" class=\"voc-d-c-combo-3__img\" width=\"278\" height=\"329\" alt=\"Imagen secundaria 2 - La Reina Sof\u00eda con el Rey Felipe, Abajo, Alexia de Grecia con la Infanta Cristina. Al lado, Alicia Koplowitz\"\/><\/p>\n<p>La Reina Sof\u00eda con el Rey Felipe, Abajo, Alexia de Grecia con la Infanta Cristina. Al lado, Alicia Koplowitz<\/p>\n<p class=\"voc-p\" style=\"\">Una hora despu\u00e9s, la Reina Letizia ha salido del templo junto a sus dos hijas. Felipe VI ha permanecido en el interior acompa\u00f1ando a su madre en la capilla ardiente, que permanecer\u00e1 abierta al p\u00fablico hasta las seis de esta tarde.<\/p>\n","protected":false},"excerpt":{"rendered":"La Catedral Ortodoxa Griega de San Andr\u00e9s y San Demetrio de Madrid amanec\u00eda en la ma\u00f1ana de este&hellip;\n","protected":false},"author":2,"featured_media":346077,"comment_status":"","ping_status":"","sticky":false,"template":"","format":"standard","meta":{"footnotes":""},"categories":[5],"tags":[19863,17,18,204,25,24,13,14,9646,11,14230,8363,19,20,9,10,15,16,1650,910,10717,78426,11647,26723,23,12,21,22],"class_list":{"0":"post-346076","1":"post","2":"type-post","3":"status-publish","4":"format-standard","5":"has-post-thumbnail","7":"category-titulares","8":"tag-arropa","9":"tag-breaking-news","10":"tag-breakingnews","11":"tag-despedida","12":"tag-es","13":"tag-espana","14":"tag-featured-news","15":"tag-featurednews","16":"tag-flores","17":"tag-headlines","18":"tag-intimo","19":"tag-irene","20":"tag-latest-news","21":"tag-latestnews","22":"tag-news","23":"tag-noticias","24":"tag-noticias-destacadas","25":"tag-noticiasdestacadas","26":"tag-princesa","27":"tag-recuerdo","28":"tag-reina","29":"tag-responso","30":"tag-sofia","31":"tag-sonrisa","32":"tag-spain","33":"tag-titulares","34":"tag-ultimas-noticias","35":"tag-ultimasnoticias"},"share_on_mastodon":{"url":"https:\/\/pubeurope.com\/@es\/115911615210070400","error":""},"_links":{"self":[{"href":"https:\/\/www.europesays.com\/es\/wp-json\/wp\/v2\/posts\/346076","targetHints":{"allow":["GET"]}}],"collection":[{"href":"https:\/\/www.europesays.com\/es\/wp-json\/wp\/v2\/posts"}],"about":[{"href":"https:\/\/www.europesays.com\/es\/wp-json\/wp\/v2\/types\/post"}],"author":[{"embeddable":true,"href":"https:\/\/www.europesays.com\/es\/wp-json\/wp\/v2\/users\/2"}],"replies":[{"embeddable":true,"href":"https:\/\/www.europesays.com\/es\/wp-json\/wp\/v2\/comments?post=346076"}],"version-history":[{"count":0,"href":"https:\/\/www.europesays.com\/es\/wp-json\/wp\/v2\/posts\/346076\/revisions"}],"wp:featuredmedia":[{"embeddable":true,"href":"https:\/\/www.europesays.com\/es\/wp-json\/wp\/v2\/media\/346077"}],"wp:attachment":[{"href":"https:\/\/www.europesays.com\/es\/wp-json\/wp\/v2\/media?parent=346076"}],"wp:term":[{"taxonomy":"category","embeddable":true,"href":"https:\/\/www.europesays.com\/es\/wp-json\/wp\/v2\/categories?post=346076"},{"taxonomy":"post_tag","embeddable":true,"href":"https:\/\/www.europesays.com\/es\/wp-json\/wp\/v2\/tags?post=346076"}],"curies":[{"name":"wp","href":"https:\/\/api.w.org\/{rel}","templated":true}]}}