{"id":346127,"date":"2026-01-17T18:10:07","date_gmt":"2026-01-17T18:10:07","guid":{"rendered":"https:\/\/www.europesays.com\/es\/346127\/"},"modified":"2026-01-17T18:10:07","modified_gmt":"2026-01-17T18:10:07","slug":"optamos-por-la-cooperacion-en-vez-de-por-la-division","status":"publish","type":"post","link":"https:\/\/www.europesays.com\/es\/346127\/","title":{"rendered":"Optamos por la cooperaci\u00f3n en vez de por la divisi\u00f3n"},"content":{"rendered":"<p class=\"L6-news-detail__text\"><b>\u00abHist\u00f3rico\u00bb<\/b>. As\u00ed ha definido Santiago Pe\u00f1a, presidente <b>de Paraguay<\/b>, el acuerdo entre la <b><a title=\"Uni\u00f3n Europea\" href=\"https:\/\/www.lasexta.com\/temas\/union_europea-1\" target=\"_blank\" rel=\"nofollow noopener\">Uni\u00f3n Europea<\/a><\/b> y Mercosur. El acuerdo que<b> ya se ha firmado en Asunci\u00f3n,<\/b> la capital del pa\u00eds sudamericano, y que supone <b>la creaci\u00f3n de la mayor zona de libre comercio del mundo<\/b> con un mercado de m\u00e1s de 700 millones de habitantes a ambos lados del Atl\u00e1ntico.<\/p>\n<p class=\"L6-news-detail__text\">Un acuerdo que, cuenta el dirigente paraguayo, <b>\u00abmarca un hito\u00bb<\/b>. Que supone \u00abunir a dos de las regiones y mercados m\u00e1s importantes del mundo\u00bb. \u00abTrabajemos juntos para construir <b>una nueva hermandad, europea y americana\u00bb<\/b>, ha expresado Pe\u00f1a.<\/p>\n<p class=\"L6-news-detail__text\">Ha afirmado un dirigente que ha remarcado la apuesta por el multilateralismo para superar las <b>\u00abtinieblas primigenias\u00bb del unilateralismo,<\/b> citando una leyenda del origen del mundo seg\u00fan la mitolog\u00eda guaran\u00ed.<\/p>\n<p class=\"L6-news-detail__text\">Mundo al que, seg\u00fan afirma <b><a title=\"Ursula von der Leyen,\" href=\"https:\/\/www.lasexta.com\/temas\/ursula_von_der_leyen-1\" target=\"_blank\" rel=\"nofollow noopener\">Ursula von der Leyen,<\/a><\/b> presidenta de la Comisi\u00f3n Europa, se manda un \u00abmensaje muy poderoso\u00bb con este tratado. \u00abEl acuerdo con Mercosur es el logro <b>de una generaci\u00f3n para beneficio de las pr\u00f3ximas generaciones<\/b>. Larga vida a la amistad entre nuestros pueblos y nuestros pa\u00edses\u00bb, ha expuesto.<\/p>\n<p class=\"L6-news-detail__text\"><b>\u00abOptamos por la cooperaci\u00f3n por delante de la divisi\u00f3n<\/b>. Los pa\u00edses de Am\u00e9rica Latina han rechazado la rivalidad y han reafirmado la democracia. Han unido a los pueblos a trav\u00e9s de las fronteras y de los r\u00edos\u00bb, ha expresado Von der Leyen.<\/p>\n<p class=\"L6-news-detail__text\">Con la ausencia de Lula da Silva, presidente de Brasil, Javier Milei, su hom\u00f3logo argentino, ha advertido que la firma del acuerdo <b>\u00abno es un punto de llegada sino de partida\u00bb.<\/b> \u00abCelebramos haber alcanzado un objetivo pero, sobre todo, estamos ratificando un rumbo. Se ha elegido la apertura\u00bb, ha afirmado.<\/p>\n<p class=\"L6-news-detail__text\">En la cita de Asunci\u00f3n han participado tambi\u00e9n el presidente del Consejo Europeo,<b> Ant\u00f3nio Costa<\/b>; el presidente de Uruguay, <b>Yamand\u00fa Orsi<\/b>; el presidente de Bolivia, <b>Rodrigo Paz<\/b>, o el ministro de Asuntos Exteriores de Brasil, <b>Mauro Vieira.<\/b><\/p>\n<p class=\"L6-news-detail__text\">La UE es el segundo socio m\u00e1s importante del Mercosur en el comercio de bienes, con una representaci\u00f3n de cerca del 17% del comercio total en 2024 seg\u00fan datos comunitarios. <b>En euros, super\u00f3 los 111.000 millones<\/b> con un total de 55.200 millones en exportaciones y 56.000 millones en importaciones.<\/p>\n<p>Espa\u00f1a, gran defensora del acuerdo<\/p>\n<p class=\"L6-news-detail__text\">Espa\u00f1a, por su parte, ha sido uno de los grandes defensores del acuerdo frente a las reticencias de otros como Francia o Irlanda. <b><a title=\"Pedro S\u00e1nchez\" href=\"https:\/\/www.lasexta.com\/temas\/pedro_sanchez-1\" target=\"_blank\" rel=\"nofollow noopener\">Pedro S\u00e1nchez<\/a><\/b>, en ese sentido, destac\u00f3 <b>la importancia \u00abgeopol\u00edtica\u00bb y \u00abgeoecon\u00f3mica\u00bb<\/b> de esta alianza en un acto con inversores.<\/p>\n<p class=\"L6-news-detail__text\">Carlos Cuerpo, en el mismo acto, apunt\u00f3 que el acuerdo<b> aporta \u00abseguridad econ\u00f3mica\u00bb<\/b> y reivindic\u00f3 m\u00e1s proyectos como el de la UE y Mercosur. Adem\u00e1s, explic\u00f3 en un art\u00edculo que el tratado comercial es \u00abmoderno\u00bb y que est\u00e1 enfocado a promover una verdadera \u00abresiliencia econ\u00f3mica\u00bb.<\/p>\n<p class=\"L6-news-detail__text\">El acuerdo <b>va a ahorrar hasta 4.000 millones en derechos de importaci\u00f3n<\/b> a las empresas europeas, algo que va a facilitar las exportaciones de maquinaria y productos qu\u00edmicos seg\u00fan estima LLYC. La consultora afirm\u00f3 adem\u00e1s que Espa\u00f1a ser\u00eda una de las grandes beneficiadas de la firma por la oportunidad para sectores como al automoci\u00f3n, la industria agroalimentaria y las energ\u00edas renovables.<\/p>\n<p>Los agricultores, en contra<\/p>\n<p class=\"L6-news-detail__text\">Los agricultores, en ese sentido, se han movilizado durante estos d\u00edas para <b>protestar contra el acuerdo<\/b> por la posible llegada de diferentes productos agr\u00edcolas procedentes de pa\u00edses sudamericanos. En las manifestaciones han participado cientos de personas y <b>varias carreteras han sufrido cortes por las tractoradas.<\/b><\/p>\n<p class=\"L6-news-detail__text\">Esta decisi\u00f3n podr\u00eda beneficiar<b> el comercio espa\u00f1ol con el vino y el aceite<\/b>. Sin embargo, hay productos que entrar\u00edan desde Latinoam\u00e9rica y ser\u00edan mucho m\u00e1s baratos que los que se producen ahora en Espa\u00f1a. Entre estos art\u00edculos destacan la carne de vacuno, el arroz y el ma\u00edz.<\/p>\n<p class=\"L6-news-detail__text\"><b><a title=\"*Sigue a laSexta en Google. Toda la actualidad y el mejor contenido aqu\u00ed.\" href=\"https:\/\/profile.google.com\/cp\/CgkvbS8wZG5xejA\" target=\"_blank\" rel=\"nofollow noopener\">*Sigue a laSexta en Google. Toda la actualidad y el mejor contenido aqu\u00ed.<\/a><\/b><\/p>\n<p class=\"L6-support-news-video__title\">PROBLEMA DE LA VIVIENDA<\/p>\n<p>            <a href=\"https:\/\/www.lasexta.com\/noticias\/economia\/bajada-precio-alquiler-frente-mayor-construccion-vivienda-publica-almeida-madrid-barcelona-defienden-sus-modelos-vivienda-senado_202601146967c2d7384d9f038d88db09.html\" class=\"L6-news__link\" rel=\"nofollow noopener\" target=\"_blank\"><br \/>\n                La bajada del precio del alquiler de Collboni frente a la falsa mayor construcci\u00f3n de vivienda p\u00fablica de Almeida: Madrid y Barcelona defienden sus modelos vivienda en el Senado<\/p>\n<p class=\"recirculation-video-desc\">\u00bfPor qu\u00e9 es importante? Collboni y Almeida han expuesto sus modelos de vivienda en el Senado y, aunque, no quer\u00edan atacarse, ambos han acabado enzarzados. El alcalde de Madrid ha presumido del ritmo de construcci\u00f3n de la capital, pero los datos dicen que Barcelona ha construido m\u00e1s en total.<\/p>\n<p>            <\/a><\/p>\n","protected":false},"excerpt":{"rendered":"\u00abHist\u00f3rico\u00bb. As\u00ed ha definido Santiago Pe\u00f1a, presidente de Paraguay, el acuerdo entre la Uni\u00f3n Europea y Mercosur. El&hellip;\n","protected":false},"author":2,"featured_media":346128,"comment_status":"","ping_status":"","sticky":false,"template":"","format":"standard","meta":{"footnotes":""},"categories":[42],"tags":[17,18,13,14,11,61,62,63,64,19,20,9,10,15,16,12,21,22,65,66,67],"class_list":{"0":"post-346127","1":"post","2":"type-post","3":"status-publish","4":"format-standard","5":"has-post-thumbnail","7":"category-internacional","8":"tag-breaking-news","9":"tag-breakingnews","10":"tag-featured-news","11":"tag-featurednews","12":"tag-headlines","13":"tag-internacional","14":"tag-international","15":"tag-international-news","16":"tag-internationalnews","17":"tag-latest-news","18":"tag-latestnews","19":"tag-news","20":"tag-noticias","21":"tag-noticias-destacadas","22":"tag-noticiasdestacadas","23":"tag-titulares","24":"tag-ultimas-noticias","25":"tag-ultimasnoticias","26":"tag-world","27":"tag-world-news","28":"tag-worldnews"},"share_on_mastodon":{"url":"https:\/\/pubeurope.com\/@es\/115911788124105998","error":""},"_links":{"self":[{"href":"https:\/\/www.europesays.com\/es\/wp-json\/wp\/v2\/posts\/346127","targetHints":{"allow":["GET"]}}],"collection":[{"href":"https:\/\/www.europesays.com\/es\/wp-json\/wp\/v2\/posts"}],"about":[{"href":"https:\/\/www.europesays.com\/es\/wp-json\/wp\/v2\/types\/post"}],"author":[{"embeddable":true,"href":"https:\/\/www.europesays.com\/es\/wp-json\/wp\/v2\/users\/2"}],"replies":[{"embeddable":true,"href":"https:\/\/www.europesays.com\/es\/wp-json\/wp\/v2\/comments?post=346127"}],"version-history":[{"count":0,"href":"https:\/\/www.europesays.com\/es\/wp-json\/wp\/v2\/posts\/346127\/revisions"}],"wp:featuredmedia":[{"embeddable":true,"href":"https:\/\/www.europesays.com\/es\/wp-json\/wp\/v2\/media\/346128"}],"wp:attachment":[{"href":"https:\/\/www.europesays.com\/es\/wp-json\/wp\/v2\/media?parent=346127"}],"wp:term":[{"taxonomy":"category","embeddable":true,"href":"https:\/\/www.europesays.com\/es\/wp-json\/wp\/v2\/categories?post=346127"},{"taxonomy":"post_tag","embeddable":true,"href":"https:\/\/www.europesays.com\/es\/wp-json\/wp\/v2\/tags?post=346127"}],"curies":[{"name":"wp","href":"https:\/\/api.w.org\/{rel}","templated":true}]}}