{"id":34630,"date":"2025-08-08T21:04:08","date_gmt":"2025-08-08T21:04:08","guid":{"rendered":"https:\/\/www.europesays.com\/es\/34630\/"},"modified":"2025-08-08T21:04:08","modified_gmt":"2025-08-08T21:04:08","slug":"valle-salvaje-sufrio-su-boda-con-un-ridiculo-espantoso-para-los-novios-pagaran-cara-esta-humillacion","status":"publish","type":"post","link":"https:\/\/www.europesays.com\/es\/34630\/","title":{"rendered":"&#8216;Valle Salvaje&#8217; sufri\u00f3 su boda con un \u00abrid\u00edculo espantoso\u00bb para los novios: \u00abPagar\u00e1n cara esta humillaci\u00f3n\u00bb"},"content":{"rendered":"<p class=\"article-text\">\n        <strong>Valle Salvaje<\/strong> encara uno de sus momentos clave: <a href=\"https:\/\/www.eldiario.es\/vertele\/series\/valle-salvaje-viste-gala-rtve-pone-fecha-esperada-boda-despliegue-especial_1_12518273.html\" data-mrf-recirculation=\"links-noticia\" class=\"link\" rel=\"nofollow noopener\" target=\"_blank\">la boda de Jos\u00e9 Luis y Victoria<\/a>, un acontecimiento que promete alterar el rumbo de la narrativa de la diaria de <strong>RTVE<\/strong>. La primera parte del enlace se ha emitido este viernes, 8 de agosto, mientras que la ceremonia continuar\u00e1 el <strong>pr\u00f3ximo lunes, d\u00eda 11<\/strong>. Entre intrigas y secretos familiares, esta uni\u00f3n se ha convertido en uno de los eventos m\u00e1s esperados de la serie.\n    <\/p>\n<p>    <a href=\"https:\/\/www.eldiario.es\/series\/valle-salvaje-viste-gala-rtve-pone-fecha-esperada-boda-despliegue-especial_1_12518273.html\" data-mrf-recirculation=\"saber-mas\" data-dl-event=\"saber-mas\" rel=\"nofollow noopener\" target=\"_blank\"><\/p>\n<p class=\"know-more__title\">&#8216;Valle Salvaje&#8217; se viste de gala en RTVE y pone fecha a su esperada boda con un despliegue especial<\/p>\n<p>            <img decoding=\"async\" class=\"lazy\" loading=\"lazy\" data-src=\"https:\/\/static.eldiario.es\/clip\/c18daa13-03e0-43c2-844c-447b61ad3163_16-9-aspect-ratio_default_0.jpg\" src=\"data:image\/svg+xml,%3Csvg xmlns=\" http:=\"\" viewbox=\"0 0 880 495\" alt=\"'Valle Salvaje' se viste de gala en RTVE y pone fecha a su esperada boda con un despliegue especial\"\/><\/p>\n<p>                        <\/a><\/p>\n<p class=\"article-text\">\n        El episodio 229, emitido esta tarde en <strong>La 1<\/strong>, apenas ha mostrado detalles de la ceremonia y ha servido m\u00e1s como una antesala de los acontecimientos que llegar\u00e1n el lunes. Y no todos ser\u00e1n buenos: los <strong>testigos de la novia no se han presentado<\/strong> y Victoria no est\u00e1 dispuesta a asumir tal<strong> \u201chumillaci\u00f3n\u201d <\/strong>por parte de Mercedes y Bernardo.\n    <\/p>\n<p class=\"article-text\">\n        Atenci\u00f3n, esta noticia puede contener spoilers del cap\u00edtulo 229 de &#8216;Valle Salvaje&#8217;, lea bajo su responsabilidad\n    <\/p>\n<p class=\"article-text\">\n        Aunque <strong>Mercedes<\/strong> acept\u00f3 ser testigo de la boda de<strong> Victoria<\/strong> y <strong>Jos\u00e9 Luis<\/strong>, la <strong>duquesa de Miramar<\/strong> no se ve capaz de dar su bendici\u00f3n ante toda la nobleza de la comarca al matrimonio de su cu\u00f1ado con la asesina de su hermana, por lo que ha tomado la decisi\u00f3n que <strong>no ir\u00e1 a la celebraci\u00f3n<\/strong>. Esto ha provocado un alejamiento con su marido, pues <strong>Bernardo<\/strong> cree que deben ceder para \u00e9l pueda trabajar las tierras y conseguir liquidez. En cambio, su mujer le da los motivos que tiene para ausentarse del enlace.\n    <\/p>\n<p class=\"article-text\">\n        \u201cCuando os hab\u00e9is ido de la capilla, me he quedado sola frente a la tumba de mi hermana, y <strong>me he dado cuenta de que no puedo acudir<\/strong>\u201d, le explica. <strong>Bernardo<\/strong> entiende las razones de<strong> Mercedes<\/strong>, pero tambi\u00e9n cree que esa decisi\u00f3n les puede llevar a la ruina. En cambio, la hermana de <strong>Pilara<\/strong> quiere que todos los nobles vean que los <strong>duques de Mirama<\/strong>r y uno de los hijos de don <strong>Jos\u00e9 Luis<\/strong>, <strong>Alejo<\/strong>, no asisten a la ceremonia: <strong>\u201cAs\u00ed sabr\u00e1n qu\u00e9 tipo de personas son\u201d<\/strong>.\n    <\/p>\n<p class=\"article-text\">\n        Bernardo insiste en que el precio a pagar es muy alto, pues<strong> se desatar\u00eda una guerra aun m\u00e1s dura<\/strong> que la que ya han sufrido, pero para Mercedes esa guerra no ha terminado. \u201cLes necesitamos tanto o m\u00e1s que ellos a nosotros, las tierra de Alejo a\u00fan tardar\u00e1n en dar su fruto. No podemos depender solo de ellas. Nos guste o no, necesitamos estar a buenas con el duque para tener un futuro\u201d, insiste el Allu\u00e9 en sus motivos para ir, pero su mujer le deja claro lo que suceder\u00e1 tras la boda: \u201c<strong>Nunca estaremos a buenas con ellos. <\/strong>No habr\u00e1 acuerdos ni tierras. No habr\u00e1 futuro. <strong>Cuando Victoria sea la duquesa, no habr\u00e1 nada<\/strong>\u201d.\n    <\/p>\n<p>    Victoria no se casar\u00e1 sin los duques de Miramar presentes<\/p>\n<p class=\"article-text\">\n        Con el altar montado, los invitados colocados, las familias listas, y <strong>Jos\u00e9 Luis y Julio esperando en el altar, Victoria y Adriana est\u00e1n listas para su aparici\u00f3n en la campa<\/strong>. Al ver que los Miramar no est\u00e1n all\u00ed, la novia hace a Isabel llamar al novio para hablar con \u00e9l, eso s\u00ed, con disimulo. \u201c<strong>\u00bfD\u00f3nde est\u00e1n Mercedes y Bernardo? <\/strong>Pensaba que te hab\u00edas asegurado en persona de su presencia\u201d, le pregunta Victoria.\n    <\/p>\n<p>    <a href=\"https:\/\/www.eldiario.es\/vertele\/series\/9-series-semana-rien-version-lusa-avecina-visten-negro-miercoles_1_12516614.html\" data-mrf-recirculation=\"saber-mas-abajo\" data-dl-event=\"saber-mas-abajo\" rel=\"nofollow noopener\" target=\"_blank\"><\/p>\n<p class=\"know-more__title\">Las 9 series de la semana r\u00eden con la versi\u00f3n lusa de &#8216;La que se avecina&#8217; y se visten de negro por &#8216;Mi\u00e9rcoles&#8217;<\/p>\n<p>            <img decoding=\"async\" class=\"lazy\" loading=\"lazy\" data-src=\"https:\/\/static.eldiario.es\/clip\/fb4474d4-281d-4e79-95ae-52cb771c8c59_16-9-aspect-ratio_default_0.jpg\" src=\"data:image\/svg+xml,%3Csvg xmlns=\" http:=\"\" viewbox=\"0 0 880 495\" alt=\"Las 9 series de la semana r\u00eden con la versi\u00f3n lusa de 'La que se avecina' y se visten de negro por 'Mi\u00e9rcoles'\"\/><\/p>\n<p>                        <\/a><\/p>\n<blockquote class=\"twitter-tweet\" data-lang=\"es\"><p><a href=\"https:\/\/twitter.com\/X\/status\/1953853711664701698?ref_src=twsrc%5Etfw\" rel=\"nofollow noopener\" target=\"_blank\"><\/p><\/blockquote>\n<p class=\"article-text\">\n        <strong>Victoria est\u00e1 dispuesta a ir hasta la Casa Peque\u00f1a y traerlos a rastras si fuera necesario<\/strong>, cuando el p\u00e1rroco mete prisa para la celebraci\u00f3n del evento. El duque todav\u00eda conf\u00eda en que lleguen y le pide al sacerdote que tranquilice a los invitados, pues estos empiezan a impacientarse. En cambio, para Victoria, ese acto es toda una humillaci\u00f3n<strong>.<\/strong> \u201cPor culpa de esos malnacidos <strong>vamos a hacer un rid\u00edculo espantoso<\/strong>\u201d, reprocha ella que no va a dejar pasar eso: <strong>\u201cBien sabe Dios que pagar\u00e1n caro esta humillaci\u00f3n\u201d<\/strong>.\n    <\/p>\n<p>                                    <script async src=\"https:\/\/platform.twitter.com\/widgets.js\" charset=\"utf-8\"><\/script><\/p>\n","protected":false},"excerpt":{"rendered":"Valle Salvaje encara uno de sus momentos clave: la boda de Jos\u00e9 Luis y Victoria, un acontecimiento que&hellip;\n","protected":false},"author":2,"featured_media":34631,"comment_status":"","ping_status":"","sticky":false,"template":"","format":"standard","meta":{"footnotes":""},"categories":[171],"tags":[3158,2608,146,147,25,24,17682,17685,17683,17684,17681,10527,23,16631,214,2123],"class_list":{"0":"post-34630","1":"post","2":"type-post","3":"status-publish","4":"format-standard","5":"has-post-thumbnail","7":"category-tv","8":"tag-boda","9":"tag-cara","10":"tag-entertainment","11":"tag-entretenimiento","12":"tag-es","13":"tag-espana","14":"tag-espantoso","15":"tag-humillacion","16":"tag-novios","17":"tag-pagaran","18":"tag-ridiculo","19":"tag-salvaje","20":"tag-spain","21":"tag-sufrio","22":"tag-tv","23":"tag-valle"},"share_on_mastodon":{"url":"","error":""},"_links":{"self":[{"href":"https:\/\/www.europesays.com\/es\/wp-json\/wp\/v2\/posts\/34630","targetHints":{"allow":["GET"]}}],"collection":[{"href":"https:\/\/www.europesays.com\/es\/wp-json\/wp\/v2\/posts"}],"about":[{"href":"https:\/\/www.europesays.com\/es\/wp-json\/wp\/v2\/types\/post"}],"author":[{"embeddable":true,"href":"https:\/\/www.europesays.com\/es\/wp-json\/wp\/v2\/users\/2"}],"replies":[{"embeddable":true,"href":"https:\/\/www.europesays.com\/es\/wp-json\/wp\/v2\/comments?post=34630"}],"version-history":[{"count":0,"href":"https:\/\/www.europesays.com\/es\/wp-json\/wp\/v2\/posts\/34630\/revisions"}],"wp:featuredmedia":[{"embeddable":true,"href":"https:\/\/www.europesays.com\/es\/wp-json\/wp\/v2\/media\/34631"}],"wp:attachment":[{"href":"https:\/\/www.europesays.com\/es\/wp-json\/wp\/v2\/media?parent=34630"}],"wp:term":[{"taxonomy":"category","embeddable":true,"href":"https:\/\/www.europesays.com\/es\/wp-json\/wp\/v2\/categories?post=34630"},{"taxonomy":"post_tag","embeddable":true,"href":"https:\/\/www.europesays.com\/es\/wp-json\/wp\/v2\/tags?post=34630"}],"curies":[{"name":"wp","href":"https:\/\/api.w.org\/{rel}","templated":true}]}}