{"id":346472,"date":"2026-01-17T22:39:08","date_gmt":"2026-01-17T22:39:08","guid":{"rendered":"https:\/\/www.europesays.com\/es\/346472\/"},"modified":"2026-01-17T22:39:08","modified_gmt":"2026-01-17T22:39:08","slug":"teleelx-y-radio-marca-elche-medios-colaboradores-de-la-elche-night-race","status":"publish","type":"post","link":"https:\/\/www.europesays.com\/es\/346472\/","title":{"rendered":"TeleElx y RADIO MARCA Elche, medios colaboradores de la Elche Night Race"},"content":{"rendered":"<p><strong>Empate valioso del Elche<\/strong> tras una floja imagen ante un Valencia muy apretado por Mestalla. Diangana se visti\u00f3 de h\u00e9roe con un golazo en el 75\u2019 y de villano tras una mano dentro del \u00e1rea diez minutos despu\u00e9s que sirvi\u00f3 para hacer el empate valencianista. Un punto que no es malo en t\u00e9rminos clasificatorios para los franjiverdes, que cierran la primera vuelta con 23 puntos.<\/p>\n<p>En Mestalla se le apag\u00f3 la luz al cuadro ilicitano, que agrava su crisis lejos del Mart\u00ednez Valero con un balance de un punto de los \u00faltimos 18 puntos. A\u00fan as\u00ed, los de Sarabia lograron rascar un punto e incluso verse por delante en los \u00faltimos minutos. Tras el empate de Pepelu de penalti, <strong>el Valencia muri\u00f3 en busca del gol de la remontada sin \u00e9xito<\/strong>.<\/p>\n<p>Hasta tres novedades introdujo Sarabia con respecto a la derrota frente al Villarreal, la principal, en la porter\u00eda con la vuelta de <strong>Dituro. Petrot y Yago de Santiago<\/strong> fueron las otras dos en detrimento de Affengruber y Rafa Mir. Enfrente un Valencia que recibi\u00f3 una sonora pitada por parte de su afici\u00f3n, tanto en la llegada del autob\u00fas como cuando saltaron al c\u00e9sped de Mestalla.<\/p>\n<p><strong>Una primera parte muy floja por parte del Elche<\/strong>, que cometi\u00f3 numerosas p\u00e9rdidas peligrosas en la salida de bal\u00f3n. Al equipo le falt\u00f3 verticalidad, fluidez y no lleg\u00f3 a sentirse c\u00f3modo sobre el verde. La primera oportunidad clara la tuvo Luis Rioja tras un fallo de Dituro donde el futbolista che no pudo definir.<\/p>\n<p>A los 20 minutos una falta muy peligrosa se envenen\u00f3 rozando el palo de la porter\u00eda del meta argentino. A\u00fan as\u00ed, el conjunto franjiverde no supo aprovechar la tensi\u00f3n por parte de Mestalla hacia sus futbolistas y las ocasiones m\u00e1s claras las protagonizaron los futbolistas locales. <strong>Almeida perdon\u00f3 el 1-0 al filo del descanso<\/strong>. Por suerte para los de Sarabia, se llegaba sin goles al final de los primeros 45 minutos.<\/p>\n<p>Tras el paso por vestuarios, Pepelu avis\u00f3 tras un disparo peligroso que se march\u00f3 fuera por muy poco. <strong>La mala noticia lleg\u00f3 en forma de lesi\u00f3n tras las dolencias de Pedro Bigas<\/strong> en su rodilla que se march\u00f3 retirado en camilla. Affengruber entr\u00f3 en su lugar mientras que Adam hizo lo propio por un desafinado Yago de Santiago.<\/p>\n<p>El partido baj\u00f3 el ritmo y no fue hasta el 75\u2019 cuando Diangana se invent\u00f3 un zapatazo desde el v\u00e9rtice del \u00e1rea para hacer el 0-1. En el primer disparo a puerta se adelantaban los ilicitanos, un gol que termin\u00f3 de incendiar Mestalla, <strong>con una pa\u00f1olada por parte de sus aficionados<\/strong>.<\/p>\n<p>El Valencia reaccion\u00f3 diez minutos despu\u00e9s tras una mano del propio Diangana dentro del \u00e1rea. <strong>Pepelu no perdon\u00f3 desde el punto de penalti para poner el empate a uno<\/strong>. Un tanto que dio alas al conjunto de la capital del Turia. El Valencia termin\u00f3 muriendo sobre el \u00e1rea de Dituro pero el marcador ya no se movi\u00f3. Empate y el Elche ya se pone a pensar en el pr\u00f3ximo partido ante el Sevilla.<\/p>\n<p>\u00a0<\/p>\n<p><strong>Ficha t\u00e9cnica:<\/strong><\/p>\n<p><strong>Valencia C.F: (1):\u00a0<\/strong>Dimitrievski; Correia (Foulquier 16\u2019), T\u00e1rrega, Copete, Gay\u00e1; Urginic (Ramazani 77\u2032), Pepelu; Luis Rioja, Almeida (Sadiq 64\u2019), Diego L\u00f3pez (Guerra 77\u2032); Beltr\u00e1n (Danjuma 64\u2019).<\/p>\n<p><strong>Elche C.F. (1)<\/strong>: Dituro; Chust, Bigas (Affengruber 59\u2019), Petrot; \u00c1lvaro N\u00fa\u00f1ez (Pedrosa 73\u2019), Neto (Diangana 73\u2019), Aguado, Febas (Fede Redondo 82\u2019), Germ\u00e1n Valera; \u00c1lvaro Rodr\u00edguez, Yago de Santiago (Adam 59\u2019).<\/p>\n<p><strong>Goles:\u00a0<\/strong>0-1 (Diangana 75\u2019), 1-1 (Pepelu 85\u2019)<\/p>\n<p><strong>\u00c1rbitro<\/strong>: Ortiz Arias (Comit\u00e9 madrile\u00f1o). Amonest\u00f3 con tarjeta amarilla a los locales Ramazani y Pepelu y a los visitantes \u00c1lvaro N\u00fa\u00f1ez, Pedrosa y V\u00edctor Chust.<\/p>\n<p><strong>Incidencias<\/strong>: Partido correspondiente a la jornada 19 de la Liga EA Sports disputado el Estadio de Mestalla ante 44.949 espectadores.<\/p>\n","protected":false},"excerpt":{"rendered":"Empate valioso del Elche tras una floja imagen ante un Valencia muy apretado por Mestalla. Diangana se visti\u00f3&hellip;\n","protected":false},"author":2,"featured_media":346473,"comment_status":"","ping_status":"","sticky":false,"template":"","format":"standard","meta":{"footnotes":""},"categories":[170],"tags":[78466,146,147,25,24,78467,78468,184,185,717,23],"class_list":["post-346472","post","type-post","status-publish","format-standard","has-post-thumbnail","category-musica","tag-elche-night-race","tag-entertainment","tag-entretenimiento","tag-es","tag-espana","tag-juan-carlos-esteso","tag-media-partner","tag-music","tag-musica","tag-running","tag-spain"],"share_on_mastodon":{"url":"https:\/\/pubeurope.com\/@es\/115912845821110238","error":""},"_links":{"self":[{"href":"https:\/\/www.europesays.com\/es\/wp-json\/wp\/v2\/posts\/346472","targetHints":{"allow":["GET"]}}],"collection":[{"href":"https:\/\/www.europesays.com\/es\/wp-json\/wp\/v2\/posts"}],"about":[{"href":"https:\/\/www.europesays.com\/es\/wp-json\/wp\/v2\/types\/post"}],"author":[{"embeddable":true,"href":"https:\/\/www.europesays.com\/es\/wp-json\/wp\/v2\/users\/2"}],"replies":[{"embeddable":true,"href":"https:\/\/www.europesays.com\/es\/wp-json\/wp\/v2\/comments?post=346472"}],"version-history":[{"count":0,"href":"https:\/\/www.europesays.com\/es\/wp-json\/wp\/v2\/posts\/346472\/revisions"}],"wp:featuredmedia":[{"embeddable":true,"href":"https:\/\/www.europesays.com\/es\/wp-json\/wp\/v2\/media\/346473"}],"wp:attachment":[{"href":"https:\/\/www.europesays.com\/es\/wp-json\/wp\/v2\/media?parent=346472"}],"wp:term":[{"taxonomy":"category","embeddable":true,"href":"https:\/\/www.europesays.com\/es\/wp-json\/wp\/v2\/categories?post=346472"},{"taxonomy":"post_tag","embeddable":true,"href":"https:\/\/www.europesays.com\/es\/wp-json\/wp\/v2\/tags?post=346472"}],"curies":[{"name":"wp","href":"https:\/\/api.w.org\/{rel}","templated":true}]}}