{"id":346706,"date":"2026-01-18T01:27:11","date_gmt":"2026-01-18T01:27:11","guid":{"rendered":"https:\/\/www.europesays.com\/es\/346706\/"},"modified":"2026-01-18T01:27:11","modified_gmt":"2026-01-18T01:27:11","slug":"el-lider-supremo-de-iran-ali-jamenei-reconoce-miles-de-muertes-en-las-protestas-y-culpa-a-trump-de-instigarlas-internacional","status":"publish","type":"post","link":"https:\/\/www.europesays.com\/es\/346706\/","title":{"rendered":"El l\u00edder supremo de Ir\u00e1n, Al\u00ed Jamene\u00ed, reconoce \u201cmiles de muertes\u201d en las protestas y culpa a Trump de instigarlas | Internacional"},"content":{"rendered":"<p class=\"\">El l\u00edder supremo de Ir\u00e1n, <a href=\"https:\/\/elpais.com\/internacional\/2026-01-15\/iran-atrapado-entre-jamenei-y-trump.html\" target=\"_self\" rel=\"nofollow noopener\" title=\"https:\/\/elpais.com\/internacional\/2026-01-15\/iran-atrapado-entre-jamenei-y-trump.html\">Al\u00ed Jamene\u00ed<\/a>, ha culpado este s\u00e1bado al presidente estadounidense, <a href=\"https:\/\/elpais.com\/internacional\/2026-01-13\/trump-alienta-las-protestas-y-llama-a-los-manifestantes-a-tomar-las-instituciones-en-iran.html\" target=\"_self\" rel=\"nofollow noopener\" title=\"https:\/\/elpais.com\/internacional\/2026-01-13\/trump-alienta-las-protestas-y-llama-a-los-manifestantes-a-tomar-las-instituciones-en-iran.html\">Donald Trump<\/a>, por <a href=\"https:\/\/elpais.com\/internacional\/2026-01-17\/cronologia-visual-de-las-protestas-en-iran-como-empezaron-y-que-sabemos-pese-al-bloqueo.html\" target=\"_self\" rel=\"nofollow noopener\" title=\"https:\/\/elpais.com\/internacional\/2026-01-17\/cronologia-visual-de-las-protestas-en-iran-como-empezaron-y-que-sabemos-pese-al-bloqueo.html\">las protestas<\/a> que, seg\u00fan organizaciones de derechos humanos, han causado m\u00e1s de 3.000 muertes en el pa\u00eds. \u201cConsideramos al presidente estadounidense un criminal por las v\u00edctimas, los da\u00f1os y las calumnias que infligi\u00f3 a la naci\u00f3n iran\u00ed\u201d, ha declarado, el ayatol\u00e1 seg\u00fan medios estatales iran\u00edes. Jamene\u00ed, la m\u00e1xima autoridad de Ir\u00e1n, ha afirmado que se hab\u00edan producido \u201cmiles de muertes\u201d durante las manifestaciones nacionales, que constituyen los peores disturbios en el pa\u00eds en a\u00f1os. <\/p>\n<p class=\"\">Las protestas estallaron el 28 de diciembre debido a <a href=\"https:\/\/elpais.com\/internacional\/2026-01-14\/el-horror-de-la-represion-en-iran-cortan-la-luz-matan-a-la-gente-con-ametralladoras-y-se-llevan-los-cuerpos.html\" target=\"_self\" rel=\"nofollow noopener\" title=\"https:\/\/elpais.com\/internacional\/2026-01-14\/el-horror-de-la-represion-en-iran-cortan-la-luz-matan-a-la-gente-con-ametralladoras-y-se-llevan-los-cuerpos.html\">la crisis econ\u00f3mica que atraviesa Ir\u00e1n<\/a> y derivaron en manifestaciones generalizadas que exig\u00edan el fin del r\u00e9gimen clerical en la Rep\u00fablica Isl\u00e1mica. Varios manifestantes han denunciado la represi\u00f3n por parte del r\u00e9gimen de Jamene\u00ed. Trump <a href=\"https:\/\/elpais.com\/internacional\/2026-01-14\/la-cifra-de-muertos-por-la-represion-en-iran-sigue-aumentando-en-plena-tension-con-estados-unidos.html\" target=\"_self\" rel=\"nofollow noopener\" title=\"https:\/\/elpais.com\/internacional\/2026-01-14\/la-cifra-de-muertos-por-la-represion-en-iran-sigue-aumentando-en-plena-tension-con-estados-unidos.html\">ha amenazado en varias ocasiones con intervenir<\/a>, incluso con \u201cmedidas muy en\u00e9rgicas\u201d si Ir\u00e1n ejecutaba a manifestantes.<\/p>\n<p class=\"\">Pero el viernes, en una publicaci\u00f3n en redes sociales, el republicano agradeci\u00f3 a los l\u00edderes de Teher\u00e1n, afirmando que hab\u00edan cancelado los ahorcamientos masivos. Ir\u00e1n afirm\u00f3 que no hab\u00eda ning\u00fan plan para ahorcar a nadie. En comentarios que han sido interpretados como una respuesta a las declaraciones de Trump, Jamene\u00ed ha dicho: \u201cNo arrastraremos al pa\u00eds a la guerra, pero no permitiremos que los criminales nacionales o internacionales queden impunes\u201d, seg\u00fan recogen los medios estatales.<\/p>\n<p class=\"\">El ayatol\u00e1 ha acusado a Estados Unidos e Israel, enemigos hist\u00f3ricos de la Rep\u00fablica Isl\u00e1mica, de organizar la violencia. \u201cAquellas personas vinculadas a Israel y Estados Unidos causaron da\u00f1os masivos y mataron a miles de personas\u201d, ha declarado y ha asegurado que provocaron incendios, destruyeron propiedad p\u00fablica e incitaron al caos. \u201cCometieron cr\u00edmenes y una grave calumnia\u201d, ha afirmado.<\/p>\n<p class=\"\">La Agencia de Noticias de Activistas de Derechos Humanos (HRANA), con sede en Estados Unidos, ha contabilizado al menos 3.090 muertes durante las protestas. Unos 2.885 fallecidos eran manifestantes. La ONG ha registrado, adem\u00e1s, m\u00e1s de 22.000 detenciones desde el inicio de las manifestaciones.<\/p>\n<p class=\"\">La semana pasada, el fiscal general de Ir\u00e1n, Mohammad Movahedi Azad, advirti\u00f3 de que los detenidos se enfrentar\u00edan a severos castigos. Entre ellos se encontraban personas que \u201cayudaron a alborotadores y terroristas que atacaban a las fuerzas de seguridad y la propiedad p\u00fablica\u201d y \u201cmercenarios que tomaron las armas y sembraron el miedo entre los ciudadanos\u201d, dijo. <\/p>\n<p class=\"\">\u201cTodos los autores son mohareb\u201d, declar\u00f3 el fiscal, seg\u00fan los medios estatales, en referencia al t\u00e9rmino de la ley isl\u00e1mica que tipifica el delito de declarar la guerra contra Dios y se castiga con la muerte seg\u00fan las normas iran\u00edes. Movahedi Azad a\u00f1adi\u00f3 que las investigaciones se llevar\u00edan a cabo \u201csin indulgencia, piedad ni tolerancia\u201d.<\/p>\n","protected":false},"excerpt":{"rendered":"El l\u00edder supremo de Ir\u00e1n, Al\u00ed Jamene\u00ed, ha culpado este s\u00e1bado al presidente estadounidense, Donald Trump, por las&hellip;\n","protected":false},"author":2,"featured_media":346707,"comment_status":"","ping_status":"","sticky":false,"template":"","format":"standard","meta":{"footnotes":""},"categories":[42],"tags":[60067,17,18,9827,13,14,11,61,62,63,64,3137,19,20,9,10,15,16,77,77307,18264,36993,12,21,22,65,66,67],"class_list":["post-346706","post","type-post","status-publish","format-standard","has-post-thumbnail","category-internacional","tag-ali-jamenei","tag-breaking-news","tag-breakingnews","tag-crisis-economica","tag-featured-news","tag-featurednews","tag-headlines","tag-internacional","tag-international","tag-international-news","tag-internationalnews","tag-iran","tag-latest-news","tag-latestnews","tag-news","tag-noticias","tag-noticias-destacadas","tag-noticiasdestacadas","tag-oriente-proximo","tag-protestas-iran","tag-protestas-sociales","tag-revueltas-sociales","tag-titulares","tag-ultimas-noticias","tag-ultimasnoticias","tag-world","tag-world-news","tag-worldnews"],"share_on_mastodon":{"url":"","error":"Validation failed: Text character limit of 500 exceeded"},"_links":{"self":[{"href":"https:\/\/www.europesays.com\/es\/wp-json\/wp\/v2\/posts\/346706","targetHints":{"allow":["GET"]}}],"collection":[{"href":"https:\/\/www.europesays.com\/es\/wp-json\/wp\/v2\/posts"}],"about":[{"href":"https:\/\/www.europesays.com\/es\/wp-json\/wp\/v2\/types\/post"}],"author":[{"embeddable":true,"href":"https:\/\/www.europesays.com\/es\/wp-json\/wp\/v2\/users\/2"}],"replies":[{"embeddable":true,"href":"https:\/\/www.europesays.com\/es\/wp-json\/wp\/v2\/comments?post=346706"}],"version-history":[{"count":0,"href":"https:\/\/www.europesays.com\/es\/wp-json\/wp\/v2\/posts\/346706\/revisions"}],"wp:featuredmedia":[{"embeddable":true,"href":"https:\/\/www.europesays.com\/es\/wp-json\/wp\/v2\/media\/346707"}],"wp:attachment":[{"href":"https:\/\/www.europesays.com\/es\/wp-json\/wp\/v2\/media?parent=346706"}],"wp:term":[{"taxonomy":"category","embeddable":true,"href":"https:\/\/www.europesays.com\/es\/wp-json\/wp\/v2\/categories?post=346706"},{"taxonomy":"post_tag","embeddable":true,"href":"https:\/\/www.europesays.com\/es\/wp-json\/wp\/v2\/tags?post=346706"}],"curies":[{"name":"wp","href":"https:\/\/api.w.org\/{rel}","templated":true}]}}