{"id":346892,"date":"2026-01-18T04:26:16","date_gmt":"2026-01-18T04:26:16","guid":{"rendered":"https:\/\/www.europesays.com\/es\/346892\/"},"modified":"2026-01-18T04:26:16","modified_gmt":"2026-01-18T04:26:16","slug":"los-hispanos-ponen-pie-y-medio-en-la-segunda-fase-del-europeo-de-balonmano-tras-derrotar-a-austria","status":"publish","type":"post","link":"https:\/\/www.europesays.com\/es\/346892\/","title":{"rendered":"Los Hispanos ponen pie y medio en la segunda fase del Europeo de balonmano tras derrotar a Austria"},"content":{"rendered":"<p class=\"paragraph\"><b>La selecci\u00f3n espa\u00f1ola de balonmano puso pie y medio en la segunda fase del Europeo<\/b> de Dinamarca, Suecia y Noruega al imponerse este s\u00e1bado por<b> 25-30 a la de Austria<\/b>, en un encuentro en el que los Hispanos brillaron en defensa de la mano de un sensacional <b>Sergey Hern\u00e1ndez en la porter\u00eda<\/b>.<\/p>\n<p class=\"paragraph\">Tal y como reflejaron las <b>trece paradas <\/b>con las que el guardameta navarro cerr\u00f3 una contienda que deja a Espa\u00f1a a las puertas de una ronda principal que los de Jordi Ribera alcanzar\u00e1n este mismo s\u00e1bado si Alemania, la vigente subcampeona ol\u00edmpica, cumple con los pron\u00f3sticos y vence a Serbia.<\/p>\n<p class=\"paragraph\">Un billete que <b>el equipo espa\u00f1ol ciment\u00f3 en defensa, donde Antonio Serradilla y Abel Serdio<\/b>, tras la notable actuaci\u00f3n que firmaron ante Serbia en el eje central, se enfrentaron a otro reto todav\u00eda m\u00e1s complicado, contener a la dupla que forman el central Lukas Hutecek y el pivote Tobias Wagner.<\/p>\n<p class=\"paragraph\">Una tarea nada sencilla, ya que si Hutecek destaca por su facilidad para superar a las defensas rivales con sus poderosas penetraciones, contener al inmenso Wagner, una mole de casi dos metros y m\u00e1s de 120 kilos, es casi imposible cuando gana cualquier m\u00ednima ventaja.\u00a0Lo demostraron los seis tantos, tres de Hutecek y tres de Wagner, que contabilizaban los dos jugadores, las tres cuartas partes de los goles del conjunto austr\u00edaco (8-10), superado el ecuador de la primera mitad.<\/p>\n<p class=\"paragraph\">Pero si <b>a Espa\u00f1a le cost\u00f3 controlar la zona central del ataque del conjunto europeo, <\/b>los de Jordi Ribera anularon por completo a los extremos Sebastian Frimmel y Jakob Nigg, que en la primera jornada ante Alemania lograron un total de diecis\u00e9is dianas.<\/p>\n<p class=\"paragraph\">Una tarea en la que fue determinante el portero Sergey Hern\u00e1ndez, que, por fin, logr\u00f3 mostrar con la selecci\u00f3n el excelente nivel que muestra con su equipo, el Magdeburgo alem\u00e1n, con el que se ha consagrado como uno de los mejores guardametas del mundo.<\/p>\n<p class=\"paragraph\">Pero los Hispanos no s\u00f3lo pueden presumir de portero, sino tambi\u00e9n de contar, hoy por hoy, con uno de los jugadores m\u00e1s en forma del panorama continental,<b> el central Ian Tarrafeta<\/b>, que volvi\u00f3 a mostrar el mismo excelso nivel que ya le llev\u00f3 a ser elegido mejor jugador del partido ante Serbia.<\/p>\n<p class=\"paragraph\">Con Tarrafeta a pleno rendimiento todo parece m\u00e1s fluido en el ataque del conjunto espa\u00f1ol, lo que permiti\u00f3 brillar, y de qu\u00e9 manera, tanto el pivote<b> Abel Serdio<\/b>, sobresaliente en los dos lados del campo, como, sobre todo, al lateral<b> Jan Gurri<\/b>, que firm\u00f3 sus mejores minutos con el equipo nacional.<\/p>\n<p class=\"paragraph\">Un gran trabajo que no sirvi\u00f3, sin embargo, para que los Hispanos se distanciaran de manera clara en el marcador, como demostraron los tres goles de<b> ventaja (10-13) <\/b>con los que contaban los de Jordi Ribera al entrar en los diez \u00faltimos minutos del primer per\u00edodo.<\/p>\n<p class=\"paragraph\">Tiempo en el que surgi\u00f3 imponente la figura de Sergey Hern\u00e1ndez, que se dispar\u00f3 hasta las ocho intervenciones en la primera parte y que con sus paradas permiti\u00f3 a los Hispanos alcanzar una renta de siete tantos <b>(12-19) al descanso.<\/b><\/p>\n<p class=\"paragraph\">Diferencia que pareci\u00f3 encarrilar la victoria del conjunto espa\u00f1ol, pero nada m\u00e1s lejos de la realidad, ya que los Hispanos, como ya les ocurri\u00f3 en el partido inaugural con Serbia, se atascaron en ataque en la segunda mitad.<\/p>\n<p class=\"paragraph\">Un problema al que se sum\u00f3 <b>el resurgir<\/b>, tras unos primeros treinta minutos m\u00e1s que grises, <b>del portero austr\u00edaco Constantin Mostl,<\/b> un jugador que ya fue decisivo en la eliminaci\u00f3n que la selecci\u00f3n espa\u00f1ola sufri\u00f3 a manos del conjunto centroeuropeo en la primera fase del \u00faltimo Europeo.<\/p>\n<p class=\"paragraph\">Paradas que permitieron a Austria, a la que s\u00f3lo le val\u00eda la victoria para seguir viva en la competici\u00f3n, reducir la ventaja espa\u00f1ola a tan s\u00f3lo cuatro tantos (20-24) con todav\u00eda quince minutos de juego por delante.<\/p>\n<p class=\"paragraph\">Un momento para medir la madurez del remozado equipo espa\u00f1ol, que en momentos de duda se aferr\u00f3 a su mejor argumento, el trabajo defensivo, donde los Hispanos volvieron a mostrar la contundente versi\u00f3n que exhibieron durante todo el primer per\u00edodo.<\/p>\n<p class=\"paragraph\">Defensa en la que volvi\u00f3 a jugar un papel decisivo, aunque sin la exuberancia de la primera parte, el portero Sergey Hern\u00e1ndez, que pareci\u00f3 dejar sentenciada la contienda con una parada que el guardameta complet\u00f3 con un gol de porter\u00eda a porter\u00eda que puso a los Hispanos con <b>una renta de cinco goles (23-28) a poco m\u00e1s de seis minutos para la conclusi\u00f3n.<\/b><\/p>\n<p class=\"paragraph\">Diferencia que, pese al empe\u00f1o de Mostl, el conjunto espa\u00f1ol supo conservar hasta el final para sumar un triunfo (25-30) que, salvo una sorpresa inimaginable, asegura a los de Jordi Ribera su presencia en el segundo turno del torneo.<\/p>\n<p>Ficha t\u00e9cnica<\/p>\n<p class=\"paragraph\"><b>25 &#8211; Austria: <\/b>Mostl; Nigg (3), Kofler (1), Herburger (-), Hutecek (5), Bylik (5) y Frimmel (4, 1p) -equipo inicial- Bergmann (ps), Mahr (1), Bozovic (-), Petrusic (-), Moser (-), Belos (-), Zivkovic (-), Dambock (-) y Wagner (6)<\/p>\n<p class=\"paragraph\"><b>30 &#8211; Espa\u00f1a:<\/b> Sergey Hern\u00e1ndez (2); Aleix G\u00f3mez (4, 1p), Garciandia (4), Tarrafeta (2), Gurri (3), Dani Fern\u00e1ndez (1) y Serdio (3) -equipo inicial- Biosca (ps), Serradilla (-), Casado (3), Alex Dujshebaev (3), Odriozola (2), Fis (1), Dani Dujshebaev (-), Barrufet (2) y Javi Rodr\u00edguez (-)<\/p>\n<p class=\"paragraph\"><b>Marcador cada cinco minutos:<\/b> 2-3, 5-7, 7-10, 10-13, 10-16 y 12-19 (Descanso) 15-21, 17-24, 20-24, 22-27, 24-28 y 25-30 (Final).<\/p>\n<p class=\"paragraph\"><b>\u00c1rbitros:<\/b> Lah y Sok (SLO). Excluyeron por dos minutos a Frimmel (2) y Kofler (2) por Austria; y a Serradilla, Garciandia, Dani Dujshebaev, Javi Rodr\u00edguez y Gurri por Espa\u00f1a.<\/p>\n<p class=\"paragraph\"><b>Incidencias: <\/b>Encuentro correspondiente a la segunda jornada del grupo A de la primera fase del Europeo de Dinamarca, Suecia y Noruega disputado en el Jyske Bank Boxen de Herning (Dinamarca).\u00a0<\/p>\n","protected":false},"excerpt":{"rendered":"La selecci\u00f3n espa\u00f1ola de balonmano puso pie y medio en la segunda fase del Europeo de Dinamarca, Suecia&hellip;\n","protected":false},"author":2,"featured_media":346893,"comment_status":"","ping_status":"","sticky":false,"template":"","format":"standard","meta":{"footnotes":""},"categories":[93],"tags":[15995,376,168,44679,25,24,5824,17162,23,167],"class_list":["post-346892","post","type-post","status-publish","format-standard","has-post-thumbnail","category-deportes","tag-austria","tag-balonmano","tag-deportes","tag-derrotar","tag-es","tag-espana","tag-europeo","tag-hispanos","tag-spain","tag-sports"],"share_on_mastodon":{"url":"https:\/\/pubeurope.com\/@es\/115914210238037293","error":""},"_links":{"self":[{"href":"https:\/\/www.europesays.com\/es\/wp-json\/wp\/v2\/posts\/346892","targetHints":{"allow":["GET"]}}],"collection":[{"href":"https:\/\/www.europesays.com\/es\/wp-json\/wp\/v2\/posts"}],"about":[{"href":"https:\/\/www.europesays.com\/es\/wp-json\/wp\/v2\/types\/post"}],"author":[{"embeddable":true,"href":"https:\/\/www.europesays.com\/es\/wp-json\/wp\/v2\/users\/2"}],"replies":[{"embeddable":true,"href":"https:\/\/www.europesays.com\/es\/wp-json\/wp\/v2\/comments?post=346892"}],"version-history":[{"count":0,"href":"https:\/\/www.europesays.com\/es\/wp-json\/wp\/v2\/posts\/346892\/revisions"}],"wp:featuredmedia":[{"embeddable":true,"href":"https:\/\/www.europesays.com\/es\/wp-json\/wp\/v2\/media\/346893"}],"wp:attachment":[{"href":"https:\/\/www.europesays.com\/es\/wp-json\/wp\/v2\/media?parent=346892"}],"wp:term":[{"taxonomy":"category","embeddable":true,"href":"https:\/\/www.europesays.com\/es\/wp-json\/wp\/v2\/categories?post=346892"},{"taxonomy":"post_tag","embeddable":true,"href":"https:\/\/www.europesays.com\/es\/wp-json\/wp\/v2\/tags?post=346892"}],"curies":[{"name":"wp","href":"https:\/\/api.w.org\/{rel}","templated":true}]}}