{"id":347054,"date":"2026-01-18T07:01:09","date_gmt":"2026-01-18T07:01:09","guid":{"rendered":"https:\/\/www.europesays.com\/es\/347054\/"},"modified":"2026-01-18T07:01:09","modified_gmt":"2026-01-18T07:01:09","slug":"anahi-celebra-el-cumpleanos-9-de-manu-su-hijo-mayor-mi-maestro-de-vida-mi-fiel-companero","status":"publish","type":"post","link":"https:\/\/www.europesays.com\/es\/347054\/","title":{"rendered":"Anahi celebra el cumplea\u00f1os 9 de Manu, su hijo mayor: &#8216;Mi maestro de vida, mi fiel compa\u00f1ero&#8217;"},"content":{"rendered":"<p id=\"e-_bWTuttR\" data-wc=\"91\"><strong>Anah\u00ed\u00a0<\/strong>celebra un momento profundamente especial en su vida personal: el cumplea\u00f1os n\u00famero nueve de<strong>\u00a0Manu<\/strong>, <a class=\"hm-link ho-link\" href=\"https:\/\/www.hola.com\/us-es\/celebrities\/20251223874601\/anahi-nieve-hijos-navidad\/\" data-mrf-recirculation=\"article-body-link\" rel=\"nofollow noopener\" target=\"_blank\">su hijo mayor<\/a>, fruto de su matrimonio con<strong>\u00a0Manuel Velasco Coello<\/strong>. La cantante y actriz comparti\u00f3 esta fecha tan significativa a trav\u00e9s de sus redes sociales, donde no solo conmemor\u00f3 un a\u00f1o m\u00e1s de vida de su primog\u00e9nito, sino que tambi\u00e9n abri\u00f3 una ventana a la transformaci\u00f3n que ha experimentado desde que se convirti\u00f3 en mam\u00e1, una faceta que, con el paso del tiempo, se ha convertido en el eje de su d\u00eda a d\u00eda.<\/p>\n<p> <img src=\"https:\/\/www.europesays.com\/es\/wp-content\/uploads\/2026\/01\/5cc75fb317af-anahi488256855184971064810383648277874570051937918n.jpg\"   width=\"819\" height=\"1024\" loading=\"lazy\" decoding=\"async\" alt=\"Anah\u00ed y Manuel Velasco Coello\" fetchpriority=\"auto\" class=\"image ho-image\"\/>\u00a9 IG: @anahiAnah\u00ed y Manuel Velasco Coello celebraron por todo lo alto a su peque\u00f1o Manu (al centro)<\/p>\n<p id=\"eAIG_Ks3Vz0\" data-wc=\"113\">Acompa\u00f1ando una serie de fotograf\u00edas que recorren algunos de los instantes m\u00e1s importantes junto a su hijo, Anah\u00ed public\u00f3 un mensaje cargado de emoci\u00f3n y asombro por la rapidez con la que pasa el tiempo. Entre las im\u00e1genes destac\u00f3 un video especialmente significativo, en el que se observa a Manu con apenas dos d\u00edas de nacido, una escena que remite al inicio de una etapa que marc\u00f3 para siempre su vida. \u201c\u00a1Hoy mi beb\u00e9 grande cumple 9! \ud83e\udd2f\u00a1\u00a1\u00bfqueeee\u00e9???!! El tiempo vuela y no te imaginas como quisiera poder detenerlo\u2026 \ud83e\udd79 \u00a1\u00a1Pero amo verte crecer y ser muy feliz!! \u2764\ufe0f\u201d, escribi\u00f3, reflejando ese sentimiento compartido por muchos padres al ver crecer a sus hijos.<\/p>\n<p> <img src=\"https:\/\/www.europesays.com\/es\/wp-content\/uploads\/2026\/01\/6aa8b57c2569-anahi618920983185513382160383643589966541026613399n.jpg\"   width=\"1024\" height=\"1024\" loading=\"lazy\" decoding=\"async\" alt=\"La int\u00e9rprete dej\u00f3 en claro lo mucho que significa poder compartir su vida con el peque\u00f1o Manu\" fetchpriority=\"auto\" class=\"image ho-image\"\/>\u00a9 IG: @anahiLa int\u00e9rprete dej\u00f3 en claro lo mucho que significa poder compartir su vida con el peque\u00f1o Manu<\/p>\n<p id=\"ew8WmsI7aXF\" data-wc=\"85\">La int\u00e9rprete profundiz\u00f3 a\u00fan m\u00e1s en el v\u00ednculo que mantiene con su primog\u00e9nito, a quien describi\u00f3 como una fuente constante de aprendizaje y amor incondicional. \u201c\u00a1Mi ni\u00f1o hermoso! \u00a1Con ese coraz\u00f3n gigante que te hace tan especial! Mi maestro de vida, mi fiel compa\u00f1ero. \u00a1Llegaste a este mundo a llenarlo de amor! \u00a1\u00a1\u00a1TE AMO!!! \u00a1\u00a1\u00a1FELIZ CUMPLE MANU!!!\u201d, expres\u00f3, dejando claro que la maternidad no solo redefini\u00f3 sus prioridades, sino que tambi\u00e9n le dio una nueva perspectiva sobre la felicidad y el sentido de la vida.<\/p>\n<p> <img src=\"https:\/\/www.europesays.com\/es\/wp-content\/uploads\/2026\/01\/3d806bdc4453-1000103644.jpg\"   width=\"1080\" height=\"1800\" loading=\"lazy\" decoding=\"async\" alt=\"Con este lindo pastel, Anah\u00ed celebr\u00f3 el cumplea\u00f1os de su peque\u00f1o\" fetchpriority=\"auto\" class=\"image ho-image\"\/>\u00a9 IG: @anahiCon este lindo pastel, Anah\u00ed celebr\u00f3 el cumplea\u00f1os de su peque\u00f1o<br \/>\nEl mensaje de Manuel Velasco para Manu<\/p>\n<p id=\"eR3T_uMchhY\" data-wc=\"68\">Manuel Velasco Coello tampoco dej\u00f3 pasar la ocasi\u00f3n y se sum\u00f3 a la celebraci\u00f3n con un mensaje que refleja el profundo orgullo que siente por su hijo mayor. \u201cHace nueve a\u00f1os llegaste a nuestras vidas como la mayor bendici\u00f3n para tu Mam\u00e1 y tu Pap\u00e1, llenando de inmensa alegr\u00eda nuestros corazones\u201d, comparti\u00f3, destacando el impacto que la llegada de Manu tuvo en la familia desde el primer instante.<\/p>\n<p id=\"eesKzT24hxQ\" data-wc=\"107\">En una dedicatoria m\u00e1s extensa, el pol\u00edtico agradeci\u00f3 cada una de las cualidades que definen a su hijo y el papel tan importante que juega dentro del n\u00facleo familiar, especialmente como hermano mayor. \u201cGracias hijo por el inmenso coraz\u00f3n que tienes. Gracias por tus sonrisas y tu luz. Gracias por ser quien eres. Gracias por ser el mejor hermano y compa\u00f1ero inseparable de tu hermano Emiliano\u201d, escribi\u00f3, resaltando los valores que Manu transmite a quienes lo rodean. Adem\u00e1s, reafirm\u00f3 el respaldo incondicional de sus padres: \u201cTu mam\u00e1, tu pap\u00e1 y tu hermano Emiliano siempre estaremos a tu lado para apoyarte y ayudarte a cumplir todos tus sue\u00f1os\u201d.<\/p>\n<p id=\"eomuCh0E0kk\" data-wc=\"84\">El mensaje concluy\u00f3 con una petici\u00f3n cargada de fe y amor, mirando hacia el futuro con esperanza. \u201cYo le pido a Dios que alcances todos tus prop\u00f3sitos, que te rodee de mucho amor y me d\u00e9 muchos a\u00f1os m\u00e1s para verte crecer. \u00a1TE AMO CON TODO MI CORAZ\u00d3N! \u00a1FELIZ CUMPLEA\u00d1OS QUERIDO HIJO!\u201d, finaliz\u00f3. Una celebraci\u00f3n \u00edntima, marcada por la gratitud y el orgullo, que deja ver el lado m\u00e1s personal de Anah\u00ed y Manuel Velasco Coello en una etapa que contin\u00faan viviendo con plenitud.<\/p>\n<p> <img src=\"https:\/\/www.europesays.com\/es\/wp-content\/uploads\/2026\/01\/2b3f0ea8c540-velascom618140409185496042970516918401025126692975115n.jpg\"   width=\"768\" height=\"1024\" loading=\"lazy\" decoding=\"async\" alt=\"Con esta linda fotograf\u00eda, Manuel Velsaco Coello celebr\u00f3 el cumplea\u00f1os de Manu, el hijo que tuvo con Anah\u00ed\" fetchpriority=\"auto\" class=\"image ho-image\"\/>\u00a9 IG: @velascom_Con esta linda fotograf\u00eda, Manuel Velsaco Coello celebr\u00f3 el cumplea\u00f1os de Manu, el hijo que tuvo con Anah\u00ed<\/p>\n","protected":false},"excerpt":{"rendered":"Anah\u00ed\u00a0celebra un momento profundamente especial en su vida personal: el cumplea\u00f1os n\u00famero nueve de\u00a0Manu, su hijo mayor, fruto&hellip;\n","protected":false},"author":2,"featured_media":347055,"comment_status":"","ping_status":"","sticky":false,"template":"","format":"standard","meta":{"footnotes":""},"categories":[174],"tags":[517,78556,255,146,147,25,24,256,23],"class_list":["post-347054","post","type-post","status-publish","format-standard","has-post-thumbnail","category-famosos","tag-actualidad","tag-anahi","tag-celebrities","tag-entertainment","tag-entretenimiento","tag-es","tag-espana","tag-famosos","tag-spain"],"share_on_mastodon":{"url":"https:\/\/pubeurope.com\/@es\/115914819787898720","error":""},"_links":{"self":[{"href":"https:\/\/www.europesays.com\/es\/wp-json\/wp\/v2\/posts\/347054","targetHints":{"allow":["GET"]}}],"collection":[{"href":"https:\/\/www.europesays.com\/es\/wp-json\/wp\/v2\/posts"}],"about":[{"href":"https:\/\/www.europesays.com\/es\/wp-json\/wp\/v2\/types\/post"}],"author":[{"embeddable":true,"href":"https:\/\/www.europesays.com\/es\/wp-json\/wp\/v2\/users\/2"}],"replies":[{"embeddable":true,"href":"https:\/\/www.europesays.com\/es\/wp-json\/wp\/v2\/comments?post=347054"}],"version-history":[{"count":0,"href":"https:\/\/www.europesays.com\/es\/wp-json\/wp\/v2\/posts\/347054\/revisions"}],"wp:featuredmedia":[{"embeddable":true,"href":"https:\/\/www.europesays.com\/es\/wp-json\/wp\/v2\/media\/347055"}],"wp:attachment":[{"href":"https:\/\/www.europesays.com\/es\/wp-json\/wp\/v2\/media?parent=347054"}],"wp:term":[{"taxonomy":"category","embeddable":true,"href":"https:\/\/www.europesays.com\/es\/wp-json\/wp\/v2\/categories?post=347054"},{"taxonomy":"post_tag","embeddable":true,"href":"https:\/\/www.europesays.com\/es\/wp-json\/wp\/v2\/tags?post=347054"}],"curies":[{"name":"wp","href":"https:\/\/api.w.org\/{rel}","templated":true}]}}