{"id":347056,"date":"2026-01-18T07:04:16","date_gmt":"2026-01-18T07:04:16","guid":{"rendered":"https:\/\/www.europesays.com\/es\/347056\/"},"modified":"2026-01-18T07:04:16","modified_gmt":"2026-01-18T07:04:16","slug":"de-viernes-sube-con-rocio-flores-y-la-ex-de-julio-iglesias-pero-el-desafio-se-mantiene-lider","status":"publish","type":"post","link":"https:\/\/www.europesays.com\/es\/347056\/","title":{"rendered":"&#8216;De viernes&#8217; sube con Roc\u00edo Flores y la ex de Julio Iglesias, pero &#8216;El Desaf\u00edo&#8217; se mantiene l\u00edder"},"content":{"rendered":"<p class=\"ft-text\">Nuevo liderazgo para <strong>&#8216;El Desaf\u00edo&#8217;, <\/strong>que controla la noche con su segunda gala. El programa de <a class=\"ft-link ft-link--decoration\" href=\"https:\/\/www.elperiodico.com\/es\/temas\/roberto-leal-1766241\" target=\"_blank\" rel=\"nofollow noopener\"><strong>Roberto Leal<\/strong><\/a>, que provoc\u00f3 el <a class=\"ft-link ft-link--decoration\" href=\"https:\/\/www.elperiodico.com\/es\/tele\/yotele\/20260117\/desafio-panico-concursante-dani-illescas-limite-quedar-sepultado-arena-respirar-125774000\" target=\"_blank\" rel=\"nofollow noopener\">p\u00e1nico total con uno de sus retos<\/a>, aglutin\u00f3 frente al televisor al <strong>15,9%<\/strong> y <strong>1.442.000<\/strong> espectadores.<\/p>\n<p class=\"ft-text\">Por su parte<a class=\"ft-link ft-link--decoration\" href=\"https:\/\/www.elperiodico.com\/es\/temas\/viernes-1931903\" target=\"_blank\" rel=\"nofollow noopener\">,<\/a><a class=\"ft-link ft-link--decoration\" href=\"https:\/\/www.elperiodico.com\/es\/temas\/viernes-1931903\" target=\"_blank\" rel=\"nofollow noopener\"><strong> &#8216;De viernes&#8217; <\/strong><\/a>sube con el <a class=\"ft-link ft-link--decoration\" href=\"https:\/\/www.elperiodico.com\/es\/tele\/yotele\/20260117\/rocio-flores-acorrala-terelu-campos-viernes-bronca-brutal-reproche-amenazas-125773253\" target=\"_blank\" rel=\"nofollow noopener\">duro enfrentamiento entre Roc\u00edo Flores y Terelu Campos<\/a> y la entrevista a la ex de Julio Iglesias. El programa de Bea Archidona y Santi Acosta asciende esta semana hasta un <strong>12,3%<\/strong> y <strong>1.003.000<\/strong> seguidores.<\/p>\n<p class=\"ft-text\">Por \u00faltimo, La 1 mejora sin el especial de &#8216;Directo al grano&#8217; y resuelve la noche con &#8216;Viaje al centro de la tele&#8217; y cine, pero muy lejos de la segunda plaza. El film de &#8216;Misi\u00f3n imposible&#8217; logr\u00f3 la atenci\u00f3n del 7,9% y 803.000 televidentes.<\/p>\n<p>PRIME TIMEAntena 3<\/p>\n<p class=\"ft-text\">El Desaf\u00edo: 15,9% y 1.442.000<\/p>\n<p>Telecinco<\/p>\n<p class=\"ft-text\">De viernes: 12,3% y 1.003.000<\/p>\n<p>La 1<\/p>\n<p class=\"ft-text\">Viaje al centro de la tele: 7,7% y 877.000<\/p>\n<p class=\"ft-text\">Cruise control: Mision imposible. Protocolo fantasma: 7,9% y 803.000<\/p>\n<p>Cuatro<\/p>\n<p class=\"ft-text\">First Dates: 4,2% y 454.000 \/ 6,8% y 768.000<\/p>\n<p class=\"ft-text\">El Blockbuster: El vuelo: 5,5% y 523.000<\/p>\n<p>laSexta<\/p>\n<p class=\"ft-text\">laSexta Clave: 4,7% y 505.000<\/p>\n<p class=\"ft-text\">laSexta Columna: 5,4% y 614.000<\/p>\n<p class=\"ft-text\">Equipo de Investigaci\u00f3n: 4,7% y 512.000 \/ 3,8% y 313.000<\/p>\n<p>La 2<\/p>\n<p class=\"ft-text\">Cifras y letras: 4,1% y 409.000 \/ 6,2% y 710.000<\/p>\n<p class=\"ft-text\">Plano general: 2,5% y 286.000<\/p>\n<p class=\"ft-text\">Historia de nuestro cine: 2,6% y 240.000<\/p>\n<p>LATE NIGHT Antena 3 <\/p>\n<p class=\"ft-text\">El Desaf\u00edo: 8,4% y 293.000<\/p>\n<p>Cuatro<\/p>\n<p class=\"ft-text\">Cine Cuatro: El coleccionista de huesos: 5,9% y 227.000<\/p>\n<p><strong>laSexta<\/strong> <\/p>\n<p class=\"ft-text\">Equipo de Investigaci\u00f3n: 4,2% y 215.000 \/ 5,8% y 173.000<\/p>\n<p>La 1<\/p>\n<p class=\"ft-text\">Cruise control 2: Misi\u00f3n imposible: 5,7% y 286.000<\/p>\n<p class=\"ft-text\">Diario Am\u00e9rica 24h: 5% y 122.000<\/p>\n<p>TARDEAntena 3<\/p>\n<p class=\"ft-text\">Sue\u00f1os de libertad: 14,6% y 1.338.000<\/p>\n<p class=\"ft-text\">Y Ahora Sonsoles: 9,5% y 790.000<\/p>\n<p class=\"ft-text\">Pasapalabra: 20,6% y 2.039.000<\/p>\n<p>La 1<\/p>\n<p class=\"ft-text\">Directo al grano: 10,6% y 931.000<\/p>\n<p class=\"ft-text\">Valle Salvaje: 11,2% y 905.000<\/p>\n<p class=\"ft-text\">La promesa: 11,9% 999.000<\/p>\n<p class=\"ft-text\">Malas lenguas: 11,3% y 1.016.000<\/p>\n<p class=\"ft-text\">Aqu\u00ed la tierra: 12,8% y 1.276.000<\/p>\n<p>Telecinco<\/p>\n<p class=\"ft-text\">El tiempo justo: 7,9% y 676.000<\/p>\n<p class=\"ft-text\">El diario de Jorge: 9,3% y 790.000<\/p>\n<p class=\"ft-text\">All\u00e1 T\u00fa: 6,9% y 678.000<\/p>\n<p>Cuatro<\/p>\n<p class=\"ft-text\">Todo es mentira: 6,5% y 567.000<\/p>\n<p class=\"ft-text\">Lo sabe, no lo sabe: 6% y 509.000<\/p>\n<p>laSexta<\/p>\n<p class=\"ft-text\">Zapeando: 5,5% y 495.000<\/p>\n<p class=\"ft-text\">M\u00e1s Vale Tarde: 5,6% y 460.000<\/p>\n<p>La 2<\/p>\n<p class=\"ft-text\">Saber y ganar: 2,6% y 249.000 \/ 7% y 655.000<\/p>\n<p class=\"ft-text\">Grandes Documentales: 3,8% y 321.000<\/p>\n<p class=\"ft-text\">Malas lenguas: 6,2% y 512.000<\/p>\n<p class=\"ft-text\">Tesoros ocultos con bettany hughes: 1,8% y 160.000<\/p>\n<p class=\"ft-text\">Grandes dise\u00f1os: 1,9% y 198.000<\/p>\n<p>MA\u00d1ANAAntena 3<\/p>\n<p class=\"ft-text\">Espejo P\u00fablico: 11,7% y 319.000<\/p>\n<p class=\"ft-text\">Cocina Abierta de Karlos Argui\u00f1ano: 15,6% y 771.000<\/p>\n<p class=\"ft-text\">La ruleta de la suerte: 21,5% y 1.579.000<\/p>\n<p>La 1<\/p>\n<p class=\"ft-text\">La Hora de La 1: 19,6% y 391.000<\/p>\n<p class=\"ft-text\">Ma\u00f1aneros 360: 15,5% y 512.000 \/ 11,7% y 944.000<\/p>\n<p>laSexta<\/p>\n<p class=\"ft-text\">Aruser@s: 12,4% y 174.000 \/ 13,3% y 306.000<\/p>\n<p class=\"ft-text\">Al Rojo vivo: 8,7% y 337.000<\/p>\n<p>Telecinco<\/p>\n<p class=\"ft-text\">La mirada cr\u00edtica: 9,5% y 163..000<\/p>\n<p class=\"ft-text\">El programa de Ana Rosa: 13,2% y 359.000<\/p>\n<p class=\"ft-text\">Vamos a ver: 9,4% y 616.000<\/p>\n<p>Cuatro<\/p>\n<p class=\"ft-text\">Alerta Cobra: 1,6% y 28.000 \/ 2,6% y 50.000 \/ 2,4% y 57.000<\/p>\n<p class=\"ft-text\">En boca de todos: 7,2% y 241.000<\/p>\n<p>La 2<\/p>\n<p class=\"ft-text\">El cazador: 1,6% y 108.000<\/p>\n<p>INFORMATIVOSTarde<\/p>\n<p class=\"ft-text\">Antena 3 Noticias 1: 24,2% y 2.296.000<\/p>\n<p class=\"ft-text\">Telediario 1: 15,4% y 1.466.000<\/p>\n<p class=\"ft-text\">Informativos Telecinco 15H: 9,5% y 899.000<\/p>\n<p class=\"ft-text\">laSexta Noticias 14H: 8,3% y 687.000<\/p>\n<p class=\"ft-text\">Noticias Cuatro 1: 6,8% y 498.000<\/p>\n<p>Noche<\/p>\n<p class=\"ft-text\">Antena 3 Noticias 2: 19% y 2.079.000<\/p>\n<p class=\"ft-text\">Telediario 2: 12,3% y 1.350.000<\/p>\n<p class=\"ft-text\">Informativos Telecinco 21H: 6,3% y 689.000<\/p>\n<p class=\"ft-text\">laSexta Noticias 20H: 6,8% y 656.000<\/p>\n<p class=\"ft-text\">Noticias Cuatro 2: 5,6% y 531.000<\/p>\n<p>R\u00c1NKING<\/p>\n<p class=\"ft-text\"><strong>Diario<\/strong>: Antena 3 (14,3%), La 1 (11,4%), Telecinco (9,6%), laSexta (5,9%), Cuatro (5,7%), La 2 (3,5%).<\/p>\n<p class=\"ft-text\"><strong>Mes<\/strong>: Antena 3 (12,6%), La 1 (12,5%), Telecinco (8,3%), laSexta (6%), Cuatro (5,9%), La 2 (3,3%).<\/p>\n","protected":false},"excerpt":{"rendered":"Nuevo liderazgo para &#8216;El Desaf\u00edo&#8217;, que controla la noche con su segunda gala. El programa de Roberto Leal,&hellip;\n","protected":false},"author":2,"featured_media":347057,"comment_status":"","ping_status":"","sticky":false,"template":"","format":"standard","meta":{"footnotes":""},"categories":[171],"tags":[39761,4040,2509,5659,29240,30593,10897,17936,24296,146,147,25,24,9646,7534,888,3152,23,7247,692,5522,1145,214,381],"class_list":["post-347056","post","type-post","status-publish","format-standard","has-post-thumbnail","category-tv","tag-39761","tag-antena-3","tag-audiencias","tag-audiencias-television","tag-ayer","tag-de-viernes","tag-desafio","tag-enero","tag-enfrentamiento","tag-entertainment","tag-entretenimiento","tag-es","tag-espana","tag-flores","tag-iglesias","tag-julio","tag-rocio","tag-spain","tag-sube","tag-telecinco","tag-terelu","tag-terelu-campos","tag-tv","tag-viernes"],"share_on_mastodon":{"url":"https:\/\/pubeurope.com\/@es\/115914831769279391","error":""},"_links":{"self":[{"href":"https:\/\/www.europesays.com\/es\/wp-json\/wp\/v2\/posts\/347056","targetHints":{"allow":["GET"]}}],"collection":[{"href":"https:\/\/www.europesays.com\/es\/wp-json\/wp\/v2\/posts"}],"about":[{"href":"https:\/\/www.europesays.com\/es\/wp-json\/wp\/v2\/types\/post"}],"author":[{"embeddable":true,"href":"https:\/\/www.europesays.com\/es\/wp-json\/wp\/v2\/users\/2"}],"replies":[{"embeddable":true,"href":"https:\/\/www.europesays.com\/es\/wp-json\/wp\/v2\/comments?post=347056"}],"version-history":[{"count":0,"href":"https:\/\/www.europesays.com\/es\/wp-json\/wp\/v2\/posts\/347056\/revisions"}],"wp:featuredmedia":[{"embeddable":true,"href":"https:\/\/www.europesays.com\/es\/wp-json\/wp\/v2\/media\/347057"}],"wp:attachment":[{"href":"https:\/\/www.europesays.com\/es\/wp-json\/wp\/v2\/media?parent=347056"}],"wp:term":[{"taxonomy":"category","embeddable":true,"href":"https:\/\/www.europesays.com\/es\/wp-json\/wp\/v2\/categories?post=347056"},{"taxonomy":"post_tag","embeddable":true,"href":"https:\/\/www.europesays.com\/es\/wp-json\/wp\/v2\/tags?post=347056"}],"curies":[{"name":"wp","href":"https:\/\/api.w.org\/{rel}","templated":true}]}}