{"id":34711,"date":"2025-08-08T22:02:11","date_gmt":"2025-08-08T22:02:11","guid":{"rendered":"https:\/\/www.europesays.com\/es\/34711\/"},"modified":"2025-08-08T22:02:11","modified_gmt":"2025-08-08T22:02:11","slug":"tomas-rufo-torero-la-plaza-de-el-bibio-se-ha-convertido-en-un-simbolo-de-libertad","status":"publish","type":"post","link":"https:\/\/www.europesays.com\/es\/34711\/","title":{"rendered":"Tom\u00e1s Rufo Torero: \u00abLa plaza de El Bibio se ha convertido en un s\u00edmbolo de libertad\u00bb"},"content":{"rendered":"<p><a class=\"v-mdl-ath__fig-a\" href=\"https:\/\/www.elcomercio.es\/autor\/ines-barea-7137.html\" title=\"In\u00e9s Barea\" rel=\"nofollow noopener\" target=\"_blank\"><br \/>\n<img decoding=\"async\" class=\"v-mdl-ath__img\" src=\"https:\/\/www.europesays.com\/es\/wp-content\/uploads\/2025\/08\/autor-7137-foto-1.jpeg\" alt=\"In\u00e9s Barea\"\/><br \/>\n<\/a><\/p>\n<p class=\"v-mdl-ath__p v-mdl-ath__p--6\">\nS\u00e1bado, 9 de agosto 2025, 02:00<\/p>\n<p class=\"v-p\">Tom\u00e1s Rufo (Talavera de la Reina, 1999) llegar\u00e1 a El Bibio el 15 de agosto, d\u00eda de la Virgen de Bego\u00f1a que da nombre a la feria, para estrenarse con toros de La Quinta, en un cartel que comparte con Emilio de Justo y Clemente. Decir que la afici\u00f3n gijonesa lo espera con ilusi\u00f3n es poco. El respetable no ha olvidado, tampoco lo ha hecho el diestro, que de su \u00faltima corrida en Gij\u00f3n sali\u00f3 a hombros. No es de extra\u00f1ar que guarde un entra\u00f1able recuerdo de la ciudad, a la que no duda en elogiar por su valent\u00eda en la defensa de la tauromaquia. El cari\u00f1o es mutuo.<\/p>\n<p class=\"v-p\"><strong>\u2013\u00bfQu\u00e9 significa para usted torear en una plaza como El Bibio?<\/strong><\/p>\n<p class=\"v-p\">\u2013Gij\u00f3n es una de las plazas m\u00e1s bonitas de Espa\u00f1a y para los toreros es un lugar marcado en el calendario porque es una feria que tiene mucha historia y un p\u00fablico ejemplar. Adem\u00e1s cuando tom\u00e9 la alternativa la plaza tuvo problemas y estuvo cerrada por decisiones pol\u00edticas y ahora se ha convertido en un s\u00edmbolo de libertad que todos debemos apoyar. <\/p>\n<p class=\"v-p\"><strong>\u2013\u00bfC\u00f3mo se prepara f\u00edsica y mentalmente para una feria como esta?<\/strong><\/p>\n<p class=\"v-p\">\u2013Mentalmente te preparas a diario porque a los toreros lo que m\u00e1s nos preocupa es estar bien de cara al p\u00fablico no defraudar. Cuando tienes citas tan importantes como la m\u00eda en Gij\u00f3n te mentalizas a\u00fan m\u00e1s porque el triunfo esencial. En cuanto al torero de sal\u00f3n te dir\u00eda que es la parte m\u00e1s f\u00edsica cuando est\u00e1s en plena temporada. <\/p>\n<p class=\"v-p\"><strong>\u2013Torear\u00e1 con La Quinta, que est\u00e1 generando mucha expectaci\u00f3n.<\/strong><\/p>\n<p class=\"v-p\">\u2013Es una ganader\u00eda que mantiene un tesoro gen\u00e9tico como en su ganader\u00eda y podr\u00edamos decir que ha derivado en un encastre propio pr\u00e1cticamente. Es un animal que embiste muy despacio pero tambi\u00e9n muy exigente que hace que los toreros nos entreguemos porque el reto es muy grande. A m\u00ed me hace mucha ilusi\u00f3n matar esta corrida en Gij\u00f3n porque ser\u00e1 mi debut con ella y creo que la forma de embestir de estos animales casa muy bien con mi forma de entender el toreo.<\/p>\n<p class=\"v-p\"><strong>\u2013\u00bfQu\u00e9 balance hace de su temporada hasta el momento?<\/strong><\/p>\n<p class=\"v-p\">\u2013Mi temporada es muy positiva porque ha habido triunfos casi a diario y tengo el \u00fanico lunar de la faena de Madrid que pinch\u00e9. Est\u00e1 claro que cada tarde hubiera querido m\u00e1s pero salir a hombros en plazas como Valencia, Arl\u00e9s, Pamplona, Alicante, Burgos&#8230; Muestran que la temporada es positiva. <\/p>\n<p class=\"v-p\"><strong>\u2013\u00bfY de su evoluci\u00f3n en los \u00faltimos a\u00f1os?<\/strong><\/p>\n<p class=\"v-p\">\u2013Pues mi evoluci\u00f3n no cabe duda que est\u00e1 marcada por la madurez ya que cuando uno lleva tiempo en el toro aunque sean cuatro a\u00f1os como yo va adquiriendo m\u00e1s capacidad para estar delante. Esta t\u00e9cnica puede tener la parte negativa de que todo parece m\u00e1s f\u00e1cil pero yo estoy usando este oficio para ahondar en mi idea de un toreo vertical y lo m\u00e1s lento posible. <\/p>\n<p class=\"v-p\"><strong>\u2013\u00bfC\u00f3mo definir\u00eda su concepto del toreo, lo que le hace especial en la plaza?<\/strong><\/p>\n<p class=\"v-p\">\u2013Cuando llegu\u00e9 al escalaf\u00f3n de novilleros despu\u00e9s de Madrid te dir\u00eda que lo que marcaba mi carrera era la frescura y un concepto donde hab\u00eda capacidad de interpretar multitud de ideas. A medida que he ido creciendo en el toro considero que la frescura es b\u00e1sica para que la gente te apoye y disfrute contigo pero mi idea es m\u00e1s clara que nunca, torear vertical y despacio. <\/p>\n<p class=\"v-p\"><strong>\u2013\u00bfHay alguna faena o tarde que guardes con especial cari\u00f1o?<\/strong><\/p>\n<p class=\"v-p\">\u2013Hay muchas que te podr\u00eda decir como el San Isidro de Vistalegre con un novillo del maestro Juli, el recibo a un toro de Juli en El Puerto, las puertas del Pr\u00edncipe de Sevilla o la faena este a\u00f1o en Madrid. <\/p>\n<p class=\"v-p\"><strong>\u2013\u00bfLe queda alg\u00fan sue\u00f1o por cumplir como torero?<\/strong><\/p>\n<p class=\"v-p\">\u2013Siempre he dicho que me gustar\u00eda que me tocaran la m\u00fasica con el capote en Sevilla pero a medida que pasan los d\u00edas tengo claro que mi mayor objetivo es triunfar cada d\u00eda y dejar el cartel bien alto para que el a\u00f1o siguiente el p\u00fablico demande mi nombre. <\/p>\n<p class=\"v-p\"><strong>\u2013\u00bfQu\u00e9 mensaje le gustar\u00eda lanzar al p\u00fablico de Gij\u00f3n antes de la corrida?<\/strong><\/p>\n<p class=\"v-p\">\u2013Enhorabuena por haber defendido como leones un arte tan especial como el toreo y enhorabuena por haber dotado a la plaza esa personalidad que la hace tan \u00fanica y que hace que los toreros queramos ir a Gij\u00f3n como prioritario.<\/p>\n<p>Comenta<\/p>\n<p>Reporta un error<\/p>\n","protected":false},"excerpt":{"rendered":"S\u00e1bado, 9 de agosto 2025, 02:00 Tom\u00e1s Rufo (Talavera de la Reina, 1999) llegar\u00e1 a El Bibio el&hellip;\n","protected":false},"author":2,"featured_media":34712,"comment_status":"","ping_status":"","sticky":false,"template":"","format":"standard","meta":{"footnotes":""},"categories":[277],"tags":[5092,373,7481,168,25,24,5085,1386,6943,23,167,374],"class_list":{"0":"post-34711","1":"post","2":"type-post","3":"status-publish","4":"format-standard","5":"has-post-thumbnail","7":"category-toreo","8":"tag-bibio","9":"tag-bullfighting","10":"tag-convertido","11":"tag-deportes","12":"tag-es","13":"tag-espana","14":"tag-libertad","15":"tag-plaza","16":"tag-simbolo","17":"tag-spain","18":"tag-sports","19":"tag-toreo"},"share_on_mastodon":{"url":"","error":""},"_links":{"self":[{"href":"https:\/\/www.europesays.com\/es\/wp-json\/wp\/v2\/posts\/34711","targetHints":{"allow":["GET"]}}],"collection":[{"href":"https:\/\/www.europesays.com\/es\/wp-json\/wp\/v2\/posts"}],"about":[{"href":"https:\/\/www.europesays.com\/es\/wp-json\/wp\/v2\/types\/post"}],"author":[{"embeddable":true,"href":"https:\/\/www.europesays.com\/es\/wp-json\/wp\/v2\/users\/2"}],"replies":[{"embeddable":true,"href":"https:\/\/www.europesays.com\/es\/wp-json\/wp\/v2\/comments?post=34711"}],"version-history":[{"count":0,"href":"https:\/\/www.europesays.com\/es\/wp-json\/wp\/v2\/posts\/34711\/revisions"}],"wp:featuredmedia":[{"embeddable":true,"href":"https:\/\/www.europesays.com\/es\/wp-json\/wp\/v2\/media\/34712"}],"wp:attachment":[{"href":"https:\/\/www.europesays.com\/es\/wp-json\/wp\/v2\/media?parent=34711"}],"wp:term":[{"taxonomy":"category","embeddable":true,"href":"https:\/\/www.europesays.com\/es\/wp-json\/wp\/v2\/categories?post=34711"},{"taxonomy":"post_tag","embeddable":true,"href":"https:\/\/www.europesays.com\/es\/wp-json\/wp\/v2\/tags?post=34711"}],"curies":[{"name":"wp","href":"https:\/\/api.w.org\/{rel}","templated":true}]}}