{"id":347110,"date":"2026-01-18T07:50:17","date_gmt":"2026-01-18T07:50:17","guid":{"rendered":"https:\/\/www.europesays.com\/es\/347110\/"},"modified":"2026-01-18T07:50:17","modified_gmt":"2026-01-18T07:50:17","slug":"por-que-antonia-dellatte-bajo-la-audiencia-de-la-revuelta","status":"publish","type":"post","link":"https:\/\/www.europesays.com\/es\/347110\/","title":{"rendered":"Por qu\u00e9 Antonia Dell&#8217;Atte baj\u00f3 la audiencia de &#8216;La Revuelta&#8217;"},"content":{"rendered":"<p class=\"c-paragraph\"><b>La Revuelta<\/b> cay\u00f3 a un 9,4 por ciento de cuota y no logr\u00f3 superar la barrera psicol\u00f3gica del diez por ciento de share en la noche que recibi\u00f3 a <b>Antonia Dell&#8217;Atte<\/b>. A pesar de que la italiana no dej\u00f3 de lanzar titulares que podr\u00edan suponer un inter\u00e9s extra <b>para congregar a un p\u00fablico diferente al del f\u00fatbol con el que compet\u00edan<\/b> en una noche en la que, encima, estaba en\u00a0El Hormiguero el actor Can Yaman despu\u00e9s de ser detenido en Estambul. Porque Antonia no se calla nada y se moja sin medias tintas. Habl\u00f3 del despido de su ex marido <b>Alessandro Lecquio<\/b>\u00a0de Mediaset e incluso sac\u00f3 el nombre del protagonista medi\u00e1tico de la semana: \u00abllamaron a<b> Julio\u00a0Iglesias<\/b> para que no se acercase a m\u00ed\u00bb y empez\u00f3 a especular con una situaci\u00f3n de cuando presentaba \u00bfQu\u00e9 apostamos? en sustituci\u00f3n de Ana Garc\u00eda Obreg\u00f3n. Aunque en la documentaci\u00f3n sobre la historia de\u00a0\u00bfQu\u00e9 apostamos? no se encuentra ninguna visita de Julio Iglesias en presencia de Dell&#8217;Atte. S\u00ed de su hijo, Enrique Iglesias.<\/p>\n<p class=\"c-paragraph\">Pero el morbo estaba servido para los fans de la pol\u00e9mica rosa, sin embargo<b> el p\u00fablico potencial de David Broncano rechaza este tipo de contenidos tan histri\u00f3nicos<\/b>. De hecho, a Antonia Dell\u2019Atte es dif\u00edcil de seguir en directo, por acaparadora y ca\u00f3tica en su discurso. Ah\u00ed el presentador debe ordenar r\u00e1pido ideas o el programa es engullido por una actitud que criticar\u00edamos en otro tipo de espacio de televisi\u00f3n.<\/p>\n<p class=\"c-paragraph\"><b>Empatizamos con Antonia, pero al mismo tiempo Antonia satura si toma el control del plat\u00f3. <\/b>Tanto que<b>\u00a0<\/b>Broncano termin\u00f3 sent\u00e1ndose con ella en el sof\u00e1, como para domar su exceso melodram\u00e1tico que probablemente esconde a <b>una mujer que ha sufrido todo y que sigue necesitando hacerse la fuerte. Aunque su empoderamiento transmita vulnerabilidad.<\/b><\/p>\n<p class=\"c-paragraph\">El ambiente teatral de La Revuelta adem\u00e1s provoca un subid\u00f3n en invitados as\u00ed, pues <b>son vitoreados en cada palabra<\/b>. Que nombra <b>Ana Rosa Quintana<\/b>, todos alzan su grito como si fueran hinchas de una trinchera. Que nombra a Lecquio, todos ovacionan como si estuvieran en un circo romano. El tono de comedia del show favorece esa sensaci\u00f3n cat\u00e1rtica, pero a la vez hay temas tan sensibles que en una sociedad madura no deber\u00eda provocar la reacci\u00f3n de un aplauso equivalente al festejo de cuando mete gol un equipo de f\u00fatbol. Lo que, al final, quiz\u00e1, define<b>\u00a0la exaltaci\u00f3n de las emociones en la que vive la tele y las redes<\/b>, donde hasta lo m\u00e1s dram\u00e1tico queda reducido al enfoque de show. Y algo falla si las crudezas de nuestra sociedad, que nos atraviesan a todos, se celebran con la ligereza de un reality\u00a0de vencedores y vencidos. Estamos muy intensos, pero poco profundos. De hecho, hasta lo que creemos profundo solo es intenso.\u00a0<\/p>\n","protected":false},"excerpt":{"rendered":"La Revuelta cay\u00f3 a un 9,4 por ciento de cuota y no logr\u00f3 superar la barrera psicol\u00f3gica del&hellip;\n","protected":false},"author":2,"featured_media":347111,"comment_status":"","ping_status":"","sticky":false,"template":"","format":"standard","meta":{"footnotes":""},"categories":[171],"tags":[33613,49752,49751,146,147,25,24,5043,2074,23,214],"class_list":["post-347110","post","type-post","status-publish","format-standard","has-post-thumbnail","category-tv","tag-antonia","tag-atte","tag-dell","tag-entertainment","tag-entretenimiento","tag-es","tag-espana","tag-por","tag-que","tag-spain","tag-tv"],"share_on_mastodon":{"url":"https:\/\/pubeurope.com\/@es\/115915012527339412","error":""},"_links":{"self":[{"href":"https:\/\/www.europesays.com\/es\/wp-json\/wp\/v2\/posts\/347110","targetHints":{"allow":["GET"]}}],"collection":[{"href":"https:\/\/www.europesays.com\/es\/wp-json\/wp\/v2\/posts"}],"about":[{"href":"https:\/\/www.europesays.com\/es\/wp-json\/wp\/v2\/types\/post"}],"author":[{"embeddable":true,"href":"https:\/\/www.europesays.com\/es\/wp-json\/wp\/v2\/users\/2"}],"replies":[{"embeddable":true,"href":"https:\/\/www.europesays.com\/es\/wp-json\/wp\/v2\/comments?post=347110"}],"version-history":[{"count":0,"href":"https:\/\/www.europesays.com\/es\/wp-json\/wp\/v2\/posts\/347110\/revisions"}],"wp:featuredmedia":[{"embeddable":true,"href":"https:\/\/www.europesays.com\/es\/wp-json\/wp\/v2\/media\/347111"}],"wp:attachment":[{"href":"https:\/\/www.europesays.com\/es\/wp-json\/wp\/v2\/media?parent=347110"}],"wp:term":[{"taxonomy":"category","embeddable":true,"href":"https:\/\/www.europesays.com\/es\/wp-json\/wp\/v2\/categories?post=347110"},{"taxonomy":"post_tag","embeddable":true,"href":"https:\/\/www.europesays.com\/es\/wp-json\/wp\/v2\/tags?post=347110"}],"curies":[{"name":"wp","href":"https:\/\/api.w.org\/{rel}","templated":true}]}}