{"id":34750,"date":"2025-08-08T22:27:07","date_gmt":"2025-08-08T22:27:07","guid":{"rendered":"https:\/\/www.europesays.com\/es\/34750\/"},"modified":"2025-08-08T22:27:07","modified_gmt":"2025-08-08T22:27:07","slug":"riad-abrira-el-curso-2026-del-liv-con-el-torneo-nocturno","status":"publish","type":"post","link":"https:\/\/www.europesays.com\/es\/34750\/","title":{"rendered":"Riad abrir\u00e1 el curso 2026 del LIV con el torneo nocturno"},"content":{"rendered":"<p style=\"text-align: justify;\"><strong>LIV Golf<\/strong> ha confirmado que <strong>Riad<\/strong> volver\u00e1 a ser la sede del torneo inaugural de su calendario competitivo. Del 5 al 7 de febrero de 2026, el <strong>Riyadh Golf Club<\/strong> acoger\u00e1 por segundo a\u00f1o consecutivo la apertura de la temporada, en un evento que repetir\u00e1 su formato nocturno tras el estreno de 2025.<\/p>\n<p style=\"text-align: justify;\">La cita marcar\u00e1 el arranque de una nueva temporada global que ya tiene paradas confirmadas en <strong>Adelaida<\/strong>, <strong>Singapur<\/strong>, <strong>Sud\u00e1frica<\/strong>, <strong>Ciudad de M\u00e9xico<\/strong> y <strong>Reino Unido<\/strong>. Como ya ocurri\u00f3 este a\u00f1o, se espera un despliegue de entretenimiento, m\u00fasica en vivo, gastronom\u00eda, experiencias para los aficionados y un ambiente de festival deportivo sin precedentes; seg\u00fan informa la gira saud\u00ed.<\/p>\n<p style=\"text-align: justify;\">El evento inaugural contar\u00e1 nuevamente con golf bajo luces artificiales, lo que ofrecer\u00e1 una experiencia visual impactante tanto para el p\u00fablico local como para los espectadores internacionales.<\/p>\n<p style=\"text-align: justify;\">El polaco <strong>Adrian Meronk<\/strong>, vencedor en Riad en 2025 con una dominante actuaci\u00f3n individual, volver\u00e1 para defender su t\u00edtulo, al igual que el equipo Legi\u00f3n XIII, liderado por Jon Rahm; que se impuso en la clasificaci\u00f3n por equipos en un formato renovado que premia los cuatro mejores resultados por jornada.<\/p>\n<p style=\"text-align: justify;\">\u201cGanar en Riad fue uno de los momentos m\u00e1s especiales de mi temporada\u201d; declar\u00f3 Meronk. \u201cJugar bajo las luces, con un p\u00fablico tan entregado, fue una experiencia incre\u00edble. Este torneo es r\u00e1pido, audaz y marca el tono de toda la temporada. Estoy deseando volver\u201d.<\/p>\n<p style=\"text-align: justify;\">Por su parte, <strong>Ross Hallett<\/strong>, vicepresidente ejecutivo de LIV Golf, destac\u00f3; \u201cRiad fue el escenario del primer torneo nocturno de nuestra historia y proporcion\u00f3 un comienzo electrizante para la temporada. En 2026 volveremos con una experiencia a\u00fan m\u00e1s grande, con espect\u00e1culos de luces; gastronom\u00eda, atracciones para los aficionados, conciertos y mucho m\u00e1s\u201d.<\/p>\n<p style=\"text-align: justify;\">Los aficionados podr\u00e1n ver en acci\u00f3n a algunas de las grandes figuras de LIV Golf, con un cartel en el que se incluyen:\u00a0Adrian Meronk (Cleeks GC) -campe\u00f3n defensor individual-. Jon Rahm; Tyrrell Hatton; Tom McKibbin y Caleb Surratt (Legi\u00f3n XIII) -campeones por equipos-. Joaqu\u00edn Niemann (Torque GC), l\u00edder de puntos de la temporada 2025. Bryson DeChambeau (Crushers GC). Brooks Koepka (Smash GC). Sergio Garc\u00eda (Fireballs GC). Cameron Smith (Ripper GC) y Dustin Johnson (4Aces GC); entre otros.<\/p>\n<p style=\"text-align: justify;\"><strong>Puede seguir a OpenGolf en <\/strong><a style=\"color: #008000;\" href=\"https:\/\/www.facebook.com\/opengolfes.es\/\" rel=\"nofollow noopener\" target=\"_blank\"><strong>Facebook<\/strong><\/a><strong>; <\/strong><a style=\"color: #008000;\" href=\"https:\/\/twitter.com\/opengolf_news\" rel=\"nofollow noopener\" target=\"_blank\"><strong>Twitter<\/strong><\/a><strong>; <\/strong><a style=\"color: #008000;\" href=\"https:\/\/www.linkedin.com\/in\/fernando-molina-b1455a14\/\" rel=\"nofollow noopener\" target=\"_blank\"><strong>LinkedIn<\/strong><\/a><strong> y suscribi\u00e9ndose a trav\u00e9s de este enlace a nuestra <\/strong><a style=\"color: #008000;\" href=\"https:\/\/opengolf.es\/newsletters.php\" rel=\"nofollow noopener\" target=\"_blank\"><strong>Newsletter Semanal<\/strong><\/a><\/p>\n<p>\t\t<script async src=\"https:\/\/platform.twitter.com\/widgets.js\" charset=\"utf-8\"><\/script><\/p>\n","protected":false},"excerpt":{"rendered":"LIV Golf ha confirmado que Riad volver\u00e1 a ser la sede del torneo inaugural de su calendario competitivo.&hellip;\n","protected":false},"author":2,"featured_media":34751,"comment_status":"","ping_status":"","sticky":false,"template":"","format":"standard","meta":{"footnotes":""},"categories":[275],"tags":[17721,168,25,24,329,390,968,17722,17723,2625,23,167],"class_list":{"0":"post-34750","1":"post","2":"type-post","3":"status-publish","4":"format-standard","5":"has-post-thumbnail","7":"category-golf","8":"tag-adrian-meronk","9":"tag-deportes","10":"tag-es","11":"tag-espana","12":"tag-golf","13":"tag-jon-rahm","14":"tag-liv-golf","15":"tag-liv-golf-riyadh","16":"tag-ross-hallett","17":"tag-sergio-garcia","18":"tag-spain","19":"tag-sports"},"share_on_mastodon":{"url":"","error":""},"_links":{"self":[{"href":"https:\/\/www.europesays.com\/es\/wp-json\/wp\/v2\/posts\/34750","targetHints":{"allow":["GET"]}}],"collection":[{"href":"https:\/\/www.europesays.com\/es\/wp-json\/wp\/v2\/posts"}],"about":[{"href":"https:\/\/www.europesays.com\/es\/wp-json\/wp\/v2\/types\/post"}],"author":[{"embeddable":true,"href":"https:\/\/www.europesays.com\/es\/wp-json\/wp\/v2\/users\/2"}],"replies":[{"embeddable":true,"href":"https:\/\/www.europesays.com\/es\/wp-json\/wp\/v2\/comments?post=34750"}],"version-history":[{"count":0,"href":"https:\/\/www.europesays.com\/es\/wp-json\/wp\/v2\/posts\/34750\/revisions"}],"wp:featuredmedia":[{"embeddable":true,"href":"https:\/\/www.europesays.com\/es\/wp-json\/wp\/v2\/media\/34751"}],"wp:attachment":[{"href":"https:\/\/www.europesays.com\/es\/wp-json\/wp\/v2\/media?parent=34750"}],"wp:term":[{"taxonomy":"category","embeddable":true,"href":"https:\/\/www.europesays.com\/es\/wp-json\/wp\/v2\/categories?post=34750"},{"taxonomy":"post_tag","embeddable":true,"href":"https:\/\/www.europesays.com\/es\/wp-json\/wp\/v2\/tags?post=34750"}],"curies":[{"name":"wp","href":"https:\/\/api.w.org\/{rel}","templated":true}]}}