{"id":347897,"date":"2026-01-18T17:54:13","date_gmt":"2026-01-18T17:54:13","guid":{"rendered":"https:\/\/www.europesays.com\/es\/347897\/"},"modified":"2026-01-18T17:54:13","modified_gmt":"2026-01-18T17:54:13","slug":"el-problema-intimo-de-anabel-pantoja-que-afecta-a-su-relacion-con-david-rodriguez","status":"publish","type":"post","link":"https:\/\/www.europesays.com\/es\/347897\/","title":{"rendered":"El problema \u00edntimo de Anabel Pantoja que afecta a su relaci\u00f3n con David Rodr\u00edguez"},"content":{"rendered":"<p><strong>Anabel Pantoja<\/strong> cumpli\u00f3 su sue\u00f1o de ser madre el 23 de noviembre de 2023. La influencer afront\u00f3 esta etapa con mucha energ\u00eda, pero se encontr\u00f3 con un problema que, seg\u00fan dice, afecta a su relaci\u00f3n con David Rodr\u00edguez, el padre de su hija. Hace mucho tiempo que no da entrevistas personales, pero Anabel se ha sentido a gusto con <strong>Luc Loren<\/strong>, amigo de <strong>Dulceida<\/strong>, y ha hablado con \u00e9l en el p\u00f3dcast Mam\u00e1, no veas esto. Como era de esperar, ha sacado a relucir su faceta m\u00e1s sincera y ha sido muy clara a la hora de hablar de sus relaciones \u00edntimas.<\/p>\n<p><strong>La sobrina de Isabel Pantoja<\/strong> ha explicado que, despu\u00e9s de dar a luz, se redujo su apetito sexual y ha llegado a temer que esto perjudique a su noviazgo con David. \u00abEl postparto afect\u00f3 a mi deseo. Pasa factura y no te apetece.<strong> He estado tiempo y tiempo, pero es una zona de peligro<\/strong>. Para m\u00ed, el sexo no es el 70% de una relaci\u00f3n, pero es bastante importante. Para m\u00ed es muy importante, pero hay etapas y circunstancias. <strong>Me preocupa que mi pareja est\u00e9 a gusto en ese sentido<\/strong>\u00bb, ha declarado con total naturalidad.<\/p>\n<p>\n<img decoding=\"async\" loading=\"lazy\" class=\"size-medium wp-image-2472190\" alt=\"anabel pantoja, relacion anabel pantoja novio, \" width=\"620\" height=\"345\"  src=\"https:\/\/www.europesays.com\/es\/wp-content\/uploads\/2025\/12\/placeholder.jpg\"  bad-src=\"https:\/\/www.europesays.com\/es\/wp-content\/uploads\/2025\/12\/placeholder.jpg\"\/><\/p>\n<p><img decoding=\"async\" loading=\"lazy\" class=\"size-medium wp-image-2472190\" src=\"https:\/\/www.europesays.com\/es\/wp-content\/uploads\/2026\/01\/anabel-pantoja-en-su-entrevista-620x345.jpg\" alt=\"anabel pantoja, relacion anabel pantoja novio, \" width=\"620\" height=\"345\"  \/><\/p>\n<p> Anabel Pantoja en su entrevista. (Foto: YouTube)\n<\/p>\n<p><a href=\"https:\/\/okdiario.com\/noticias\/anabel-pantoja\/\" rel=\"nofollow noopener\" target=\"_blank\">Anabel Pantoja<\/a> nunca ha tenido pelos en la lengua, de hecho ha ganado mucho peso en redes por mostrarse tal y como es. No obstante, ha sorprendido que sea tan clara porque lleva un tiempo, concretamente desde que acab\u00f3 S\u00e1lvame, huyendo de las pol\u00e9micas.<\/p>\n<p>Las reflexiones \u00edntimas de Anabel Pantoja<\/p>\n<p><strong>Anabel Pantoja conoci\u00f3 a David Rodr\u00edguez<\/strong> durante una gira de su t\u00eda Isabel. \u00c9l viaj\u00f3 con la cantante fuera de <strong>Espa\u00f1a<\/strong> porque era su fisioterapeuta personal, aunque despu\u00e9s dejaron de trabajar juntos y se ha hablado mucho del tipo de relaci\u00f3n que mantiene con la tonadillera en la <strong>actualidad<\/strong>. Por suerte, estos posibles roces no han afectado a su historia de amor con Anabel, al menos de momento.<\/p>\n<p>La influencer reconoce que le gusta cuidar su noviazgo, por eso est\u00e1 preocupada por las consecuencias que pueden generar sus problemas \u00edntimos. \u00ab<strong>Soy una persona ardiente y fogosa<\/strong>, no me quedo solo con el amor e ir de la manita y al cine. Soy m\u00e1s de d\u00eda, no de la noche y con la luz apagada. Me gusta la luz del sol, me encanta al mediod\u00eda. Me excita que una persona f\u00edsicamente me guste, pero me gusta que sea duro. Me gusta la dureza, las caricias, no\u00bb, le ha explicado a Luc Loren.<\/p>\n<p>Anabel Pantoja y el chocolate<\/p>\n<p>\n<img decoding=\"async\" loading=\"lazy\" class=\"size-medium wp-image-2297528\" alt=\"Anabel Pantoja y David Rodr\u00edguez. (Foto: Gtres)\" width=\"408\" height=\"620\"  src=\"https:\/\/www.europesays.com\/es\/wp-content\/uploads\/2025\/12\/placeholder.jpg\"  bad-src=\"https:\/\/www.europesays.com\/es\/wp-content\/uploads\/2025\/12\/placeholder.jpg\"\/><\/p>\n<p><img decoding=\"async\" loading=\"lazy\" class=\"size-medium wp-image-2297528\" src=\"https:\/\/www.europesays.com\/es\/wp-content\/uploads\/2026\/01\/u580584_003-2-1-408x620.jpg\" alt=\"Anabel Pantoja y David Rodr\u00edguez. (Foto: Gtres)\" width=\"408\" height=\"620\"  \/><\/p>\n<p> Anabel Pantoja y David Rodr\u00edguez. (Foto: Gtres)\n<\/p>\n<p><strong>Anabel Pantoja vive en Canarias y su novio en C\u00f3rdoba<\/strong>. Esto quiere decir que mantienen una relaci\u00f3n a distancia que muchos han cuestionado, aunque la sevillana asegura que se apa\u00f1an perfectamente. S\u00f3lo es cuesti\u00f3n de organizarse. Eso s\u00ed, admite que hay un inconveniente: a veces tiene ganas de intimar y su pareja est\u00e1 lejos. <strong>\u00bfQu\u00e9 hace en estos casos?<\/strong> Tomar chocolate.<\/p>\n<p>\u00abCuando yo no tengo apetito o ganas, o porque estamos en una distancia porque vivimos yo en Canarias y \u00e9l en C\u00f3rdoba, \u00bfcon qu\u00e9 cubro mi deseo sexual y mi ansiedad? <strong>No te estoy enga\u00f1ando ni es una met\u00e1fora<\/strong>. Cuando de repente me entra cosita que digo \u2018uy, ahora me apetece\u2019, chocolate al canto. Me sacia y mientras me cae por la garganta es como el que se fuma un cigarro. Fuera de broma. <strong>A m\u00ed el chocolate me da placer<\/strong>. Comerlo, masticarlo y tenerlo dentro, me da placer. As\u00ed que me lo como cuando no puedo tener sexo\u00bb, ha comentado.<\/p>\n","protected":false},"excerpt":{"rendered":"Anabel Pantoja cumpli\u00f3 su sue\u00f1o de ser madre el 23 de noviembre de 2023. La influencer afront\u00f3 esta&hellip;\n","protected":false},"author":2,"featured_media":347898,"comment_status":"","ping_status":"","sticky":false,"template":"","format":"standard","meta":{"footnotes":""},"categories":[91],"tags":[4476,146,147,25,24,23],"class_list":["post-347897","post","type-post","status-publish","format-standard","has-post-thumbnail","category-entretenimiento","tag-anabel-pantoja","tag-entertainment","tag-entretenimiento","tag-es","tag-espana","tag-spain"],"share_on_mastodon":{"url":"https:\/\/pubeurope.com\/@es\/115917387543935669","error":""},"_links":{"self":[{"href":"https:\/\/www.europesays.com\/es\/wp-json\/wp\/v2\/posts\/347897","targetHints":{"allow":["GET"]}}],"collection":[{"href":"https:\/\/www.europesays.com\/es\/wp-json\/wp\/v2\/posts"}],"about":[{"href":"https:\/\/www.europesays.com\/es\/wp-json\/wp\/v2\/types\/post"}],"author":[{"embeddable":true,"href":"https:\/\/www.europesays.com\/es\/wp-json\/wp\/v2\/users\/2"}],"replies":[{"embeddable":true,"href":"https:\/\/www.europesays.com\/es\/wp-json\/wp\/v2\/comments?post=347897"}],"version-history":[{"count":0,"href":"https:\/\/www.europesays.com\/es\/wp-json\/wp\/v2\/posts\/347897\/revisions"}],"wp:featuredmedia":[{"embeddable":true,"href":"https:\/\/www.europesays.com\/es\/wp-json\/wp\/v2\/media\/347898"}],"wp:attachment":[{"href":"https:\/\/www.europesays.com\/es\/wp-json\/wp\/v2\/media?parent=347897"}],"wp:term":[{"taxonomy":"category","embeddable":true,"href":"https:\/\/www.europesays.com\/es\/wp-json\/wp\/v2\/categories?post=347897"},{"taxonomy":"post_tag","embeddable":true,"href":"https:\/\/www.europesays.com\/es\/wp-json\/wp\/v2\/tags?post=347897"}],"curies":[{"name":"wp","href":"https:\/\/api.w.org\/{rel}","templated":true}]}}