{"id":34791,"date":"2025-08-08T22:53:10","date_gmt":"2025-08-08T22:53:10","guid":{"rendered":"https:\/\/www.europesays.com\/es\/34791\/"},"modified":"2025-08-08T22:53:10","modified_gmt":"2025-08-08T22:53:10","slug":"cree-sainz-que-williams-necesita-redisenar-su-auto","status":"publish","type":"post","link":"https:\/\/www.europesays.com\/es\/34791\/","title":{"rendered":"Cree Sainz que Williams necesita redise\u00f1ar su auto"},"content":{"rendered":"<p class=\"gr_datos_tiempo\">02 MIN 00 SEG<\/p>\n<p class=\"gr_datos_autor\">Pedro Rom\u00e1n Zozaya<\/p>\n<p class=\"gr_datos_lugar_fecha\">Florida, Estados Unidos (08 agosto 2025) .-09:50 hrs<\/p>\n<p><img decoding=\"async\" id=\"imgCerrarSticky\" style=\"display:none;\" class=\"stickyImg\" onclick=\"cerrarSticky()\" src=\"https:\/\/www.europesays.com\/es\/wp-content\/uploads\/2025\/07\/btn_cerrar.png\"\/><img decoding=\"async\" src=\"https:\/\/www.europesays.com\/es\/wp-content\/uploads\/2025\/08\/1754693587_203_expande.png\" alt=\"\"\/><img decoding=\"async\" src=\"https:\/\/www.europesays.com\/es\/wp-content\/uploads\/2025\/08\/6002194.jpg&#038;imagencompleta=1.jpeg\" alt=\"Sainz ha batallado en su primera temporada en Williams.\" class=\"zoomable-image\"\/><\/p>\n<p class=\"gr_pie_de_foto\">Sainz ha batallado en su primera temporada en Williams. Cr\u00e9dito: AFP<\/p>\n<p><img decoding=\"async\" src=\"https:\/\/www.europesays.com\/es\/wp-content\/uploads\/2025\/08\/1754693587_203_expande.png\" alt=\"\"\/><img decoding=\"async\" src=\"https:\/\/www.europesays.com\/es\/wp-content\/uploads\/2025\/08\/6002195.jpg&#038;imagencompleta=1.jpeg\" alt=\"Williams necesita un cambio de filosof\u00eda en el dise\u00f1o del auto.\" class=\"zoomable-image\"\/><\/p>\n<p class=\"gr_pie_de_foto\">Williams necesita un cambio de filosof\u00eda en el dise\u00f1o del auto. Cr\u00e9dito: AP<\/p>\n<p>El piloto <strong>Carlos Sainz Jr.<\/strong> critic\u00f3 el dise\u00f1o del auto <strong>Williams<\/strong>, pero dice que est\u00e1n trabajando en el cambio de dise\u00f1o para la pr\u00f3xima temporada de la <strong>F1.<\/strong><\/p>\n<p><img decoding=\"async\" width=\"35px\" height=\"35px\" style=\"display:none;\" src=\"https:\/\/www.europesays.com\/es\/wp-content\/uploads\/2025\/08\/1754693590_157_contrae2.png\" alt=\"\" id=\"closeM\"\/><img class=\"modal-content\"\/><\/p>\n","protected":false},"excerpt":{"rendered":"02 MIN 00 SEG Pedro Rom\u00e1n Zozaya Florida, Estados Unidos (08 agosto 2025) .-09:50 hrs Sainz ha batallado&hellip;\n","protected":false},"author":2,"featured_media":34792,"comment_status":"","ping_status":"","sticky":false,"template":"","format":"standard","meta":{"footnotes":""},"categories":[270],"tags":[1679,2171,168,25,24,306,271,7397,3603,272,14725,23,167,308],"class_list":{"0":"post-34791","1":"post","2":"type-post","3":"status-publish","4":"format-standard","5":"has-post-thumbnail","7":"category-formula-1","8":"tag-cancha","9":"tag-carlos-sainz-jr","10":"tag-deportes","11":"tag-es","12":"tag-espana","13":"tag-f1","14":"tag-formula-1","15":"tag-formula-one","16":"tag-formula-uno","17":"tag-formula1","18":"tag-piloto","19":"tag-spain","20":"tag-sports","21":"tag-williams"},"share_on_mastodon":{"url":"","error":""},"_links":{"self":[{"href":"https:\/\/www.europesays.com\/es\/wp-json\/wp\/v2\/posts\/34791","targetHints":{"allow":["GET"]}}],"collection":[{"href":"https:\/\/www.europesays.com\/es\/wp-json\/wp\/v2\/posts"}],"about":[{"href":"https:\/\/www.europesays.com\/es\/wp-json\/wp\/v2\/types\/post"}],"author":[{"embeddable":true,"href":"https:\/\/www.europesays.com\/es\/wp-json\/wp\/v2\/users\/2"}],"replies":[{"embeddable":true,"href":"https:\/\/www.europesays.com\/es\/wp-json\/wp\/v2\/comments?post=34791"}],"version-history":[{"count":0,"href":"https:\/\/www.europesays.com\/es\/wp-json\/wp\/v2\/posts\/34791\/revisions"}],"wp:featuredmedia":[{"embeddable":true,"href":"https:\/\/www.europesays.com\/es\/wp-json\/wp\/v2\/media\/34792"}],"wp:attachment":[{"href":"https:\/\/www.europesays.com\/es\/wp-json\/wp\/v2\/media?parent=34791"}],"wp:term":[{"taxonomy":"category","embeddable":true,"href":"https:\/\/www.europesays.com\/es\/wp-json\/wp\/v2\/categories?post=34791"},{"taxonomy":"post_tag","embeddable":true,"href":"https:\/\/www.europesays.com\/es\/wp-json\/wp\/v2\/tags?post=34791"}],"curies":[{"name":"wp","href":"https:\/\/api.w.org\/{rel}","templated":true}]}}