{"id":348868,"date":"2026-01-19T07:47:11","date_gmt":"2026-01-19T07:47:11","guid":{"rendered":"https:\/\/www.europesays.com\/es\/348868\/"},"modified":"2026-01-19T07:47:11","modified_gmt":"2026-01-19T07:47:11","slug":"carlos-alcaraz-arranco-con-una-victoria-en-tres-sets-sobre-adam-walton-en-el-australian-open","status":"publish","type":"post","link":"https:\/\/www.europesays.com\/es\/348868\/","title":{"rendered":"Carlos Alcaraz arranc\u00f3 con una victoria en tres sets sobre Adam Walton en el Australian Open"},"content":{"rendered":"<p class=\"mb-4 text-lg md:leading-8 break-words\">El n\u00famero 1 del mundo, <strong>Carlos Alcaraz, realiz\u00f3 un partido serio, aunque no perfecto, para avanzar este domingo a la segunda ronda del Abierto de Australia<\/strong>, el \u00fanico torneo de Grand Slam que falta en su palmar\u00e9s.<\/p>\n<p class=\"mb-4 text-lg md:leading-8 break-words\">En su primer partido oficial desde su separaci\u00f3n a mediados de diciembre de su entrenador hist\u00f3rico Juan Carlos Ferrero, el espa\u00f1ol de 22 a\u00f1os<strong> se impuso por 6-3, 7-6 (7\/2) y 6-2 al australiano Adam Walton (81\u00ba).<\/strong><\/p>\n<p class=\"mb-4 text-lg md:leading-8 break-words\">Ahora bajo las \u00f3rdenes en solitario de Samuel L\u00f3pez, quien se incorpor\u00f3 a su equipo a finales de 2024, Alcaraz arranc\u00f3 bien el encuentro, <strong>quebrando a su rival con 4-3 en el primer set antes de cerrarlo con su servicio.<\/strong> Pero Walton respondi\u00f3 al inicio del segundo set, adelant\u00e1ndose 3-1 antes de que el N\u00b01 del circuito ATP igualara para llevar al australiano al tie-break, que el espa\u00f1ol gan\u00f3 con facilidad por 7\/2.<\/p>\n<p class=\"mb-4 text-lg md:leading-8 break-words\">En el tercer set, Alcaraz logr\u00f3 un quiebre en cero con 3-2 para encaminarse hacia la victoria, sellada tras algo m\u00e1s de dos horas de juego.<\/p>\n<p class=\"mb-4 text-lg md:leading-8 break-words\">El pr\u00f3ximo rival del n\u00famero 1 <strong>ser\u00e1 el alem\u00e1n Yannick Hanfmann (102\u00ba),<\/strong> quien este domingo super\u00f3 en cuatro sets al estadounidense Zachary Svajda (143\u00ba), procedente de la fase de clasificaci\u00f3n.<\/p>\n<p class=\"mb-4 text-lg md:leading-8 break-words\"><strong>Carlitos estuvo nueve semanas alejado de la competici\u00f3n oficial. <\/strong>\u201cLa mejor manera de recargar bater\u00edas es estar en casa. Estoy contento de c\u00f3mo he vuelto y de mi primer partido en Melbourne. Me siento listo para jugar un buen tenis aqu\u00ed\u201d, mencion\u00f3, y se refiri\u00f3 a sus <strong>vacaciones en Miami. <\/strong>\u201cFue una buena semana en la que tambi\u00e9n tuve tiempo de jugar al golf\u201d. Adem\u00e1s, apunt\u00f3 a la <strong>dificultad que le demand\u00f3 Walton, su primer rival. <\/strong>\u201cParece que Walton no se mueve bien, pero era dif\u00edcil encontrar el agujero. Es muy s\u00f3lido desde el fondo de la pista. Pasar por dificultades es bueno para las siguientes rondas\u201d.<\/p>\n<p><img alt=\"El esfuerzo de Carlos Alcaraz en su partido ante Walton\" loading=\"lazy\" width=\"768\" height=\"512\" decoding=\"async\" data-nimg=\"1\" class=\"rounded-lg\" style=\"color:transparent\" src=\"https:\/\/www.europesays.com\/es\/wp-content\/uploads\/2026\/01\/00b7c543f80484a381ea4add6255ed7a.jpeg\"\/><\/p>\n<p>El esfuerzo de Carlos Alcaraz en su partido ante Walton &#8211; Cr\u00e9ditos: @Dita Alangkara<\/p>\n<p class=\"mb-4 text-lg md:leading-8 break-words\">El duelo Alcaraz-Walton fue el \u00faltimo partido de la primera jornada en la pista central, antes de los estrenos previstos el lunes del diez veces campe\u00f3n del Abierto de Australia Novak Djokovic (4\u00ba), del triple finalista en Melbourne Daniil Medvedev (12\u00ba) y del ganador de la edici\u00f3n de 2014 Stan Wawrinka (139\u00ba), invitado por los organizadores al inicio de su \u00faltima temporada profesional.<\/p>\n<p class=\"mb-4 text-lg md:leading-8 break-words\">Entre los favoritos tambi\u00e9n avanz\u00f3 el alem\u00e1n Alexander Zverev (3\u00ba), que super\u00f3 un estreno envenenado ante el gran sacador canadiense Gabriel Diallo (41\u00ba), al que bati\u00f3 6-7 (1\/7), 6-1, 6-4 y 6-2. \u201cDefinitivamente no estaba feliz cuando vi el sorteo. Diallo es muy talentoso e incre\u00edblemente agresivo. Fue dif\u00edcil encontrar mi ritmo\u201d, dijo el alem\u00e1n de 28 a\u00f1os, que viene de un a\u00f1o 2025 complicado, con solo un t\u00edtulo.<\/p>\n<p><a data-ylk=\"ct:story;elm:img;itc:0;\" class=\"stretched-box\" href=\"https:\/\/trib.al\/yG4LVEm\" rel=\"noopener noreferrer nofollow\" target=\"_blank\"><img alt=\"S\u00edguenos en WhatsApp\" loading=\"lazy\" width=\"728\" height=\"90\" decoding=\"async\" data-nimg=\"1\" class=\"rounded-lg\" style=\"color:transparent\" src=\"https:\/\/www.europesays.com\/es\/wp-content\/uploads\/2025\/08\/457a3f40-3274-11f0-9bb9-a98c72dc6932.jpeg\"\/><\/a><\/p>\n<p>S\u00edguenos en WhatsApp<\/p>\n","protected":false},"excerpt":{"rendered":"El n\u00famero 1 del mundo, Carlos Alcaraz, realiz\u00f3 un partido serio, aunque no perfecto, para avanzar este domingo&hellip;\n","protected":false},"author":2,"featured_media":348869,"comment_status":"","ping_status":"","sticky":false,"template":"","format":"standard","meta":{"footnotes":""},"categories":[93],"tags":[22762,78779,545,168,28079,25,24,7077,23,167],"class_list":["post-348868","post","type-post","status-publish","format-standard","has-post-thumbnail","category-deportes","tag-abierto-de-australia","tag-adam-walton","tag-carlos-alcaraz","tag-deportes","tag-el-espanol","tag-es","tag-espana","tag-juan-carlos-ferrero","tag-spain","tag-sports"],"share_on_mastodon":{"url":"https:\/\/pubeurope.com\/@es\/115920663001349626","error":""},"_links":{"self":[{"href":"https:\/\/www.europesays.com\/es\/wp-json\/wp\/v2\/posts\/348868","targetHints":{"allow":["GET"]}}],"collection":[{"href":"https:\/\/www.europesays.com\/es\/wp-json\/wp\/v2\/posts"}],"about":[{"href":"https:\/\/www.europesays.com\/es\/wp-json\/wp\/v2\/types\/post"}],"author":[{"embeddable":true,"href":"https:\/\/www.europesays.com\/es\/wp-json\/wp\/v2\/users\/2"}],"replies":[{"embeddable":true,"href":"https:\/\/www.europesays.com\/es\/wp-json\/wp\/v2\/comments?post=348868"}],"version-history":[{"count":0,"href":"https:\/\/www.europesays.com\/es\/wp-json\/wp\/v2\/posts\/348868\/revisions"}],"wp:featuredmedia":[{"embeddable":true,"href":"https:\/\/www.europesays.com\/es\/wp-json\/wp\/v2\/media\/348869"}],"wp:attachment":[{"href":"https:\/\/www.europesays.com\/es\/wp-json\/wp\/v2\/media?parent=348868"}],"wp:term":[{"taxonomy":"category","embeddable":true,"href":"https:\/\/www.europesays.com\/es\/wp-json\/wp\/v2\/categories?post=348868"},{"taxonomy":"post_tag","embeddable":true,"href":"https:\/\/www.europesays.com\/es\/wp-json\/wp\/v2\/tags?post=348868"}],"curies":[{"name":"wp","href":"https:\/\/api.w.org\/{rel}","templated":true}]}}