{"id":34924,"date":"2025-08-09T00:20:11","date_gmt":"2025-08-09T00:20:11","guid":{"rendered":"https:\/\/www.europesays.com\/es\/34924\/"},"modified":"2025-08-09T00:20:11","modified_gmt":"2025-08-09T00:20:11","slug":"un-informe-tecnico-advierte-de-la-necesidad-de-demoler-la-plaza-de-toros-de-benalmadena","status":"publish","type":"post","link":"https:\/\/www.europesays.com\/es\/34924\/","title":{"rendered":"Un informe t\u00e9cnico advierte de la necesidad de demoler la plaza de toros de Benalm\u00e1dena"},"content":{"rendered":"<p>Si los benalmadenses se preparan para decir \u00abhola\u00bb a Tivoli, ahora deber\u00e1n hacerlo para decir \u00abadi\u00f3s\u00bb a su ic\u00f3nica plaza de toros. Al menos es  &#8230; lo que deber\u00eda ocurrir a la vista de informe t\u00e9cnico de la Diputaci\u00f3n Provincial de M\u00e1laga, al que ha tenido acceso SUR, que defiende que el coso de Benalm\u00e1dena debe demolerse. El documento, firmado por un doctor en Ingenier\u00eda Industrial e ingeniero de Caminos, Canales y Puertos adscrito al Servicio de Arquitectura, Urbanismo e Informaci\u00f3n Territorial de la Diputaci\u00f3n, sostiene que el estado en el que se encuentra esta construcci\u00f3n de titularidad municipal conduce a un \u00fanico camino: \u00abla declaraci\u00f3n de la situaci\u00f3n de ruina urban\u00edstica\u00bb. El t\u00e9cnico considera que las patolog\u00edas que presenta el inmueble, ubicado en Benalm\u00e1dena Pueblo y que fue inaugurado el 24 de febrero de 1968, hacen que sea \u00abprocedente la demolici\u00f3n de la edificaci\u00f3n actual\u00bb.<\/p>\n<p class=\"v-p\">De momento, el Ayuntamiento se resiste a asumir las conclusiones del informe t\u00e9cnico. Preguntado por SUR, un portavoz autorizado del equipo de gobierno ha asegurado que se est\u00e1n estudiando \u00ablas diferentes v\u00edas\u00bb y que \u00abno hay nada decidido a\u00fan\u00bb.<\/p>\n<p>\nEn 2011 un informe del arquitecto municipal ya defend\u00eda que el coso estaba en una situaci\u00f3n de ruina urban\u00edstica\n<\/p>\n<p class=\"v-p\">El informe del t\u00e9cnico de la Diputaci\u00f3n no es el primero que sostiene que el edificio se encuentra en una situaci\u00f3n legal de ruina urban\u00edstica. En 2011, hace ya catorce a\u00f1os, el arquitecto municipal ya lleg\u00f3 a la misma conclusi\u00f3n. En febrero de este a\u00f1o, el Ayuntamiento decidi\u00f3 solicitar el informe a la Diputaci\u00f3n a instancias de la Asociaci\u00f3n Cultural Taurina de Benalm\u00e1dena, una entidad creada apenas un a\u00f1o antes por aficionados a la tauromaquia de la localidad que no terminaba de creerse las conclusiones a las que hab\u00eda llegado el arquitecto municipal. Posteriormente, el Grupo Municipal VOX presentaba una moci\u00f3n con el fin de que el Pleno acordara \u00abla rehabilitaci\u00f3n integral\u00bb de la plaza de toros para que pudiera albergar \u00abferias taurinas, campeonatos y exhibiciones de animales de animales\u00bb, adem\u00e1s de \u00ablos nuevos usos culturales que pudiera acoger\u00bb. La propuesta qued\u00f3 sobre la mesa a la espera de las conclusiones de los t\u00e9cnicos de Diputaci\u00f3n, y no ser\u00e1 hasta la pr\u00f3xima sesi\u00f3n plenaria, que se celebrar\u00e1 el pr\u00f3ximo d\u00eda 12, cuando se debata.<\/p>\n<p>Estado que presente el interior del inmueble municipal.<\/p>\n<p>SUR<\/p>\n<p><img decoding=\"async\" loading=\"lazy\" src=\"https:\/\/www.europesays.com\/es\/wp-content\/uploads\/2025\/08\/Plaza toros Benalmadena 6-U78251446031gqi-1200x841@Diario Sur.png\" class=\"v-mdl__img-z\" width=\"1200\" height=\"841\" alt=\"Imagen principal - Estado que presente el interior del inmueble municipal.\"\/><\/p>\n<p><img decoding=\"async\" loading=\"lazy\" src=\"https:\/\/www.europesays.com\/es\/wp-content\/uploads\/2025\/08\/Plaza toros Benalmadena-U78456477721Jnp-1200x851@Diario Sur.png\" class=\"v-mdl__img-z\" width=\"1200\" height=\"851\" alt=\"Imagen secundaria 1 - Estado que presente el interior del inmueble municipal.\"\/><\/p>\n<p><img decoding=\"async\" loading=\"lazy\" src=\"https:\/\/www.europesays.com\/es\/wp-content\/uploads\/2025\/08\/Plaza toros Benalmadena 4-U78632046571Uao-711x841@Diario Sur.png\" class=\"v-mdl__img-z\" width=\"711\" height=\"841\" alt=\"Imagen secundaria 2 - Estado que presente el interior del inmueble municipal.\"\/><\/p>\n<p class=\"v-p\"><strong>Cimentaci\u00f3n \u00abdeficiente\u00bb, fisuras, corrosi\u00f3n&#8230;<\/strong><\/p>\n<p class=\"v-p\">Cuando llegue el Pleno \u2014y los grupos pol\u00edticos fijen su postura\u2014 sobre la mesa estar\u00e1 el contundente informe de este t\u00e9cnico en el que sostiene que se dan las circunstancias que especifica el apartado \u00aba\u00bb del art\u00edculo 146.1 de la Ley 7\/2021, de impulso para la sostenibilidad del territorio de Andaluc\u00eda (LISTA), que establece que \u00abproceder\u00e1 la declaraci\u00f3n legal de la situaci\u00f3n de ruina urban\u00edstica\u00bb cuando \u00abel coste de las reparaciones necesarias para devolver la estabilidad, seguridad, estanqueidad y consolidaci\u00f3n estructural a la construcci\u00f3n o edificaci\u00f3n que est\u00e9 en situaci\u00f3n de manifiesto deterioro supere el l\u00edmite del deber normal de conservaci\u00f3n\u00bb.<\/p>\n<p>\nEl t\u00e9cnico asegura que el da\u00f1o en los p\u00f3rticos que soportan el tendido afecta a su resistencia y a la seguridad de la estructura\n<\/p>\n<p class=\"v-p\">El informe del t\u00e9cnico de la Diputaci\u00f3n Provincial apunta a un \u00abestado avanzado de carbonataci\u00f3n de los p\u00f3rticos de hormig\u00f3n que soportan el forjado de las gradas (tendido)\u00bb, que ha oxidado las armaduras, rebajando su secci\u00f3n, y \u00abdisminuyendo, por lo tanto, su capacidad de resistencia y la seguridad de la estructura\u00bb. Adem\u00e1s, el documento advierte de \u00abfisuras en los par\u00e1metros exteriores\u00bb y \u00abuna cimentaci\u00f3n deficiente para este tipo de terrenos\u00bb, adem\u00e1s de una \u00abausencia de impermeabilizaci\u00f3n en los forjados\u00bb del tendido que ha provocado la presencia de agua y ha producido \u00abcorrosi\u00f3n y oxidaci\u00f3n de las armaduras\u00bb.<\/p>\n<p class=\"v-p\">Adem\u00e1s, el documento avisa de la existencia de una instalaciones \u00abde salubridad inadecuadas y deterioradas\u00bb; de la falta de protecci\u00f3n contra incendios; de una instalaci\u00f3n el\u00e9ctrica \u00abcasi inutilizable\u00bb; y de otros incumplimientos de la normativa como la presencia de barreras arquitect\u00f3nicas, la falta de itinerarios accesibles o la dotaci\u00f3n de aseos, entre otras cuestiones.<\/p>\n","protected":false},"excerpt":{"rendered":"Si los benalmadenses se preparan para decir \u00abhola\u00bb a Tivoli, ahora deber\u00e1n hacerlo para decir \u00abadi\u00f3s\u00bb a su&hellip;\n","protected":false},"author":2,"featured_media":34925,"comment_status":"","ping_status":"","sticky":false,"template":"","format":"standard","meta":{"footnotes":""},"categories":[277],"tags":[10854,17784,373,17783,168,25,24,8803,2181,1386,23,167,4059,374,444],"class_list":{"0":"post-34924","1":"post","2":"type-post","3":"status-publish","4":"format-standard","5":"has-post-thumbnail","7":"category-toreo","8":"tag-advierte","9":"tag-benalmadena","10":"tag-bullfighting","11":"tag-demoler","12":"tag-deportes","13":"tag-es","14":"tag-espana","15":"tag-informe","16":"tag-necesidad","17":"tag-plaza","18":"tag-spain","19":"tag-sports","20":"tag-tecnico","21":"tag-toreo","22":"tag-toros"},"share_on_mastodon":{"url":"","error":""},"_links":{"self":[{"href":"https:\/\/www.europesays.com\/es\/wp-json\/wp\/v2\/posts\/34924","targetHints":{"allow":["GET"]}}],"collection":[{"href":"https:\/\/www.europesays.com\/es\/wp-json\/wp\/v2\/posts"}],"about":[{"href":"https:\/\/www.europesays.com\/es\/wp-json\/wp\/v2\/types\/post"}],"author":[{"embeddable":true,"href":"https:\/\/www.europesays.com\/es\/wp-json\/wp\/v2\/users\/2"}],"replies":[{"embeddable":true,"href":"https:\/\/www.europesays.com\/es\/wp-json\/wp\/v2\/comments?post=34924"}],"version-history":[{"count":0,"href":"https:\/\/www.europesays.com\/es\/wp-json\/wp\/v2\/posts\/34924\/revisions"}],"wp:featuredmedia":[{"embeddable":true,"href":"https:\/\/www.europesays.com\/es\/wp-json\/wp\/v2\/media\/34925"}],"wp:attachment":[{"href":"https:\/\/www.europesays.com\/es\/wp-json\/wp\/v2\/media?parent=34924"}],"wp:term":[{"taxonomy":"category","embeddable":true,"href":"https:\/\/www.europesays.com\/es\/wp-json\/wp\/v2\/categories?post=34924"},{"taxonomy":"post_tag","embeddable":true,"href":"https:\/\/www.europesays.com\/es\/wp-json\/wp\/v2\/tags?post=34924"}],"curies":[{"name":"wp","href":"https:\/\/api.w.org\/{rel}","templated":true}]}}