{"id":349377,"date":"2026-01-19T15:29:08","date_gmt":"2026-01-19T15:29:08","guid":{"rendered":"https:\/\/www.europesays.com\/es\/349377\/"},"modified":"2026-01-19T15:29:08","modified_gmt":"2026-01-19T15:29:08","slug":"la-promesa-avanza-un-ascenso-un-romance-descubierto-y-una-declaracion-de-amor-en-su-nueva-semana-en-rtve","status":"publish","type":"post","link":"https:\/\/www.europesays.com\/es\/349377\/","title":{"rendered":"&#8216;La Promesa&#8217; avanza un ascenso, un romance descubierto y una declaraci\u00f3n de amor en su nueva semana en RTVE"},"content":{"rendered":"<p class=\"article-text\">\n        <strong>La Promesa <\/strong>afronta una nueva semana en <strong>La 1 de RTVE<\/strong>. Tras cumplir su tercer a\u00f1o en emisi\u00f3n \u2014lo hizo el pasado d\u00eda 12\u2014, la exitosa serie diaria sigue inmersa en una \u00e9poca de cambios coincidiendo con los primeros compases de su quinta temporada, que arranc\u00f3 a finales de diciembre. Entre otras cosas, los pr\u00f3ximos cinco cap\u00edtulos nos dejar\u00e1 el nuevo ascenso de <strong>Curro<\/strong>, el paso adelante de <strong>Martina<\/strong> con <strong>Adriano<\/strong> y el descubrimiento, dentro de palacio, de que hay algo m\u00e1s que una simple relaci\u00f3n laboral entre <strong>Teresa<\/strong> y <strong>Crist\u00f3bal<\/strong>.\n    <\/p>\n<p>    <a href=\"https:\/\/www.eldiario.es\/vertele\/series\/52-mejores-series-espanolas-estrenaran-cadenas-plataformas-2026-boom-ficcion_1_12891381.html\" data-mrf-recirculation=\"saber-mas\" data-dl-event=\"saber-mas\" rel=\"nofollow noopener\" target=\"_blank\"><\/p>\n<p class=\"know-more__title\">El &#8216;boom&#8217; de la ficci\u00f3n sigue en 2026: las 52 series espa\u00f1olas que estrenar\u00e1n las cadenas y plataformas este a\u00f1o<\/p>\n<p>            <img decoding=\"async\" class=\"lazy\" loading=\"lazy\" data-src=\"https:\/\/static.eldiario.es\/clip\/0b3dd1ec-d1d0-4460-97c2-bcdab945428c_16-9-aspect-ratio_default_0.jpg\" src=\"data:image\/svg+xml,%3Csvg xmlns=\" http:=\"\" viewbox=\"0 0 880 495\" alt=\"El 'boom' de la ficci\u00f3n sigue en 2026: las 52 series espa\u00f1olas que estrenar\u00e1n las cadenas y plataformas este a\u00f1o\"\/><\/p>\n<p>                        <\/a><\/p>\n<p class=\"article-text\">\n        Todo esto, tras haberse descubierto el favorable diagn\u00f3stico sobre la salud mental de <strong>\u00c1ngela<\/strong>, el cual parec\u00eda haber acabado con la agon\u00eda de la joven. Sin embargo,\u00a0<strong>Lorenzo<\/strong> no est\u00e1 dispuesto a renunciar\u00a0tan f\u00e1cilmente:\u00a0Si \u00c1ngela est\u00e1 bien, pueden seguir adelante con la boda. \u00bfParalizar\u00e1 <strong>Leocadia<\/strong> esta vez el enlace tras el consejo del psiquiatra?\n    <\/p>\n<p class=\"article-text\">\n        En la zona del servicio,\u00a0<strong>Mar\u00eda Fern\u00e1ndez<\/strong> y <strong>Carlo<\/strong>\u00a0no est\u00e1n pasando por su mejor momento. El lacayo ha regresado, pero la\u00a0primera conversaci\u00f3n no ha sido como ninguno esperaba\u2026\u00a0No han logrado entenderse. \u00bfConseguir\u00e1n arreglar sus diferencias aunque solo sea por el bien del hijo que esperan?\u00a0A continuaci\u00f3n, el avance de los cap\u00edtulos 757-761 de La Promesa, que La 1 de RTVE emitir\u00e1 entre el lunes 19 y el viernes 23 de enero en el horario habitual de la serie.\n    <\/p>\n<p>    Avance del cap\u00edtulo 757 del lunes 19 de enero<\/p>\n<p class=\"article-text\">\n        El comandante informa a <strong>Manuel<\/strong> de que no puede vender sus licencias hasta que \u00e9l d\u00e9 el visto bueno a su motor.\u00a0<strong>Leocadia<\/strong> niega estar implicada en el asunto.\u00a0<strong>Lorenzo<\/strong> sigue empecinado en la boda\u00a0y exige a Leocadia y a <strong>\u00c1ngela<\/strong> una nueva fecha. La tensi\u00f3n entre <strong>Carlo<\/strong> y <strong>Mar\u00eda<\/strong> va en aumento, hecho que no pasa desapercibido entre el servicio. <strong>Prudencio<\/strong> se presenta ante <strong>Simona<\/strong> y <strong>Candela<\/strong>, que lo reciben con reticencias por su aspecto. Tras visitar el refugio y conocer a Prudencio, <strong>To\u00f1o<\/strong> convence a las cocineras para que echen una mano.\u00a0\n    <\/p>\n<p class=\"article-text\">\n        <strong>Martina <\/strong>propone a <strong>Jacobo<\/strong> un plan rom\u00e1ntico\u00a0y este le cuenta a <strong>Adriano<\/strong> que el beso con ese hombre los ha unido m\u00e1s.\u00a0<strong>Vera<\/strong> rompe a llorar: la ausencia de <strong>Lope<\/strong> la est\u00e1 matando\u00a0y sigue guardando un profundo rencor hacia <strong>Teresa<\/strong>. \u00c1ngela, desesperada con el tema de la boda, lo paga con <strong>Curro<\/strong> y le reprocha que no est\u00e9 haciendo nada&#8230;\u00a0Curro se planta ante <strong>Alonso<\/strong>: quiere recuperar su estatus y lo quiere ya.\n    <\/p>\n<p>            <img decoding=\"async\" class=\"lazy\" loading=\"lazy\" data-src=\"https:\/\/static.eldiario.es\/clip\/129e0960-fc31-4ba8-adb3-ea8f85c51e6c_16-9-discover-aspect-ratio_default_0.jpg\" src=\"data:image\/svg+xml,%3Csvg xmlns=\" http:=\"\" viewbox=\"0 0 1200 675\" alt=\"Carlo, Crist\u00f3bal, Teresa y Mar\u00eda Fern\u00e1ndez, en un cap\u00edtulo de 'La Promesa'\"\/><\/p>\n<p>    Avance del cap\u00edtulo 758 del martes 20 de enero<\/p>\n<p class=\"article-text\">\n        <strong>Alonso<\/strong> promete a <strong>Curro<\/strong> que no se olvida de buscar una soluci\u00f3n a su situaci\u00f3n de lacayo.\u00a0<strong>Leocadia<\/strong> se ofrece para tantear a <strong>Lisandro<\/strong> sobre el tema. <strong>Lorenzo<\/strong>, por su parte, niega a <strong>Manuel <\/strong>estar detr\u00e1s de la llegada del comandante.\u00a0<strong>P\u00eda<\/strong> habla con <strong>Carlo<\/strong> y con <strong>Mar\u00eda<\/strong> para que aflojen, pero ambos son muy orgullosos. <strong>Samuel<\/strong> intenta mediar para que<strong> Vera<\/strong> se relaje con <strong>Teresa<\/strong>. La doncella parece que va a propiciar un acercamiento con ella, pero se retrae en el \u00faltimo momento.\n    <\/p>\n<p class=\"article-text\">\n        Finalmente, <strong>Simona<\/strong> y <strong>Candela<\/strong> van al refugio convencidas por <strong>To\u00f1o<\/strong>. El chico propone hacer churros para venderlos.\u00a0<strong>Teresa<\/strong> y <strong>Crist\u00f3bal<\/strong> afianzan su cari\u00f1o: sea lo que sea lo que ha surgido entre ellos, va cobrando fuerza cada d\u00eda.\u00a0<strong>Martina<\/strong> pretende normalizar la situaci\u00f3n con <strong>Adriano<\/strong>, pero ahora es \u00e9l quien se niega a tener un acercamiento. <strong>Margarita<\/strong> no se cree que su hija est\u00e9 fenomenal y\u00a0Martina termina derrumb\u00e1ndose ante ella.\n    <\/p>\n<p>    Avance del cap\u00edtulo 759 del mi\u00e9rcoles 21 de enero<\/p>\n<p class=\"article-text\">\n        <strong>Jacobo<\/strong> se excusa ante <strong>Petra<\/strong> por haberle vendido la joya de <strong>Cruz<\/strong> a <strong>Leocadia<\/strong>.\u00a0<strong>Lorenzo<\/strong> presenta ante el comandante a <strong>\u00c1ngela<\/strong> como su prometida\u00a0y ella no tiene m\u00e1s remedio que fingir.\u00a0<strong>Jacobo<\/strong> vuelve a estar mal con <strong>Martina<\/strong>&#8230; <strong>Adriano<\/strong>, harto, le aconseja que lo hable con ella.\u00a0<strong>Manuel<\/strong>, <strong>To\u00f1o<\/strong> y <strong>Enora<\/strong> acuerdan no ense\u00f1arle todos los documentos al comandante.\n    <\/p>\n<p class=\"article-text\">\n        <strong>P\u00eda<\/strong> tiende una encerrona a <strong>Carlo<\/strong> y <strong>Mar\u00eda<\/strong> y ambos acaban discutiendo: lo \u00fanico que tienen en com\u00fan es que est\u00e1n enfadados con la doncella. <strong>Martina<\/strong> miente a <strong>Jacobo<\/strong> de nuevo: si est\u00e1 mal es porque no pasa demasiado tiempo con los beb\u00e9s.\u00a0Alguien ve a <strong>Teresa<\/strong> y <strong>Crist\u00f3bal<\/strong> teniendo un momento rom\u00e1ntico. \u00bfDe qui\u00e9n se trata?\u00a0<strong>Alonso <\/strong>anuncia delante de toda la familia\u00a0y el comandante una gran noticia:\u00a0Curro deja de ser lacayo y ser\u00e1 su secretario.\n    <\/p>\n<p>            <img decoding=\"async\" class=\"lazy\" loading=\"lazy\" data-src=\"https:\/\/static.eldiario.es\/clip\/1a05bd48-ae20-4418-8736-8fa49ddff8d5_16-9-discover-aspect-ratio_default_0.jpg\" src=\"data:image\/svg+xml,%3Csvg xmlns=\" http:=\"\" viewbox=\"0 0 1200 675\" alt=\"Martina y Jacobo, en un cap\u00edtulo de 'La Promesa'\"\/><\/p>\n<p>    Avance del cap\u00edtulo 760 del jueves 22 de enero<\/p>\n<p class=\"article-text\">\n        <strong>Alonso<\/strong> se reafirma en su decisi\u00f3n: <strong>Curro<\/strong> tendr\u00e1 por fin un lugar digno en la familia.\u00a0<strong>Carlo<\/strong>, finalmente, se compromete a intentar ser el padre que necesita el hijo de <strong>Mar\u00eda<\/strong>.<strong>\u00a0P\u00eda <\/strong>les hace ver que tienen que anunciar su compromiso por el bien del beb\u00e9. <strong>Simona<\/strong> sigue preocupada por la boda de <strong>To\u00f1o<\/strong> y <strong>Enora<\/strong>, aunque <strong>Candela<\/strong> intenta ser optimista. Enora y To\u00f1o enga\u00f1an al comandante, que sabe menos de lo que quiere aparentar\u2026\u00a0\u00a1Acusa a <strong>Manuel<\/strong> de estar ocult\u00e1ndole informaci\u00f3n del motor!\u00a0<strong>Jacobo<\/strong> organiza un plan original para los ni\u00f1os y <strong>Martina<\/strong>, pero\u00a0ella no deja de pensar en Adriano.\u00a0<strong>Margarita<\/strong> revela a <strong>Curro<\/strong> que tiene una pista sobre la que trabajar para impedir la boda.\u00a0\u00bfDe qu\u00e9 se trata?\n    <\/p>\n<p>    Avance del cap\u00edtulo 761 del viernes 23 de enero<\/p>\n<p class=\"article-text\">\n        <strong>Margarita<\/strong> no puede asegurar a <strong>Curro<\/strong> que su plan para impedir la boda de <strong>\u00c1ngela<\/strong> vaya a funcionar\u00a0y revela que la persona con la que pretende contactar es\u2026 \u00a1el conde de Ayala! <strong>Enora<\/strong>, <strong>To\u00f1o<\/strong> y <strong>Manuel<\/strong> se defienden de las suspicacias de <strong>Rivero<\/strong> y salen airosos, por el momento&#8230; Enora mantiene que el comandante no sabe tanto como dice. <strong>Leocadia<\/strong> impone al mayordomo que la visite de noche en su alcoba&#8230;\u00a0\n    <\/p>\n<p>    <a href=\"https:\/\/www.eldiario.es\/vertele\/noticias\/rtve-suspende-revuelta-aplaza-estreno-decomasters-lunes-cobertura-accidente-adamuz_1_12918993.html\" data-mrf-recirculation=\"saber-mas-abajo\" data-dl-event=\"saber-mas-abajo\" rel=\"nofollow noopener\" target=\"_blank\"><\/p>\n<p class=\"know-more__title\">RTVE suspende &#8216;La Revuelta&#8217; y aplaza el estreno de &#8216;DecoMasters&#8217; este lunes por su cobertura del accidente en Adamuz\n<\/p>\n<p>            <img decoding=\"async\" class=\"lazy\" loading=\"lazy\" data-src=\"https:\/\/static.eldiario.es\/clip\/7da88412-88d2-4dbc-9285-b1b7f93b512c_16-9-aspect-ratio_default_0.jpg\" src=\"data:image\/svg+xml,%3Csvg xmlns=\" http:=\"\" viewbox=\"0 0 880 495\" alt=\"RTVE suspende 'La Revuelta' y aplaza el estreno de 'DecoMasters' este lunes por su cobertura del accidente en Adamuz\"\/><\/p>\n<p>                        <\/a><\/p>\n<p class=\"article-text\">\n        <strong>Alonso <\/strong>encarga a <strong>Curro<\/strong> su primer trabajo como secretario: cuantificar su deuda con la se\u00f1ora de Figueroa.\u00a0El muchacho agradece a <strong>\u00c1ngela<\/strong> que le diera el empuj\u00f3n para salir del servicio, pero la tensi\u00f3n entre ellos contin\u00faa. <strong>Mar\u00eda<\/strong> y<strong> Carlo<\/strong> no saben c\u00f3mo anunciar su relaci\u00f3n a sus compa\u00f1eros. Para que la noticia no les coja desprevenidos, fingen gestos de cari\u00f1o ante ellos.\u00a0<strong>Martina<\/strong> termina admitiendo a <strong>Adriano<\/strong> sus sentimientos\u2026 \u00a1Lo echa de menos! A punto de besarse, los interrumpen Alonso y \u00c1ngela&#8230;\n    <\/p>\n","protected":false},"excerpt":{"rendered":"La Promesa afronta una nueva semana en La 1 de RTVE. Tras cumplir su tercer a\u00f1o en emisi\u00f3n&hellip;\n","protected":false},"author":2,"featured_media":349378,"comment_status":"","ping_status":"","sticky":false,"template":"","format":"standard","meta":{"footnotes":""},"categories":[91],"tags":[1733,6421,8866,15091,3416,146,147,25,24,11031,795,2657,518,773,23],"class_list":["post-349377","post","type-post","status-publish","format-standard","has-post-thumbnail","category-entretenimiento","tag-amor","tag-ascenso","tag-avanza","tag-declaracion","tag-descubierto","tag-entertainment","tag-entretenimiento","tag-es","tag-espana","tag-la-promesa","tag-nueva","tag-romance","tag-rtve","tag-semana","tag-spain"],"share_on_mastodon":{"url":"https:\/\/pubeurope.com\/@es\/115922479980118848","error":""},"_links":{"self":[{"href":"https:\/\/www.europesays.com\/es\/wp-json\/wp\/v2\/posts\/349377","targetHints":{"allow":["GET"]}}],"collection":[{"href":"https:\/\/www.europesays.com\/es\/wp-json\/wp\/v2\/posts"}],"about":[{"href":"https:\/\/www.europesays.com\/es\/wp-json\/wp\/v2\/types\/post"}],"author":[{"embeddable":true,"href":"https:\/\/www.europesays.com\/es\/wp-json\/wp\/v2\/users\/2"}],"replies":[{"embeddable":true,"href":"https:\/\/www.europesays.com\/es\/wp-json\/wp\/v2\/comments?post=349377"}],"version-history":[{"count":0,"href":"https:\/\/www.europesays.com\/es\/wp-json\/wp\/v2\/posts\/349377\/revisions"}],"wp:featuredmedia":[{"embeddable":true,"href":"https:\/\/www.europesays.com\/es\/wp-json\/wp\/v2\/media\/349378"}],"wp:attachment":[{"href":"https:\/\/www.europesays.com\/es\/wp-json\/wp\/v2\/media?parent=349377"}],"wp:term":[{"taxonomy":"category","embeddable":true,"href":"https:\/\/www.europesays.com\/es\/wp-json\/wp\/v2\/categories?post=349377"},{"taxonomy":"post_tag","embeddable":true,"href":"https:\/\/www.europesays.com\/es\/wp-json\/wp\/v2\/tags?post=349377"}],"curies":[{"name":"wp","href":"https:\/\/api.w.org\/{rel}","templated":true}]}}