{"id":349907,"date":"2026-01-19T21:58:09","date_gmt":"2026-01-19T21:58:09","guid":{"rendered":"https:\/\/www.europesays.com\/es\/349907\/"},"modified":"2026-01-19T21:58:09","modified_gmt":"2026-01-19T21:58:09","slug":"presentacion-del-documental-una-rosa-para-el-mundo-en-la-filmoteca-vaticana","status":"publish","type":"post","link":"https:\/\/www.europesays.com\/es\/349907\/","title":{"rendered":"Presentaci\u00f3n del documental \u201cUna Rosa para el mundo\u201d en la Filmoteca Vaticana"},"content":{"rendered":"<p>El documental muestra la devoci\u00f3n a Santa Rosa de Lima en m\u00e1s de diez ciudades del mundo de cuatro continentes. <\/p>\n<p><b>Vatican News<\/b><\/p>\n<p>La Embajada del Per\u00fa ante la Santa Sede, con ocasi\u00f3n de la pr\u00f3xima entronizaci\u00f3n de una imagen de Santa Rosa de Lima y de un mosaico de la Virgen Mar\u00eda en los Jardines Vaticanos, tiene el agrado de invitar a la presentaci\u00f3n del documental \u201cUna Rosa para el mundo\u201d, de Luis Enrique Cam. Este martes 20 de enero de 2026, a las 17:00 horas en\u00a0en la Filmoteca Vaticana.<\/p>\n<p>El documental, estrenado el 1 de noviembre de 2017 en el Per\u00fa en el marco de los 400 a\u00f1os del fallecimiento de Santa Rosa de Lima, ser\u00e1 presentado por primera vez en Roma gracias al apoyo del Dicasterio para la Comunicaci\u00f3n de la Santa Sede. El documental, de 70 minutos de duraci\u00f3n, muestra la devoci\u00f3n a Santa Rosa de Lima en m\u00e1s de diez ciudades del mundo de cuatro continentes.<\/p>\n<p>Con entrevistas a historiadores, religiosas de clausura y especialistas en Lima y en Roma, el documental \u201cUna Rosa para el mundo\u201d narra la vida de Rosa de Santa Mar\u00eda y explora su presencia en nuestras vidas a trav\u00e9s de testimonios de personas que han recibido, a trav\u00e9s de su ejemplo, un modelo de vida en pleno siglo XXI.<\/p>\n<p>Tambi\u00e9n muestra im\u00e1genes nunca antes filmadas de reliquias de primer orden de la santa que se custodian desde hace 400 a\u00f1os en dos monasterios de clausura de Lima. El documental muestra la amable presencia de Santa Rosa de Lima en ciudades como Madrid, Montreal, Manila, Nueva York, Hong Kong, Roma, Sittard (Holanda), Buenos Aires, Toronto y Lima.<\/p>\n","protected":false},"excerpt":{"rendered":"El documental muestra la devoci\u00f3n a Santa Rosa de Lima en m\u00e1s de diez ciudades del mundo de&hellip;\n","protected":false},"author":2,"featured_media":349908,"comment_status":"","ping_status":"","sticky":false,"template":"","format":"standard","meta":{"footnotes":""},"categories":[169],"tags":[54654,78912,177,146,147,25,24,176,175,705,10777,23,403],"class_list":["post-349907","post","type-post","status-publish","format-standard","has-post-thumbnail","category-cine","tag-docufilm","tag-filmotecavaticana","tag-cine","tag-entertainment","tag-entretenimiento","tag-es","tag-espana","tag-film","tag-movies","tag-peru","tag-santos-y-beatos","tag-spain","tag-vaticano"],"share_on_mastodon":{"url":"https:\/\/pubeurope.com\/@es\/115924009353624102","error":""},"_links":{"self":[{"href":"https:\/\/www.europesays.com\/es\/wp-json\/wp\/v2\/posts\/349907","targetHints":{"allow":["GET"]}}],"collection":[{"href":"https:\/\/www.europesays.com\/es\/wp-json\/wp\/v2\/posts"}],"about":[{"href":"https:\/\/www.europesays.com\/es\/wp-json\/wp\/v2\/types\/post"}],"author":[{"embeddable":true,"href":"https:\/\/www.europesays.com\/es\/wp-json\/wp\/v2\/users\/2"}],"replies":[{"embeddable":true,"href":"https:\/\/www.europesays.com\/es\/wp-json\/wp\/v2\/comments?post=349907"}],"version-history":[{"count":0,"href":"https:\/\/www.europesays.com\/es\/wp-json\/wp\/v2\/posts\/349907\/revisions"}],"wp:featuredmedia":[{"embeddable":true,"href":"https:\/\/www.europesays.com\/es\/wp-json\/wp\/v2\/media\/349908"}],"wp:attachment":[{"href":"https:\/\/www.europesays.com\/es\/wp-json\/wp\/v2\/media?parent=349907"}],"wp:term":[{"taxonomy":"category","embeddable":true,"href":"https:\/\/www.europesays.com\/es\/wp-json\/wp\/v2\/categories?post=349907"},{"taxonomy":"post_tag","embeddable":true,"href":"https:\/\/www.europesays.com\/es\/wp-json\/wp\/v2\/tags?post=349907"}],"curies":[{"name":"wp","href":"https:\/\/api.w.org\/{rel}","templated":true}]}}