{"id":350184,"date":"2026-01-20T01:46:11","date_gmt":"2026-01-20T01:46:11","guid":{"rendered":"https:\/\/www.europesays.com\/es\/350184\/"},"modified":"2026-01-20T01:46:11","modified_gmt":"2026-01-20T01:46:11","slug":"george-r-r-martin-revela-sus-planes-alternativos-para-el-final-de-juego-de-tronos-que-afectan-a-tyrion-y-sansa","status":"publish","type":"post","link":"https:\/\/www.europesays.com\/es\/350184\/","title":{"rendered":"George R.R. Martin revela sus planes alternativos para el final de &#8216;Juego de Tronos&#8217;, que afectan a Tyrion y Sansa"},"content":{"rendered":"<p class=\"article-text\">\n        La m\u00edtica serie <strong>Juego de Tronos<\/strong> contin\u00faa siendo objeto de conversaci\u00f3n entre sus fieles seguidores tras un final que se emiti\u00f3 en 2019. Su creador, <strong>George R.R. Matin<\/strong>, se ha pronunciado abiertamente en una entrevista sobre los <strong>planes que nunca vieron la luz<\/strong>. Centrado en su saga literaria, el escritor ha confirmado que nunca tuvo en mente un adi\u00f3s tan \u201cfeliz\u201d como el que ofreci\u00f3 la ficci\u00f3n de <strong>HBO Max<\/strong>.\n    <\/p>\n<p>    <a href=\"https:\/\/www.eldiario.es\/vertele\/videos\/actualidad\/hbo-max-avance-definitivo-caballero-siete-reinos-dunk-jaque-spin-off-juego-tronos_7_12825535.html\" data-mrf-recirculation=\"saber-mas\" data-dl-event=\"saber-mas\" rel=\"nofollow noopener\" target=\"_blank\"><\/p>\n<p class=\"know-more__title\">HBO Max lanza el avance definitivo de &#8216;El caballero de los Siete Reinos&#8217;: Dunk, en jaque en el spin-off de &#8216;Juego de Tronos&#8217;<\/p>\n<p>            <img decoding=\"async\" class=\"lazy\" loading=\"lazy\" data-src=\"https:\/\/static.eldiario.es\/clip\/62b57908-fa58-45e2-b6b4-6a3133cc153e_16-9-aspect-ratio_default_0.jpg\" src=\"data:image\/svg+xml,%3Csvg xmlns=\" http:=\"\" viewbox=\"0 0 880 495\" alt=\"HBO Max lanza el avance definitivo de 'El caballero de los Siete Reinos': Dunk, en jaque en el spin-off de 'Juego de Tronos'\"\/><\/p>\n<p>                            <img decoding=\"async\" class=\"ni-multimedia\" src=\"https:\/\/www.eldiario.es\/assets\/img\/svg\/icons\/gallery-video.h-2e826467718e0ad0cb33a0bdb174f603.svg\" alt=\"HBO Max lanza el avance definitivo de 'El caballero de los Siete Reinos': Dunk, en jaque en el spin-off de 'Juego de Tronos'\"\/><br \/>\n                        <\/a><\/p>\n<p class=\"article-text\">\n        Durante una conversaci\u00f3n con <a href=\"https:\/\/www.hollywoodreporter.com\/tv\/tv-features\/george-rr-martin-interview-thrones-winds-dragon-knight-1236473519\/\" target=\"_blank\" data-mrf-recirculation=\"links-noticia\" class=\"link\" rel=\"nofollow noopener\">The Hollywood Reporter<\/a>, Martin ha reconocido abiertamente que <strong>\u201ciba a matar a m\u00e1s gente<\/strong>\u201d y \u201cno a los que mataron\u201d en la serie. \u201cNo veo un final feliz para <strong>Tyrion<\/strong>. Todo su arco argumental ha sido tr\u00e1gico desde el principio\u201d, ha sentenciado en relaci\u00f3n con el perd\u00f3n que recibi\u00f3 tras ser sentenciado a muerte. De hecho, asumi\u00f3 un nuevo rol mientras conservaba su vida por sorpresa.\n    <\/p>\n<p class=\"article-text\">\n        Por otro lado, tambi\u00e9n ha reflexionado sobre el destino de <strong>Sansa Stark<\/strong>: \u201c<strong>Iba a hacer que muriera<\/strong>, pero ha sido tan atractiva en la serie que quiz\u00e1 la deje vivir\u2026\u201d. En la ficci\u00f3n, este personaje termin\u00f3 convirti\u00e9ndose en la Reina del Norte, gobernando de forma independiente tras apoyar a Bran Stark como rey de los Seis Reinos. Se confirma con estas declaraciones que George R.R. Martin ten\u00eda unos planes muy distintos en el desenlace de la serie.\n    <\/p>\n<p>    La presi\u00f3n que recibe George R.R. Martin<\/p>\n<p class=\"article-text\">\n        Conviene recordar que la serie de HBO Max finaliz\u00f3 en 2019, con la necesidad de improvisar un final. El motivo fue que no hab\u00eda ning\u00fan libro que adaptar, puesto que su creador todav\u00eda no lo hab\u00eda escrito. En la entrevista que nos ocupa, Martin ha insistido en la <strong>presi\u00f3n <\/strong>que recibe para que termine la saga. Durante la <strong>WorldCon <\/strong>se enfrent\u00f3 a preguntas del p\u00fablico, cuando alguien plate\u00f3 si otra persona deb\u00eda encargarse de Vientos de invierno.\n    <\/p>\n<p>    <a href=\"https:\/\/www.eldiario.es\/vertele\/noticias\/rtve-suspende-revuelta-aplaza-estreno-decomasters-lunes-cobertura-accidente-adamuz_1_12918993.html\" data-mrf-recirculation=\"saber-mas-abajo\" data-dl-event=\"saber-mas-abajo\" rel=\"nofollow noopener\" target=\"_blank\"><\/p>\n<p class=\"know-more__title\">RTVE suspende &#8216;La Revuelta&#8217; y aplaza el estreno de &#8216;DecoMasters&#8217; este lunes por su cobertura del accidente en Adamuz<\/p>\n<p>            <img decoding=\"async\" class=\"lazy\" loading=\"lazy\" data-src=\"https:\/\/static.eldiario.es\/clip\/7da88412-88d2-4dbc-9285-b1b7f93b512c_16-9-aspect-ratio_default_0.jpg\" src=\"data:image\/svg+xml,%3Csvg xmlns=\" http:=\"\" viewbox=\"0 0 880 495\" alt=\"RTVE suspende 'La Revuelta' y aplaza el estreno de 'DecoMasters' este lunes por su cobertura del accidente en Adamuz\"\/><\/p>\n<p>                        <\/a><\/p>\n<p class=\"article-text\">\n        El argumento para lanzar esa cuesti\u00f3n fue que el escritor no iba a \u201cestar aqu\u00ed por mucho m\u00e1s tiempo\u201d, en relaci\u00f3n con un posible fallecimiento. \u201c<strong>Dicen: &#8216;Nos minti\u00f3, se va a morir pronto, mira qu\u00e9 viejo est\u00e1<\/strong>&#8216;. De verdad que no necesitaba esa mierda\u201d, sentenci\u00f3 al respecto. Queda por ver con qu\u00e9 giros sorprende George R.R. Martin en el final definitivo de una de las sagas literarias m\u00e1s aclamadas no solo en las librer\u00edas, tambi\u00e9n en nuestra peque\u00f1a pantalla.\n    <\/p>\n","protected":false},"excerpt":{"rendered":"La m\u00edtica serie Juego de Tronos contin\u00faa siendo objeto de conversaci\u00f3n entre sus fieles seguidores tras un final&hellip;\n","protected":false},"author":2,"featured_media":350185,"comment_status":"","ping_status":"","sticky":false,"template":"","format":"standard","meta":{"footnotes":""},"categories":[171],"tags":[44098,146,147,25,24,1058,4594,24169,1730,8677,15111,78987,23,214,78986],"class_list":["post-350184","post","type-post","status-publish","format-standard","has-post-thumbnail","category-tv","tag-alternativos","tag-entertainment","tag-entretenimiento","tag-es","tag-espana","tag-final","tag-george","tag-juego-de-tronos","tag-martin","tag-planes","tag-r","tag-sansa","tag-spain","tag-tv","tag-tyrion"],"share_on_mastodon":{"url":"https:\/\/pubeurope.com\/@es\/115924905832293154","error":""},"_links":{"self":[{"href":"https:\/\/www.europesays.com\/es\/wp-json\/wp\/v2\/posts\/350184","targetHints":{"allow":["GET"]}}],"collection":[{"href":"https:\/\/www.europesays.com\/es\/wp-json\/wp\/v2\/posts"}],"about":[{"href":"https:\/\/www.europesays.com\/es\/wp-json\/wp\/v2\/types\/post"}],"author":[{"embeddable":true,"href":"https:\/\/www.europesays.com\/es\/wp-json\/wp\/v2\/users\/2"}],"replies":[{"embeddable":true,"href":"https:\/\/www.europesays.com\/es\/wp-json\/wp\/v2\/comments?post=350184"}],"version-history":[{"count":0,"href":"https:\/\/www.europesays.com\/es\/wp-json\/wp\/v2\/posts\/350184\/revisions"}],"wp:featuredmedia":[{"embeddable":true,"href":"https:\/\/www.europesays.com\/es\/wp-json\/wp\/v2\/media\/350185"}],"wp:attachment":[{"href":"https:\/\/www.europesays.com\/es\/wp-json\/wp\/v2\/media?parent=350184"}],"wp:term":[{"taxonomy":"category","embeddable":true,"href":"https:\/\/www.europesays.com\/es\/wp-json\/wp\/v2\/categories?post=350184"},{"taxonomy":"post_tag","embeddable":true,"href":"https:\/\/www.europesays.com\/es\/wp-json\/wp\/v2\/tags?post=350184"}],"curies":[{"name":"wp","href":"https:\/\/api.w.org\/{rel}","templated":true}]}}