{"id":35020,"date":"2025-08-09T01:20:07","date_gmt":"2025-08-09T01:20:07","guid":{"rendered":"https:\/\/www.europesays.com\/es\/35020\/"},"modified":"2025-08-09T01:20:07","modified_gmt":"2025-08-09T01:20:07","slug":"ter-stegen-firma-la-autorizacion-de-su-informe-medico-y-recupera-la-capitania-del-barcelona-futbol-deportes","status":"publish","type":"post","link":"https:\/\/www.europesays.com\/es\/35020\/","title":{"rendered":"Ter Stegen firma la autorizaci\u00f3n de su informe m\u00e9dico y recupera la capitan\u00eda del Barcelona | F\u00fatbol | Deportes"},"content":{"rendered":"<p class=\"\"><a href=\"https:\/\/elpais.com\/deportes\/2025-08-07\/el-barcelona-retira-la-capitania-temporalmente-a-ter-stegen.html\" target=\"_self\" rel=\"nofollow noopener\" title=\"https:\/\/elpais.com\/deportes\/2025-08-07\/el-barcelona-retira-la-capitania-temporalmente-a-ter-stegen.html\">Un d\u00eda despu\u00e9s de que el Barcelona retirase la capitan\u00eda a Marc-Andr\u00e9 Ter Stegen<\/a> y apenas transcurridas unas horas de un comunicado del guardameta con una postura conciliadora en el que tend\u00eda puentes para resolver el asunto, el alem\u00e1n ha firmado la autorizaci\u00f3n para que los servicios m\u00e9dicos del club azulgrana tramiten a LaLiga el informe m\u00e9dico de su operaci\u00f3n para determinar la baja de su lesi\u00f3n y si es de larga duraci\u00f3n. La entidad presidida por Joan Laporta, adem\u00e1s, da por cerrado el expediente disciplinario que le hab\u00eda abierto a ra\u00edz de este asunto y le devuelve la capitan\u00eda del primer equipo. <\/p>\n<p class=\"\">La noticia del Bar\u00e7a llegaba cerca de las 23 horas de la noche, poco despu\u00e9s de que Ter Stegen, en un comunicado a trav\u00e9s de redes sociales diese la mano al club para solucionar la guerra interna. \u201cEstoy plenamente dispuesto a colaborar con la direcci\u00f3n del club para resolver este asunto y facilitar la autorizaci\u00f3n requerida\u201d, apuntaba el guardameta alem\u00e1n, conciliador y constructivo, en su comunicado. Pero tambi\u00e9n aseguraba que el tiempo de su recuperaci\u00f3n, la principal causa que ha derivado en la disputa con el club, que anunci\u00f3 antes de su operaci\u00f3n, era un \u201cplazo de recuperaci\u00f3n m\u00ednimo\u201d necesario y que fue \u201ccomunicado por los expertos m\u00e1s reputados y siempre en coordinaci\u00f3n con el club\u201d.<\/p>\n<p class=\"\">Ter Stegen, en el texto publicado en catal\u00e1n, castellano e ingl\u00e9s, explic\u00f3 sus vivencias y su perspectiva. \u201cEn las \u00faltimas semanas, se han dicho muchas cosas sobre m\u00ed, algunas de ellas totalmente infundadas. Por ello, siento que es necesario expresas mi versi\u00f3n de los hechos con respeto, pero con claridad\u201d, compart\u00eda en la nota.<\/p>\n<p class=\"\">Ter Stegen <a href=\"https:\/\/elpais.com\/deportes\/futbol\/2025-08-05\/guerra-abierta-entre-ter-stegen-y-el-barcelona-el-capitan-se-niega-a-firmar-su-informe-medico.html\" target=\"_self\" rel=\"nofollow noopener\" title=\"https:\/\/elpais.com\/deportes\/futbol\/2025-08-05\/guerra-abierta-entre-ter-stegen-y-el-barcelona-el-capitan-se-niega-a-firmar-su-informe-medico.html\">zanj\u00f3, tambi\u00e9n, \u201cciertas especulaciones\u201d<\/a>, asegurando que las \u201cincorporaciones y renovaciones del club\u201d se produjeron antes de su operaci\u00f3n y por lo tanto en ning\u00fan momento consider\u00f3 que su baja fuera \u201cnecesaria para la inscripci\u00f3n de otros compa\u00f1eros\u201d a los que respeta \u201cprofundamente\u201d y con quienes est\u00e1 \u201cdeseando compartir vestuario durante muchas temporadas\u201d. \u201cCualquier otra interpretaci\u00f3n me parece injusta e inexacta\u201d, a\u00f1ade.<\/p>\n<p class=\"\">En el cierre del comunicado, el guardameta apela a su profesionalidad, respeto y compromiso, adem\u00e1s del cari\u00f1o por Barcelona y su gente, y a resolver la situaci\u00f3n de forma \u201cconstructiva\u201d y \u201ca trav\u00e9s del di\u00e1logo\u201d. Finalmente, as\u00ed ha sido. En el Barcelona, todo es ef\u00edmero para bien, o para mal. En 24 horas, los puentes rotos se han reconstruido, y la paz parece regresar. Al menos, de momento.<\/p>\n","protected":false},"excerpt":{"rendered":"Un d\u00eda despu\u00e9s de que el Barcelona retirase la capitan\u00eda a Marc-Andr\u00e9 Ter Stegen y apenas transcurridas unas&hellip;\n","protected":false},"author":2,"featured_media":35021,"comment_status":"","ping_status":"","sticky":false,"template":"","format":"standard","meta":{"footnotes":""},"categories":[93],"tags":[1540,168,927,1539,25,24,881,282,1538,23,167,8251],"class_list":{"0":"post-35020","1":"post","2":"type-post","3":"status-publish","4":"format-standard","5":"has-post-thumbnail","7":"category-deportes","8":"tag-competiciones","9":"tag-deportes","10":"tag-deportistas","11":"tag-entrenadores","12":"tag-es","13":"tag-espana","14":"tag-fc-barcelona","15":"tag-futbol","16":"tag-futbolistas","17":"tag-spain","18":"tag-sports","19":"tag-ter-stegen"},"share_on_mastodon":{"url":"","error":""},"_links":{"self":[{"href":"https:\/\/www.europesays.com\/es\/wp-json\/wp\/v2\/posts\/35020","targetHints":{"allow":["GET"]}}],"collection":[{"href":"https:\/\/www.europesays.com\/es\/wp-json\/wp\/v2\/posts"}],"about":[{"href":"https:\/\/www.europesays.com\/es\/wp-json\/wp\/v2\/types\/post"}],"author":[{"embeddable":true,"href":"https:\/\/www.europesays.com\/es\/wp-json\/wp\/v2\/users\/2"}],"replies":[{"embeddable":true,"href":"https:\/\/www.europesays.com\/es\/wp-json\/wp\/v2\/comments?post=35020"}],"version-history":[{"count":0,"href":"https:\/\/www.europesays.com\/es\/wp-json\/wp\/v2\/posts\/35020\/revisions"}],"wp:featuredmedia":[{"embeddable":true,"href":"https:\/\/www.europesays.com\/es\/wp-json\/wp\/v2\/media\/35021"}],"wp:attachment":[{"href":"https:\/\/www.europesays.com\/es\/wp-json\/wp\/v2\/media?parent=35020"}],"wp:term":[{"taxonomy":"category","embeddable":true,"href":"https:\/\/www.europesays.com\/es\/wp-json\/wp\/v2\/categories?post=35020"},{"taxonomy":"post_tag","embeddable":true,"href":"https:\/\/www.europesays.com\/es\/wp-json\/wp\/v2\/tags?post=35020"}],"curies":[{"name":"wp","href":"https:\/\/api.w.org\/{rel}","templated":true}]}}