{"id":35024,"date":"2025-08-09T01:22:08","date_gmt":"2025-08-09T01:22:08","guid":{"rendered":"https:\/\/www.europesays.com\/es\/35024\/"},"modified":"2025-08-09T01:22:08","modified_gmt":"2025-08-09T01:22:08","slug":"los-de-arte-tambien-saben-mandar-poder-y-llenar","status":"publish","type":"post","link":"https:\/\/www.europesays.com\/es\/35024\/","title":{"rendered":"Los de arte tambi\u00e9n saben mandar, poder y llenar"},"content":{"rendered":"<p style=\"\">Antes se dec\u00eda aquello de \u00ablos de valor a mandar, y los de arte a acompa\u00f1ar\u00bb, pero lleg\u00f3 Morante, pas\u00e1ndoselos m\u00e1s cerca que nadie, con m\u00e1s arte que nadie, y llenando, y llev\u00f3 la contraria al dicho. La temporada de Jos\u00e9 Antonio est\u00e1 siendo tan  &#8230; extraordinaria que tardaremos en vivir algo similar. Un <a href=\"https:\/\/www.abc.es\/cultura\/toros\/repiquen-campanas-morante-salamanca-20250614213145-nt.html\" target=\"_self\" data-voc-vtm-id=\"in-text-traffic\" title=\"rabo\" data-mrf-link=\"www.abc.es\" rel=\"nofollow noopener\">rabo<\/a> cort\u00f3 tras otra faena para poner en las escuelas, volteret\u00f3n incluido, con m\u00e1s ganas y capacidad que medio escalaf\u00f3n. Y luego llega Ortega, y se pone a hacer tafalleras y manoletinas rodilla en tierra. Y despu\u00e9s llega <a href=\"https:\/\/www.abc.es\/cultura\/toros\/puerto-toros-sabado-20250802154637-nt.html\" target=\"_self\" data-voc-vtm-id=\"in-text-traffic\" title=\"Aguado\" data-mrf-link=\"www.abc.es\" rel=\"nofollow noopener\">Aguado<\/a> y torea como si estuviera en su casa \u00bfCu\u00e1ndo han hecho eso &#8216;los de valor&#8217;? \u00bfCu\u00e1ndo se ha toreado m\u00e1s despacio que como lo hacen estos tres sevillanos? Son un deleite para los sentidos, tal vez hasta complicados de analizar y digerir.<\/p>\n<p class=\"voc-p\" style=\"\">Con la plaza s\u00f3lo iluminada con la luz de los candiles, desfilaron Morante, Ortega y Aguado hacia la presidencia. La temperatura era ideal, sin una gota de viento, y los tendidos gozaban de una salud inmejorable. Como inmejorables fueron las ver\u00f3nicas de Morante a primero, tan despaciosas y toreras que son casi indescriptibles, y una salida capote al hombro que parec\u00eda una foto de <a href=\"https:\/\/www.abc.es\/cultura\/toros\/espiritu-gallito-fundido-alma-morantista-talavera-20250518220409-nt.html\" target=\"_self\" data-voc-vtm-id=\"in-text-traffic\" title=\"Gallito\" data-mrf-link=\"www.abc.es\" rel=\"nofollow noopener\">Gallito<\/a>. El de Gacigrande mostr\u00f3 la misma calidad que tuvo en la muleta, permitiendo a Morante bordar el toreo, desde el maravilloso inicio por alto, hasta unos molinetes, cambios de mano y trincherazos de un nivel de toreo que poco m\u00e1s que &#8216;buah&#8217; se puede decir. Tan relajado, pas\u00e1ndoselo tan cerca, con ganas novilleriles casi, con tanto empaque&#8230; Al natural bajaba el animal, ya que sal\u00eda desentendido, pero bueno fue por la diestra, permitiendo al genio dejar un faen\u00f3n, no rubricado con la espada. <\/p>\n<p class=\"voc-p\" style=\"\">\u00abSi lo mata, era de pata\u00bb, comentaba un aficionado de la faena, cuando se anunciaba la salida del segundo, al que Ortega recibi\u00f3 con tres ver\u00f3nicas espectaculares, aunque este Cadenito no era como el anterior. \u00bfSe pueden hacer unas chicuelinas m\u00e1s cadenciosas y despaciosas que las del quite de Aguado? Fue un sutil baile frente a un toro, con lo dificil\u00edsimo que es eso. Pues contest\u00f3 Ortega llev\u00e1ndolo toreado por tafalleras. Dos por el pit\u00f3n izquierdo fueron de locos. <\/p>\n<p class=\"voc-p\" style=\"\">Con el cartucho de pescao lo cit\u00f3 Ortega, que hab\u00eda brindado a Ojeda, y le recet\u00f3 unos ayudados por alto rodilla en tierra de una profundidad s\u00f3lo superada por el natural siguiente. \u00c9se era el pit\u00f3n del toro. El pase de las flores si se graba a c\u00e1mara lenta no sale tan sumamente pausado. Y eso que el toro no era nada del otro mundo, aunque permiti\u00f3 a Juan dejar unos muletazos sencillamente extraordinarios. El ep\u00edlogo no fue cualquier cosa: manoletinas rodilla en tierra, tan originales, bonitas, profundas&#8230; La r\u00e1cana oreja supo a muy poco.<\/p>\n<p class=\"voc-p\" style=\"\">Mal andado era el tercero, encel\u00e1ndose con el caballo y derribando al picador, que hab\u00eda se\u00f1alado un puyazo arriba y tuvo el temple de subirse al penco, con Acebuche a\u00fan ah\u00ed, empujando al peto. Embest\u00eda muy recto, y una fea voltereta le propin\u00f3 a Diego Ram\u00f3n Jim\u00e9nez mientras bregaba, que con la mu\u00f1eca visiblemente fracturada  entr\u00f3 a la enfermer\u00eda. Una estampa antigua fue el inicio de Aguado, sentado en el estribo como si estuviera sentado en un bar, con la sutil naturalidad con la que torea. Y luego esos trincherazos tan extraordinarios que borda como s\u00f3lo \u00e9l sabe. Hizo bueno a un toro pegajoso que no lo era. Dif\u00edcil fue cogerle la distancia, pero un Pablo muy puro y suave supo ordenar las embestidas del Garcigrande. Encima meti\u00f3 un estoconazo, como pocas (o ninguna) vez ha metido, que dej\u00f3 al toro reventado. Si esta temporada estuviera matando siempre as\u00ed, llevar\u00eda ya much\u00edsimas puertas grandes, porque no hay que perder de vista el enorme a\u00f1o del sevillano.<\/p>\n<p class=\"voc-p\" style=\"\">Con una tijerilla de rodillas recibi\u00f3 Morante a Deriva, para continuar con unas ver\u00f3nicas de un empaque superior. Tras los buenos pares de Curro Javier, que se desmonter\u00f3, se plant\u00f3 el genio de rodillas con ayudados por alto, embarcando al toro. Una aut\u00e9ntica barbaridad. Se conf\u00eda tanto que se duerme en la cara del toro. Est\u00e1 tan relajado, que se olvida  que tiene cuerpo, como dec\u00eda Belmonte, dejando la muleta muerta en unos naturales que fueron una aut\u00e9ntica barbaridad, tan despacito todo, que el toro le prendi\u00f3 y le propin\u00f3 un porrazo. Expuso una enormidad, y sali\u00f3 cojeando, no sin dar antes una tanda por la diestra m\u00e1s fajado, tan extraordinaria que no cab\u00eda m\u00e1s que ponerse en pie. Y con esa suavidad, solt\u00f3 la muleta sobre el toro en el pase de pecho antes de dejar un estoconazo al encuentro, con gritos de &#8216;torero, torero&#8217; que resonaron hasta La Puebla. Miraba Morante c\u00f3mo ca\u00eda el toro, mientras una gota de sangre le ca\u00eda por la sien derecha.<\/p>\n<p class=\"voc-p\" style=\"\">Fue el genio a la enfermer\u00eda, caminando despacio, como su toreo. Con las emociones a\u00fan a flor de piel, sali\u00f3 Felino. Larga fue la vara, y bueno el capote de Ortega. El toro parec\u00eda querer todo por abajo, y eso hizo desde el inicio Juan, que tambi\u00e9n estuvo confiad\u00edsimo con un Garcigrande que transmit\u00eda. Qu\u00e9 pedazo de tanda con la diestra, con un temple exquisito, y eso que el toro cabeceaba. Al sentirse podido, el animal se empez\u00f3 a poner bruto. Pero para el torero, como si no. Qu\u00e9 bonito lo hace todo Ortega, pese a tener un animal que se vino muy abajo, manseando y con una embestida deslucid\u00edsima e inc\u00f3moda. Le ech\u00f3 la cara arriba con la espada, dejando una buena estocada a la segunda. Y otra oreja al esport\u00f3n, en una tarde de mucho m\u00e1s toreo que trofeos para el trianero. <\/p>\n<p class=\"voc-p\" style=\"\">Tampoco ten\u00eda buenos andares el sexto. Como fueron \u00abs\u00f3lo\u00bb buenas las ver\u00f3nicas -y mejor a\u00fan la media- de Aguado, casi ni se les dio importancia. Pero la tuvieron. Remat\u00f3 el toro en un burladero y se parti\u00f3 la punta del pit\u00f3n izquierdo. Se pidi\u00f3 la devoluci\u00f3n, no atendida por la presidencia, y absurdos fueron los pitos del p\u00fablico durante la faena de Pablo, que ped\u00eda calma mientras le buscaba las vueltas a este Visigodo, de embestida francamente desagradable, como los b\u00e1rbaros del norte que le dan nombre. Lo ense\u00f1\u00f3 por ambos lados, incluso rob\u00f3 alg\u00fan natural bonito, pero era imposible. <\/p>\n<p class=\"voc-p\" style=\"\">Y los tres art\u00edfices de una noche de Toreo -con may\u00fasculas- salieron juntos a pie en loor de multitudes. Por la contusi\u00f3n en el gl\u00fateo no pudieron izar al de La Puebla, y sus disc\u00edpulos hicieron lo propio acompa\u00f1ando al maestro.<\/p>\n<ul class=\"voc-list\">\n<li class=\"voc-list__item\">\n<strong>Plaza de toros de Marbella (M\u00e1laga).<\/strong><br \/>\nViernes, 8 de agosto de 2025. Lleno de No hay billetes. Son\u00f3 el Himno Nacional tras el pase\u00edllo. Toros de Garcigrande.\n<\/li>\n<li class=\"voc-list__item\">\n<strong>Morante de la Puebla,<\/strong><br \/>\nde verde esmeralda y oro. Cinco pinchazos y media baja (silencio). Estoconazo (dos orejas y rabo).\n<\/li>\n<li class=\"voc-list__item\">\n<strong>Juan Ortega,<\/strong><br \/>\nde rosa palo y oro. Media (oreja). Pinchazo y gran estocada (oreja).\n<\/li>\n<li class=\"voc-list__item\">\n<strong>Pablo Aguado,<\/strong><br \/>\nde catafalco y oro. Estoconazo (dos orejas). Pinchazo y estocada corta (silencio).\n<\/li>\n<\/ul>\n","protected":false},"excerpt":{"rendered":"Antes se dec\u00eda aquello de \u00ablos de valor a mandar, y los de arte a acompa\u00f1ar\u00bb, pero lleg\u00f3&hellip;\n","protected":false},"author":2,"featured_media":35025,"comment_status":"","ping_status":"","sticky":false,"template":"","format":"standard","meta":{"footnotes":""},"categories":[91],"tags":[229,146,147,25,24,17825,17824,4233,17823,23],"class_list":{"0":"post-35024","1":"post","2":"type-post","3":"status-publish","4":"format-standard","5":"has-post-thumbnail","7":"category-entretenimiento","8":"tag-arte","9":"tag-entertainment","10":"tag-entretenimiento","11":"tag-es","12":"tag-espana","13":"tag-llenar","14":"tag-mandar","15":"tag-poder","16":"tag-saben","17":"tag-spain"},"share_on_mastodon":{"url":"","error":""},"_links":{"self":[{"href":"https:\/\/www.europesays.com\/es\/wp-json\/wp\/v2\/posts\/35024","targetHints":{"allow":["GET"]}}],"collection":[{"href":"https:\/\/www.europesays.com\/es\/wp-json\/wp\/v2\/posts"}],"about":[{"href":"https:\/\/www.europesays.com\/es\/wp-json\/wp\/v2\/types\/post"}],"author":[{"embeddable":true,"href":"https:\/\/www.europesays.com\/es\/wp-json\/wp\/v2\/users\/2"}],"replies":[{"embeddable":true,"href":"https:\/\/www.europesays.com\/es\/wp-json\/wp\/v2\/comments?post=35024"}],"version-history":[{"count":0,"href":"https:\/\/www.europesays.com\/es\/wp-json\/wp\/v2\/posts\/35024\/revisions"}],"wp:featuredmedia":[{"embeddable":true,"href":"https:\/\/www.europesays.com\/es\/wp-json\/wp\/v2\/media\/35025"}],"wp:attachment":[{"href":"https:\/\/www.europesays.com\/es\/wp-json\/wp\/v2\/media?parent=35024"}],"wp:term":[{"taxonomy":"category","embeddable":true,"href":"https:\/\/www.europesays.com\/es\/wp-json\/wp\/v2\/categories?post=35024"},{"taxonomy":"post_tag","embeddable":true,"href":"https:\/\/www.europesays.com\/es\/wp-json\/wp\/v2\/tags?post=35024"}],"curies":[{"name":"wp","href":"https:\/\/api.w.org\/{rel}","templated":true}]}}