{"id":35032,"date":"2025-08-09T01:27:07","date_gmt":"2025-08-09T01:27:07","guid":{"rendered":"https:\/\/www.europesays.com\/es\/35032\/"},"modified":"2025-08-09T01:27:07","modified_gmt":"2025-08-09T01:27:07","slug":"trump-anuncia-que-se-reunira-con-putin-en-alaska-el-proximo-15-de-agosto-para-negociar-un-acuerdo-que-ponga-fin-a-la-guerra-en-ucrania-internacional","status":"publish","type":"post","link":"https:\/\/www.europesays.com\/es\/35032\/","title":{"rendered":"Trump anuncia que se reunir\u00e1 con Putin en Alaska el pr\u00f3ximo 15 de agosto para negociar un acuerdo que ponga fin a la guerra en Ucrania | Internacional"},"content":{"rendered":"<p>El presidente de los Estados Unidos, Donald Trump, ha asegurado en su cuenta de Truth Social que se reunir\u00e1 con el presidente ruso, Vlad\u00edmir Putin, el pr\u00f3ximo viernes 15 de agosto en el estado de Alaska para negociar un acuerdo que ponga fin a la guerra en Ucrania.<\/p>\n<p>\u00abLa tan esperada reuni\u00f3n entre yo, como Presidente de los Estados Unidos de Am\u00e9rica, y el presidente Vladimir Putin, de Rusia, tendr\u00e1 lugar el pr\u00f3ximo viernes 15 de agosto de 2025, en el gran estado de Alaska. Pr\u00f3ximamente se dar\u00e1n m\u00e1s detalles\u00bb, ha escrito Trump en su cuenta de Truth Social. <\/p>\n<p>El presidente de Estados Unidos, Donald Trump, ha asegurado este viernes que contempla un posible \u00abintercambio de territorio\u00bb entre Ucrania y Rusia como parte de un eventual acuerdo de paz entre ambos pa\u00edses. Aunque no ha ofrecido detalles concretos sobre c\u00f3mo se materializar\u00eda esta propuesta, sus declaraciones han generado una nueva ola de especulaciones sobre el papel que podr\u00eda desempe\u00f1ar Washington en la resoluci\u00f3n del conflicto.<\/p>\n<p>Trump tambi\u00e9n ha adelantado que prev\u00e9 reunirse \u00abmuy pronto\u00bb con el presidente ruso, Vladimir Putin, aunque ha evitado precisar la fecha o el lugar del encuentro. \u00abSer\u00e1 una conversaci\u00f3n muy importante\u00bb, ha afirmado, sin entrar en detalles sobre la agenda prevista.<\/p>\n<p>Las palabras del mandatario estadounidense llegan en un momento de creciente presi\u00f3n internacional para encontrar una salida diplom\u00e1tica a la guerra en Ucrania, que se prolonga desde febrero de 2022. La idea de un intercambio territorial ha sido hist\u00f3ricamente rechazada por Kiev, que insiste en la recuperaci\u00f3n total de los territorios ocupados por Rusia, incluida Crimea.<\/p>\n<p>Por el momento, ni el Kremlin ni el Gobierno ucraniano han reaccionado oficialmente a las declaraciones de Trump.<\/p>\n<p>Putin propone un alto el fuego en Ucrania a cambio de concesiones territoriales, seg\u00fan The Wall Street Journal<\/p>\n<p>El presidente ruso, Vlad\u00edmir Putin, habr\u00eda presentado esta semana a la administraci\u00f3n Trump una propuesta de alto el fuego en Ucrania que incluir\u00eda importantes exigencias territoriales, seg\u00fan publica The Wall Street Journal. Mosc\u00fa estar\u00eda dispuesto a detener la ofensiva militar si Kiev cede el control de la regi\u00f3n oriental del pa\u00eds, incluyendo Donetsk, Lugansk y la pen\u00ednsula de Crimea, cuya soberan\u00eda Rusia quiere que sea reconocida internacionalmente.<\/p>\n<p>La noticia coincide con unas declaraciones del expresidente estadounidense Donald Trump desde la Casa Blanca, en las que ha hablado abiertamente de un posible \u201cintercambio de territorios entre Rusia y Ucrania en beneficio de ambos\u201d. Aunque no ha especificado los detalles del acuerdo, Trump ha asegurado que \u201cla situaci\u00f3n en Ucrania puede resolverse pronto\u201d y que prev\u00e9 reunirse con Putin \u201cmuy pronto\u201d, en una localizaci\u00f3n que describi\u00f3 como \u201cmuy popular\u201d y que, seg\u00fan adelant\u00f3, ser\u00e1 anunciada en breve.<\/p>\n<p>Trump ha a\u00f1adido que \u201cvamos a recuperar algo, vamos a cambiar algo\u201d, en referencia a ese posible intercambio territorial como parte de un acuerdo de paz entre Mosc\u00fa y Kiev. La cumbre entre ambos l\u00edderes se celebrar\u00eda la pr\u00f3xima semana.<\/p>\n<p>La propuesta rusa, tal y como la describe el Wall Street Journal, plantea un escenario complejo para el presidente ucraniano, Volod\u00edmir Zelenski, que hasta ahora ha rechazado cualquier cesi\u00f3n territorial como condici\u00f3n para la paz. El desenlace de esta iniciativa podr\u00eda marcar un punto de inflexi\u00f3n en el conflicto, aunque por el momento, el planteamiento no parece especialmente atractivo para Kiev.<\/p>\n","protected":false},"excerpt":{"rendered":"El presidente de los Estados Unidos, Donald Trump, ha asegurado en su cuenta de Truth Social que se&hellip;\n","protected":false},"author":2,"featured_media":35033,"comment_status":"","ping_status":"","sticky":false,"template":"","format":"standard","meta":{"footnotes":""},"categories":[5],"tags":[17826,17,18,83,25,24,13,14,11,19,20,1383,9,10,15,16,23,12,17827,21,22,5664,1559,13007],"class_list":{"0":"post-35032","1":"post","2":"type-post","3":"status-publish","4":"format-standard","5":"has-post-thumbnail","7":"category-titulares","8":"tag-azerbaijan","9":"tag-breaking-news","10":"tag-breakingnews","11":"tag-diplomacy","12":"tag-es","13":"tag-espana","14":"tag-featured-news","15":"tag-featurednews","16":"tag-headlines","17":"tag-latest-news","18":"tag-latestnews","19":"tag-meeting","20":"tag-news","21":"tag-noticias","22":"tag-noticias-destacadas","23":"tag-noticiasdestacadas","24":"tag-spain","25":"tag-titulares","26":"tag-trilateral","27":"tag-ultimas-noticias","28":"tag-ultimasnoticias","29":"tag-united-states","30":"tag-us","31":"tag-white-house"},"share_on_mastodon":{"url":"","error":""},"_links":{"self":[{"href":"https:\/\/www.europesays.com\/es\/wp-json\/wp\/v2\/posts\/35032","targetHints":{"allow":["GET"]}}],"collection":[{"href":"https:\/\/www.europesays.com\/es\/wp-json\/wp\/v2\/posts"}],"about":[{"href":"https:\/\/www.europesays.com\/es\/wp-json\/wp\/v2\/types\/post"}],"author":[{"embeddable":true,"href":"https:\/\/www.europesays.com\/es\/wp-json\/wp\/v2\/users\/2"}],"replies":[{"embeddable":true,"href":"https:\/\/www.europesays.com\/es\/wp-json\/wp\/v2\/comments?post=35032"}],"version-history":[{"count":0,"href":"https:\/\/www.europesays.com\/es\/wp-json\/wp\/v2\/posts\/35032\/revisions"}],"wp:featuredmedia":[{"embeddable":true,"href":"https:\/\/www.europesays.com\/es\/wp-json\/wp\/v2\/media\/35033"}],"wp:attachment":[{"href":"https:\/\/www.europesays.com\/es\/wp-json\/wp\/v2\/media?parent=35032"}],"wp:term":[{"taxonomy":"category","embeddable":true,"href":"https:\/\/www.europesays.com\/es\/wp-json\/wp\/v2\/categories?post=35032"},{"taxonomy":"post_tag","embeddable":true,"href":"https:\/\/www.europesays.com\/es\/wp-json\/wp\/v2\/tags?post=35032"}],"curies":[{"name":"wp","href":"https:\/\/api.w.org\/{rel}","templated":true}]}}