{"id":35042,"date":"2025-08-09T01:35:16","date_gmt":"2025-08-09T01:35:16","guid":{"rendered":"https:\/\/www.europesays.com\/es\/35042\/"},"modified":"2025-08-09T01:35:16","modified_gmt":"2025-08-09T01:35:16","slug":"mi-objetivo-es-reivindicarme-y-hacer-una-gran-temporada","status":"publish","type":"post","link":"https:\/\/www.europesays.com\/es\/35042\/","title":{"rendered":"\u201cMi objetivo es reivindicarme y hacer una gran temporada\u201d"},"content":{"rendered":"<p>\n        El <a href=\"https:\/\/www.noticiasdealava.eus\/alaves\/\" title=\"Deportivo Alav\u00e9s\" class=\"link copy\" rel=\"nofollow noopener\" target=\"_blank\">Deportivo Alav\u00e9s<\/a> oficializ\u00f3 el pasado jueves el <strong>fichaje de Mariano D\u00edaz.<\/strong> El hispano-dominicano, que lleva en la din\u00e1mica del equipo desde el mes de julio, pas\u00f3 a convertirse de este modo en el <strong>s\u00e9ptimo fichaje del mercado albiazul.<\/strong>\n<\/p>\n<p class=\"article-body__text \">\n        Tras jugar en la cantera del Real Madrid, para luego llegar al primer equipo y seguir su trayectoria en Lyon y Sevilla, Mariano aterriza en Vitoria en la que ser\u00e1 <strong>su primera experiencia lejos de los grandes focos medi\u00e1ticos.<\/strong>\n<\/p>\n<p>            <a href=\"https:\/\/www.noticiasdealava.eus\/alaves\/2025\/08\/07\/mariano-queda-alaves-2027-9960028.html\" title=\"Mariano se queda en el Alav\u00e9s hasta 2027\" class=\"new__media\" rel=\"nofollow noopener\" target=\"_blank\"><\/p>\n<p>                <img alt=\"Mariano se queda en el Alav\u00e9s hasta 2027\" data-src=\"https:\/\/www.europesays.com\/es\/wp-content\/uploads\/2025\/08\/9ea571f9-83ea-4b40-9113-8a693b1dd74f_16-9-aspect-ratio_default_0.jpg\" class=\"lozad\"\/><\/p>\n<p>        <\/a><\/p>\n<p>        <a href=\"https:\/\/www.noticiasdealava.eus\/alaves\/2025\/08\/07\/mariano-queda-alaves-2027-9960028.html\" title=\"Mariano se queda en el Alav\u00e9s hasta 2027\" class=\"new__headline\" rel=\"nofollow noopener\" target=\"_blank\"><br \/>\n            Mariano se queda en el Alav\u00e9s hasta 2027<br \/>\n        <\/a><\/p>\n<p class=\"article-body__text \">\n        Sin embargo, esto no es algo que asusta a Mariano. As\u00ed lo defendi\u00f3 este viernes en su presentaci\u00f3n oficial como futbolista babazorro: \u201cM\u00e1s all\u00e1 de los grandes, cada club tiene su historia, tiene sus objetivos y al final yo <strong>vengo con mucha ilusi\u00f3n de poder hacer cosas muy buenas aqu\u00ed<\/strong>\u201d.\n<\/p>\n<p>  En busca de reivindicarse<\/p>\n<p class=\"article-body__text \">\n        Mariano, antes de recalar en la pretemporada del Alav\u00e9s, <strong>tan solo hab\u00eda jugado un partido desde su salida del Sevilla en mayo de 2024. <\/strong>Aquel encuentro \u2013donde Mariano logr\u00f3 anotar\u2013, fue con su selecci\u00f3n dominicana frente a la de Puerto Rico.\n<\/p>\n<p>            <a href=\"https:\/\/www.noticiasdealava.eus\/alaves\/2025\/08\/06\/huesca-9956897.html\" title=\"Toque de atenci\u00f3n para un flojo Alav\u00e9s ante el Huesca (0-1)\" class=\"new__media\" rel=\"nofollow noopener\" target=\"_blank\"><\/p>\n<p>                <img alt=\"Toque de atenci\u00f3n para un flojo Alav\u00e9s ante el Huesca (0-1)\" data-src=\"https:\/\/www.europesays.com\/es\/wp-content\/uploads\/2025\/08\/308b5087-fc14-46f9-b06e-9996ac63b940_16-9-aspect-ratio_default_0.jpg\" class=\"lozad\"\/><\/p>\n<p>        <\/a><\/p>\n<p>        <a href=\"https:\/\/www.noticiasdealava.eus\/alaves\/2025\/08\/06\/huesca-9956897.html\" title=\"Toque de atenci\u00f3n para un flojo Alav\u00e9s ante el Huesca (0-1)\" class=\"new__headline\" rel=\"nofollow noopener\" target=\"_blank\"><br \/>\n            Toque de atenci\u00f3n para un flojo Alav\u00e9s ante el Huesca (0-1)<br \/>\n        <\/a><\/p>\n<p class=\"article-body__text \">\n        Su falta de inactividad durante todo este periodo hacen que Mariano tenga una \u00fanica idea entre ceja y ceja. \u201cMi objetivo es volver a la competencia, a la m\u00e1xima competici\u00f3n, estar a tope.<strong> Lo que quiero es reivindicarme, poder hacer una gran campa\u00f1a y ayudar al equipo en goles, en experiencia y en dar todo lo que pueda\u201d<\/strong>, coment\u00f3 en su comparecencia.\n<\/p>\n<blockquote class=\"twitter-tweet\" data-lang=\"es\" wp_automatic_readability=\"3.0717703349282\">\n<p lang=\"es\" dir=\"ltr\">\ud83d\udcac <a href=\"https:\/\/twitter.com\/marianodiaz7?ref_src=twsrc%5Etfw\" rel=\"nofollow noopener\" target=\"_blank\">@marianodiaz7<\/a> <\/p>\n<p>Trabajar d\u00eda a d\u00eda para volver y dar el m\u00e1ximo \ud83d\udcaa<a href=\"https:\/\/twitter.com\/hashtag\/OngiEtorriMariano?src=hash&amp;ref_src=twsrc%5Etfw\" rel=\"nofollow noopener\" target=\"_blank\">#OngiEtorriMariano<\/a><a href=\"https:\/\/twitter.com\/hashtag\/Gutarikoak?src=hash&amp;ref_src=twsrc%5Etfw\" rel=\"nofollow noopener\" target=\"_blank\">#Gutarikoak<\/a> | <a href=\"https:\/\/twitter.com\/hashtag\/GoazenGlorioso?src=hash&amp;ref_src=twsrc%5Etfw\" rel=\"nofollow noopener\" target=\"_blank\">#GoazenGlorioso<\/a> \u26aa\ufe0f\ud83d\udd35 <a href=\"https:\/\/t.co\/XDqn1zydp1\" rel=\"nofollow\">pic.twitter.com\/XDqn1zydp1<\/a><\/p>\n<p>\u2014 Deportivo Alav\u00e9s (@Alaves) <a href=\"https:\/\/twitter.com\/Alaves\/status\/1953774536677028292?ref_src=twsrc%5Etfw\" rel=\"nofollow noopener\" target=\"_blank\">8 de agosto de 2025<\/a><\/p><\/blockquote>\n<p class=\"article-body__text \">\n        Mariano tratar\u00e1 de encontrar su mejor versi\u00f3n dentro de un grupo al que ha tildado como<strong> \u201cuna gran familia\u201d.<\/strong> Por el momento, y ahora de manera oficial, el futbolista se seguir\u00e1 ejercitando \u201ca tope\u201d en cada uno de los entrenamientos\n<\/p>\n<p>  Familia albiazul<\/p>\n<p class=\"article-body__text \">\n        La gran<strong> amistad personal que guarda con Sergio Fern\u00e1ndez fue clave<\/strong> para hacer realidad el fichaje. \u201cYo ten\u00eda una amistad con Sergio desde hace tiempo y surgi\u00f3 la posibilidad de venir a entrenar aqu\u00ed al Alav\u00e9s para ponerme en forma. En ese momento pens\u00e9: <strong>mucho mejor que estar entrenando solo, hacerlo con un equipo de Primera Divisi\u00f3n\u201d<\/strong>, coment\u00f3 Mariano.\n<\/p>\n<p class=\"article-body__text \">\n        Pese a que en primera instancia Mariano solo iba a realizar los entrenamientos y amistosos con el equipo, <strong>una tarde en el Complejo Deportivo del Hotel Torremirona durante la gira veraniega en Girona cambi\u00f3 todo.<\/strong> \u201cHubo acercamiento entre el m\u00edster, Sergio y yo, as\u00ed que decidimos tomar la decisi\u00f3n\u201d, coment\u00f3 Mariano.\n<\/p>\n<p>            <a href=\"https:\/\/www.noticiasdealava.eus\/alaves\/2025\/08\/07\/calebe-futbolista-ofensivo-gozo-balon-9960508.html\" title=\"Calebe: \u201cSoy un futbolista ofensivo, gozo cuando tengo el bal\u00f3n\u201d\" class=\"new__media\" rel=\"nofollow noopener\" target=\"_blank\"><\/p>\n<p>                <img alt=\"Calebe: \u201cSoy un futbolista ofensivo, gozo cuando tengo el bal\u00f3n\u201d\" data-src=\"https:\/\/www.europesays.com\/es\/wp-content\/uploads\/2025\/08\/09379aad-b100-4ca9-9513-323596089acb_16-9-aspect-ratio_default_0_x591y627.jpg\" class=\"lozad\"\/><\/p>\n<p>        <\/a><\/p>\n<p>        <a href=\"https:\/\/www.noticiasdealava.eus\/alaves\/2025\/08\/07\/calebe-futbolista-ofensivo-gozo-balon-9960508.html\" title=\"Calebe: \u201cSoy un futbolista ofensivo, gozo cuando tengo el bal\u00f3n\u201d\" class=\"new__headline\" rel=\"nofollow noopener\" target=\"_blank\"><br \/>\n            Calebe: \u201cSoy un futbolista ofensivo, gozo cuando tengo el bal\u00f3n\u201d<br \/>\n        <\/a><\/p>\n<p class=\"article-body__text \">\n        Desde el primer momento en el Alav\u00e9s, Mariano se dio cuenta de que lo que hab\u00eda escuchado de la boca de algunos excompa\u00f1eros sobre el club vitoriano era cierto. <strong>\u201cEs una gran familia, me acogieron muy bien todos desde el inicio y quiero estar en el Deportivo Alav\u00e9s\u201d<\/strong>, asegur\u00f3.\n<\/p>\n<p>  Bajo las \u00f3rdenes de Coudet <\/p>\n<p class=\"article-body__text \">\n        Durante la presentaci\u00f3n, el punta tambi\u00e9n trat\u00f3 algunas cuestiones en lo que respecta al entrenador albiazul.<strong> \u201cEl m\u00edster nos pide entrega, intensidad y que luchemos por cada bal\u00f3n\u201d, <\/strong>explic\u00f3 Mariano al ser cuestionado sobre el m\u00e9todo de entrenamiento del t\u00e9cnico argentino.\n<\/p>\n<blockquote class=\"twitter-tweet\" data-lang=\"es\" wp_automatic_readability=\"2.5\">\n<p lang=\"eu\" dir=\"ltr\">\u2728 AURA \u2728 <a href=\"https:\/\/t.co\/9T9VERA7RJ\" rel=\"nofollow\">pic.twitter.com\/9T9VERA7RJ<\/a><\/p>\n<p>\u2014 Deportivo Alav\u00e9s (@Alaves) <a href=\"https:\/\/twitter.com\/Alaves\/status\/1953800346062479412?ref_src=twsrc%5Etfw\" rel=\"nofollow noopener\" target=\"_blank\">8 de agosto de 2025<\/a><\/p><\/blockquote>\n<p class=\"article-body__text \">\n        Respecto a su posici\u00f3n, el futbolista destac\u00f3 una vez m\u00e1s que prefiere\u00a0jugar en la punta del ataque, aunque no descarta ser \u00fatil en otra posici\u00f3n: <strong>\u201cJugar\u00e9 en el sitio que me pida el m\u00edster y dar\u00e9 siempre todo lo que pueda\u201d.<\/strong>\n<\/p>\n<p class=\"article-body__text \">\n        Adem\u00e1s, Mariano cree que puede complementarse a la perfecci\u00f3n con otro de los delanteros de la plantilla \u2013ya sea Toni o Villalibre\u2013, a los que<strong> ve con \u201cmuchas ganas\u201d y \u201cmuy buen nivel\u201d<\/strong> durante esta pretemporada.\n<\/p>\n<p>            <script async src=\"https:\/\/platform.twitter.com\/widgets.js\" charset=\"utf-8\"><\/script><\/p>\n","protected":false},"excerpt":{"rendered":"El Deportivo Alav\u00e9s oficializ\u00f3 el pasado jueves el fichaje de Mariano D\u00edaz. El hispano-dominicano, que lleva en la&hellip;\n","protected":false},"author":2,"featured_media":35043,"comment_status":"","ping_status":"","sticky":false,"template":"","format":"standard","meta":{"footnotes":""},"categories":[269],"tags":[299,298,168,25,24,3956,661,17829,23,167,1152],"class_list":{"0":"post-35042","1":"post","2":"type-post","3":"status-publish","4":"format-standard","5":"has-post-thumbnail","7":"category-baloncesto","8":"tag-baloncesto","9":"tag-basketball","10":"tag-deportes","11":"tag-es","12":"tag-espana","13":"tag-gran","14":"tag-objetivo","15":"tag-reivindicarme","16":"tag-spain","17":"tag-sports","18":"tag-temporada"},"share_on_mastodon":{"url":"","error":""},"_links":{"self":[{"href":"https:\/\/www.europesays.com\/es\/wp-json\/wp\/v2\/posts\/35042","targetHints":{"allow":["GET"]}}],"collection":[{"href":"https:\/\/www.europesays.com\/es\/wp-json\/wp\/v2\/posts"}],"about":[{"href":"https:\/\/www.europesays.com\/es\/wp-json\/wp\/v2\/types\/post"}],"author":[{"embeddable":true,"href":"https:\/\/www.europesays.com\/es\/wp-json\/wp\/v2\/users\/2"}],"replies":[{"embeddable":true,"href":"https:\/\/www.europesays.com\/es\/wp-json\/wp\/v2\/comments?post=35042"}],"version-history":[{"count":0,"href":"https:\/\/www.europesays.com\/es\/wp-json\/wp\/v2\/posts\/35042\/revisions"}],"wp:featuredmedia":[{"embeddable":true,"href":"https:\/\/www.europesays.com\/es\/wp-json\/wp\/v2\/media\/35043"}],"wp:attachment":[{"href":"https:\/\/www.europesays.com\/es\/wp-json\/wp\/v2\/media?parent=35042"}],"wp:term":[{"taxonomy":"category","embeddable":true,"href":"https:\/\/www.europesays.com\/es\/wp-json\/wp\/v2\/categories?post=35042"},{"taxonomy":"post_tag","embeddable":true,"href":"https:\/\/www.europesays.com\/es\/wp-json\/wp\/v2\/tags?post=35042"}],"curies":[{"name":"wp","href":"https:\/\/api.w.org\/{rel}","templated":true}]}}