{"id":350450,"date":"2026-01-20T05:35:07","date_gmt":"2026-01-20T05:35:07","guid":{"rendered":"https:\/\/www.europesays.com\/es\/350450\/"},"modified":"2026-01-20T05:35:07","modified_gmt":"2026-01-20T05:35:07","slug":"nuevas-imagenes-de-las-camaras-del-louvre-muestran-por-primera-vez-el-robo-en-el-interior-del-museo-cultura","status":"publish","type":"post","link":"https:\/\/www.europesays.com\/es\/350450\/","title":{"rendered":"Nuevas im\u00e1genes de las c\u00e1maras del Louvre muestran por primera vez el robo en el interior del Museo | Cultura"},"content":{"rendered":"<p class=\"\">El pasado <a href=\"https:\/\/elpais.com\/cultura\/2025-10-19\/un-intento-de-atraco-en-el-louvre-lleva-al-cierre-del-museo-durante-todo-el-dia.html\" target=\"_self\" rel=\"nofollow noopener\" title=\"https:\/\/elpais.com\/cultura\/2025-10-19\/un-intento-de-atraco-en-el-louvre-lleva-al-cierre-del-museo-durante-todo-el-dia.html\">19 de octubre el Museo del Louvre sufri\u00f3 uno de los asaltos m\u00e1s espectaculares de su historia<\/a>, cuando cuatro hombres treparon por una escalera al balc\u00f3n que da acceso a la galer\u00eda de Apolo y, armados con radiales, rompieron las vitrinas donde estaban las joyas de la Corona y se las llevaron en menos de siete minutos. Justo cuando se cumplen tres meses del robo, una cadena francesa ha publicado unas im\u00e1genes in\u00e9ditas, las primeras del interior de la sala, en las que se ve la rapidez y la facilidad con la que los ladrones se hicieron con el bot\u00edn.<\/p>\n<p class=\"\">La escena es digna de pel\u00edcula. El programa de investigaci\u00f3n Compl\u00e9ment d\u2019enqu\u00eate, de France Television, ha difundido en una emisi\u00f3n este domingo las filmaciones que captaron las c\u00e1maras de seguridad del museo aquella ma\u00f1ana. En el v\u00eddeo se ve a <a href=\"https:\/\/elpais.com\/cultura\/2025-11-25\/detenido-en-francia-el-presunto-cuarto-integrante-del-grupo-que-robo-en-el-louvre-el-pasado-octubre.html\" target=\"_self\" rel=\"nofollow noopener\" title=\"https:\/\/elpais.com\/cultura\/2025-11-25\/detenido-en-francia-el-presunto-cuarto-integrante-del-grupo-que-robo-en-el-louvre-el-pasado-octubre.html\">dos hombres encapuchados<\/a>, uno con un chaleco fluorescente y otro con un casco, acceder a la sala y dirigirse directamente a las vitrinas, ubicadas en el centro. Uno de ellos utiliza una radial primero y acaba de romper el cristal a pu\u00f1etazos. Despu\u00e9s, introduce el brazo para coger el bot\u00edn. Su c\u00f3mplice hace lo mismo en otra de las vitrinas. <\/p>\n<p class=\"\">La filmaci\u00f3n muestra a varios vigilantes, apartados a unos metros de distancia, observando impotentes la escena, sin saber c\u00f3mo reaccionar. Uno de ellos coge uno de los postes que se colocan para proteger las obras y amaga con enfrentarse a los ladrones, incluso se aproxima unos metros, pero finalmente desiste al ver la radial. El v\u00eddeo de la escena en el interior de la sala, captado desde varios \u00e1ngulos, dura cuatro minutos. En total, el asalto dur\u00f3 siete. <a href=\"https:\/\/elpais.com\/cultura\/2025-11-25\/detenido-en-francia-el-presunto-cuarto-integrante-del-grupo-que-robo-en-el-louvre-el-pasado-octubre.html\" target=\"_self\" rel=\"nofollow noopener\" title=\"https:\/\/elpais.com\/cultura\/2025-11-25\/detenido-en-francia-el-presunto-cuarto-integrante-del-grupo-que-robo-en-el-louvre-el-pasado-octubre.html\">Los ladrones salieron por donde hab\u00edan entrado<\/a> y descendieron por la escalera, donde les esperaban los otros dos c\u00f3mplices.<\/p>\n<p>M\u00e1s informaci\u00f3n<\/p>\n<p class=\"\">Se llevaron nueve piezas y solo se consigui\u00f3 recuperar la corona de la emperatriz Eugenia de Montijo, que perdieron en la huida. <a href=\"https:\/\/elpais.com\/cultura\/2025-10-20\/las-joyas-robadas-del-louvre-simbolos-del-apogeo-de-francia-y-dificiles-de-vender.html\" target=\"_self\" rel=\"nofollow noopener\" title=\"https:\/\/elpais.com\/cultura\/2025-10-20\/las-joyas-robadas-del-louvre-simbolos-del-apogeo-de-francia-y-dificiles-de-vender.html\">El bot\u00edn, valorado en 88 millones de euros<\/a> pero con un valor patrimonial incalculable, sigue sin aparecer. Los cuatro miembros del comando fueron detenidos una semana despu\u00e9s y est\u00e1n en prisi\u00f3n. <\/p>\n<p class=\"\">El asalto revel\u00f3 las graves grietas de seguridad, a pesar de que varios informes hab\u00edan advertido ya de las deficiencias en la materia. Uno del Tribunal de Cuentas hecho p\u00fablico en octubre advert\u00eda que la vigilancia era insuficiente y denunciaba tambi\u00e9n la degradaci\u00f3n de las instalaciones de la pinacoteca. Seg\u00fan el organismo, en los \u00faltimos a\u00f1os el Louvre ha privilegiado la adquisici\u00f3n de obras al mantenimiento o la modernizaci\u00f3n de sus salas. Se compraron 2.754 piezas en ocho a\u00f1os. <\/p>\n<blockquote class=\"twitter-tweet\">\n<p lang=\"fr\" dir=\"ltr\">\ud83d\udd34 DOCUMENT FRANCETV. Casse du Louvre : les images exclusives du vol des bijoux, capt\u00e9es par la vid\u00e9osurveillance de la galerie d&#8217;Apollon <a href=\"https:\/\/t.co\/yDnXjsFbR0\" rel=\"nofollow\">pic.twitter.com\/yDnXjsFbR0<\/a><\/p>\n<p>\u2014 franceinfo (@franceinfo) <a href=\"https:\/\/twitter.com\/franceinfo\/status\/2012941832624181516?ref_src=twsrc%5Etfw\" rel=\"nofollow noopener\" target=\"_blank\">January 18, 2026<\/a><\/p><\/blockquote>\n<p class=\"\">Otro informe encargado por el Ministerio de Cultura revel\u00f3 que el d\u00eda del robo los agentes de la sala de control de seguridad no dispon\u00edan de pantallas suficientes para seguir las im\u00e1genes en tiempo real. Adem\u00e1s, una auditor\u00eda realizada en 2019 ya se\u00f1alaba que el balc\u00f3n que da al r\u00edo Sena por el que los ladrones accedieron a la Galer\u00eda de Apolo era un punto vulnerable. <\/p>\n<p class=\"\">En los \u00faltimos meses el museo m\u00e1s visitado del mundo ha ido acumulando pol\u00e9micas. A las semanas del robo se tuvo que cerrar la Galer\u00eda Campana, la que alberga obras dedicadas a la cer\u00e1mica griega, por la fragilidad de las vigas y el riesgo de derrumbe. Despu\u00e9s, una fuga de agua da\u00f1\u00f3 400 obras de la biblioteca de antig\u00fcedades egipcias. <\/p>\n<p class=\"\">Todos estos problemas llevaron el pasado mes de diciembre<a href=\"https:\/\/elpais.com\/internacional\/2025-12-15\/el-louvre-arranca-este-lunes-una-huelga-con-las-puertas-cerradas-al-publico.html\" target=\"_self\" rel=\"nofollow noopener\" title=\"https:\/\/elpais.com\/internacional\/2025-12-15\/el-louvre-arranca-este-lunes-una-huelga-con-las-puertas-cerradas-al-publico.html\"> a los trabajadores del museo a convocar una huelga<\/a> para protestar por la degradaci\u00f3n de sus condiciones y la falta de efectivos. Este lunes el Museo del Louvre ha vuelto a cerrar completamente al p\u00fablico por tercera vez en un mes ante la falta de personal. <\/p>\n<p class=\"\">Unos 350 empleados votaron en una asamblea seguir con el paro ante la falta de avances en las negociaciones que mantienen con el Ministerio de Cultura, sobre todo en lo relativo a los salarios. La protesta comenz\u00f3 el pasado 15 de diciembre, cuando ya se tuvo que clausurar completamente la pinacoteca. Tras la pausa navide\u00f1a, el pasado 12 de enero volvi\u00f3 a cerrar al p\u00fablico. <\/p>\n<p>M\u00e1s informaci\u00f3n<\/p>\n<p class=\"\">El museo cuenta con 2.200 empleados. Desde diciembre los sindicatos CFGT, CGT y SUD negocian con el Ministerio de Cultura, que anunci\u00f3 un refuerzo de los efectivos, con 140 contrataciones y accedi\u00f3 tambi\u00e9n a cancelar el recorte de 5,7 millones en el presupuesto del Museo. El punto de bloqueo ahora est\u00e1 ahora en los salarios. <\/p>\n<p class=\"\">Los empleados, y tambi\u00e9n Cultura, cuestionan la gesti\u00f3n de <a href=\"https:\/\/elpais.com\/cultura\/2025-10-22\/la-presidenta-del-louvre-el-robo-es-una-herida-inmensa-hemos-fracasado.html\" target=\"_self\" rel=\"nofollow noopener\" title=\"https:\/\/elpais.com\/cultura\/2025-10-22\/la-presidenta-del-louvre-el-robo-es-una-herida-inmensa-hemos-fracasado.html\">la presidenta del Louvre, Laurence des Cars<\/a>, que tom\u00f3 las riendas del museo en 2021. Des Cars ha comparecido en varias ocasiones en la Asamblea y el Senado para dar explicaciones y ha detallado los planes de seguridad realizados en los \u00faltimos a\u00f1os, claramente insuficientes, en el Louvre es el museo m\u00e1s visitado del mundo, con casi nueve millones de visitantes en 2024. <\/p>\n<p><script async src=\"https:\/\/platform.twitter.com\/widgets.js\" charset=\"utf-8\"><\/script><\/p>\n","protected":false},"excerpt":{"rendered":"El pasado 19 de octubre el Museo del Louvre sufri\u00f3 uno de los asaltos m\u00e1s espectaculares de su&hellip;\n","protected":false},"author":2,"featured_media":350451,"comment_status":"","ping_status":"","sticky":false,"template":"","format":"standard","meta":{"footnotes":""},"categories":[173],"tags":[229,233,231,230,209,232,234,146,147,25,24,241,41530,3873,4759,11989,23],"class_list":["post-350450","post","type-post","status-publish","format-standard","has-post-thumbnail","category-arte-y-diseno","tag-arte","tag-arte-y-diseno","tag-arts","tag-arts-and-design","tag-cultura","tag-design","tag-diseno","tag-entertainment","tag-entretenimiento","tag-es","tag-espana","tag-exposiciones","tag-museo-del-louvre","tag-museos","tag-paris","tag-robos","tag-spain"],"share_on_mastodon":{"url":"https:\/\/pubeurope.com\/@es\/115925806114967642","error":""},"_links":{"self":[{"href":"https:\/\/www.europesays.com\/es\/wp-json\/wp\/v2\/posts\/350450","targetHints":{"allow":["GET"]}}],"collection":[{"href":"https:\/\/www.europesays.com\/es\/wp-json\/wp\/v2\/posts"}],"about":[{"href":"https:\/\/www.europesays.com\/es\/wp-json\/wp\/v2\/types\/post"}],"author":[{"embeddable":true,"href":"https:\/\/www.europesays.com\/es\/wp-json\/wp\/v2\/users\/2"}],"replies":[{"embeddable":true,"href":"https:\/\/www.europesays.com\/es\/wp-json\/wp\/v2\/comments?post=350450"}],"version-history":[{"count":0,"href":"https:\/\/www.europesays.com\/es\/wp-json\/wp\/v2\/posts\/350450\/revisions"}],"wp:featuredmedia":[{"embeddable":true,"href":"https:\/\/www.europesays.com\/es\/wp-json\/wp\/v2\/media\/350451"}],"wp:attachment":[{"href":"https:\/\/www.europesays.com\/es\/wp-json\/wp\/v2\/media?parent=350450"}],"wp:term":[{"taxonomy":"category","embeddable":true,"href":"https:\/\/www.europesays.com\/es\/wp-json\/wp\/v2\/categories?post=350450"},{"taxonomy":"post_tag","embeddable":true,"href":"https:\/\/www.europesays.com\/es\/wp-json\/wp\/v2\/tags?post=350450"}],"curies":[{"name":"wp","href":"https:\/\/api.w.org\/{rel}","templated":true}]}}