{"id":35056,"date":"2025-08-09T01:43:11","date_gmt":"2025-08-09T01:43:11","guid":{"rendered":"https:\/\/www.europesays.com\/es\/35056\/"},"modified":"2025-08-09T01:43:11","modified_gmt":"2025-08-09T01:43:11","slug":"historico-triunfo-del-guipuzcoano-ander-garaiar-en-los-100-metros","status":"publish","type":"post","link":"https:\/\/www.europesays.com\/es\/35056\/","title":{"rendered":"Hist\u00f3rico triunfo del guipuzcoano Ander Garaiar en los 100 metros"},"content":{"rendered":"<p>Es un misil imparable. Ander Garaiar ha pasado en unos pocos meses de ser un atleta pr\u00e1cticamente desconocido a proclamarse campe\u00f3n de Europa sub20 de  &#8230; 100 metros, una distancia en la que ning\u00fan velocista espa\u00f1ol hab\u00eda conseguido antes tal haza\u00f1a. Y c\u00f3mo lo hizo&#8230; El oiartzuarra, que llegaba con la sexta mejor marca de la temporada (10.28) a Tampere (Finlandia), conquist\u00f3 un oro para la historia con 10.40 en una final en la que el viento sopl\u00f3 en contra (-0,7 m\/s) y en la que seg\u00fan avanzaban los metros fue ganando ventaja con respecto al neerland\u00e9s Revierre y el brit\u00e1nico Wilson, que compartieron la plata con 10.47. <\/p>\n<p class=\"v-p\">Ese atleta que hasta hace no mucho entrenaba en su colegio (Haurtzaro) y que hac\u00eda series en el bidegorri de Arditurri (Julen P\u00e9rez era su t\u00e9cnico), pas\u00f3 a manos de Valent\u00edn Rocandio en Anoeta para crecer como espr\u00ednter. Y vaya si lo ha hecho. Ya es campe\u00f3n europeo. Hasta ahora, solamente un guipuzcoano, Ram\u00f3n Cid, plata en Duisburgo 1973, hab\u00eda conseguido subir a un podio en una cita de estas caracter\u00edsticas. <\/p>\n<p class=\"v-p\">Garaiar, de 18 a\u00f1os, se ha decantado en este Europeo por correr el 100 porque en el 200, distancia en la que corri\u00f3 en 20.74 en mayo y que parece que incluso le viene mejor, sufre con su pie en la curva del doble hect\u00f3metro. El tramo final de la campa\u00f1a, \u00e9l y Rocandio han apostado por el 100. Y la jugada ha salido de diez para el oiartzuarra, que ya es el plusmarquista vasco absoluto con 10.28. <\/p>\n<p>Iriondo, 11\u00ba en el 5.000<\/p>\n<ul class=\"v-u\">\n<li class=\"v-u__l\">\n<p class=\"v-p\">\nFinal de los 100 metros masculinos\n<\/p>\n<\/li>\n<li class=\"v-u__l\">\n<p class=\"v-p\">\n1<br \/>\nAnder Garaiar 10.40\n<\/p>\n<\/li>\n<li class=\"v-u__l\">\n<p class=\"v-p\">\n2<br \/>\nJ. Revierre (Pa\u00edses Bajos) 10.47\n<\/p>\n<\/li>\n<li class=\"v-u__l\">\n<p class=\"v-p\">\n2<br \/>\nT. Wilson (Gran Breta\u00f1a) 10.47\n<\/p>\n<\/li>\n<li class=\"v-u__l\">\n<p class=\"v-p\">\n4<br \/>\nY. Bizasene (Francia) 10.50\n<\/p>\n<\/li>\n<li class=\"v-u__l\">\n<p class=\"v-p\">\n5<br \/>\nL. Chanteur (Francia) 10.50\n<\/p>\n<\/li>\n<li class=\"v-u__l\">\n<p class=\"v-p\">\n6<br \/>\nA. Begum (Suiza) 10.58\n<\/p>\n<\/li>\n<li class=\"v-u__l\">\n<p class=\"v-p\">\n7<br \/>\nD. Williams (Gran Breta\u00f1a) 10.62\n<\/p>\n<\/li>\n<li class=\"v-u__l\">\n<p class=\"v-p\">\n8<br \/>\nD. Orlando (Italia) 10.71\n<\/p>\n<\/li>\n<li class=\"v-u__l\">\n<p class=\"v-p\">\nGuipuzcoanos que compiten este s\u00e1bado\n<\/p>\n<\/li>\n<li class=\"v-u__l\">\n<p class=\"v-p\">\nAsier A\u00f1orga Final p\u00e9rtiga, 18<br \/>\n10 horas\n<\/p>\n<\/li>\n<li class=\"v-u__l\">\n<p class=\"v-p\">\nAnder Garaiar Semis 4&#215;100, 19<br \/>\n40\n<\/p>\n<\/li>\n<li class=\"v-u__l\">\n<p class=\"v-p\">\nAnder Aramendi Final 3<br \/>\n000, 20.05\n<\/p>\n<\/li>\n<\/ul>\n<p class=\"v-p\">No fue Garaiar el \u00fanico atleta guipuzcoano que este viernes disput\u00f3 una final en el Europeo sub20 de Tampere. Tambi\u00e9n corri\u00f3 Mart\u00edn Iriondo, en este caso en la final directa de los 5.000 metros. El joven oriotarra, que durante el curso acad\u00e9mico ha estado en Estados Unidos, acab\u00f3 11\u00ba (14:24.70) en una carrera definida en los instantes finales en la que el extreme\u00f1o \u00d3scar Gait\u00e1n roz\u00f3 el metal (fue cuarto con 14:15.59). Gan\u00f3 el belga Willem Renders (14:14.59). En las semis del 400 vallas, Alaine Aguerralde no tuvo opciones de clasificarse.<\/p>\n<p class=\"v-p\">Este s\u00e1bado ser\u00e1 el turno para otros dos guipuzcoanos en finales. El primero en hacer acto de presencia (18.10 horas, Teledeporte) ser\u00e1 el donostiarra Asier A\u00f1orga, que llega como l\u00edder europeo de la temporada en la p\u00e9rtiga gracias a los 5,41 metros (r\u00e9cord de Gipuzkoa absoluto) que salt\u00f3 bajo techo. Y a las 20.05 correr\u00e1 la final de los 3.000 metros el sanjuandarra Ander Aramendi, que sufri\u00f3 de lo lindo para clasificarse pero que logr\u00f3 el objetivo. <\/p>\n<p class=\"v-p\">Tambi\u00e9n se espera que vuelva a correr, en este caso las semifinales del relevo 4&#215;100, Garaiar. <\/p>\n","protected":false},"excerpt":{"rendered":"Es un misil imparable. Ander Garaiar ha pasado en unos pocos meses de ser un atleta pr\u00e1cticamente desconocido&hellip;\n","protected":false},"author":2,"featured_media":35057,"comment_status":"","ping_status":"","sticky":false,"template":"","format":"standard","meta":{"footnotes":""},"categories":[93],"tags":[14905,168,10252,25,24,700,17836,17835,23,167],"class_list":{"0":"post-35056","1":"post","2":"type-post","3":"status-publish","4":"format-standard","5":"has-post-thumbnail","7":"category-deportes","8":"tag-ander","9":"tag-deportes","10":"tag-deslumbra","11":"tag-es","12":"tag-espana","13":"tag-europa","14":"tag-garaiar","15":"tag-misil","16":"tag-spain","17":"tag-sports"},"share_on_mastodon":{"url":"","error":""},"_links":{"self":[{"href":"https:\/\/www.europesays.com\/es\/wp-json\/wp\/v2\/posts\/35056","targetHints":{"allow":["GET"]}}],"collection":[{"href":"https:\/\/www.europesays.com\/es\/wp-json\/wp\/v2\/posts"}],"about":[{"href":"https:\/\/www.europesays.com\/es\/wp-json\/wp\/v2\/types\/post"}],"author":[{"embeddable":true,"href":"https:\/\/www.europesays.com\/es\/wp-json\/wp\/v2\/users\/2"}],"replies":[{"embeddable":true,"href":"https:\/\/www.europesays.com\/es\/wp-json\/wp\/v2\/comments?post=35056"}],"version-history":[{"count":0,"href":"https:\/\/www.europesays.com\/es\/wp-json\/wp\/v2\/posts\/35056\/revisions"}],"wp:featuredmedia":[{"embeddable":true,"href":"https:\/\/www.europesays.com\/es\/wp-json\/wp\/v2\/media\/35057"}],"wp:attachment":[{"href":"https:\/\/www.europesays.com\/es\/wp-json\/wp\/v2\/media?parent=35056"}],"wp:term":[{"taxonomy":"category","embeddable":true,"href":"https:\/\/www.europesays.com\/es\/wp-json\/wp\/v2\/categories?post=35056"},{"taxonomy":"post_tag","embeddable":true,"href":"https:\/\/www.europesays.com\/es\/wp-json\/wp\/v2\/tags?post=35056"}],"curies":[{"name":"wp","href":"https:\/\/api.w.org\/{rel}","templated":true}]}}