{"id":35062,"date":"2025-08-09T01:47:11","date_gmt":"2025-08-09T01:47:11","guid":{"rendered":"https:\/\/www.europesays.com\/es\/35062\/"},"modified":"2025-08-09T01:47:11","modified_gmt":"2025-08-09T01:47:11","slug":"bbva-es-el-lider-del-ibex-en-la-semana-al-subir-un-11-y-al-barajar-la-retirada-de-la-oferta-del-sabadell","status":"publish","type":"post","link":"https:\/\/www.europesays.com\/es\/35062\/","title":{"rendered":"BBVA es el l\u00edder del Ibex en la semana al subir un 11% y al barajar la retirada de la oferta del Sabadell"},"content":{"rendered":"<p>BBVA puso sobre la mesa la posibilidad de <a href=\"https:\/\/www.eleconomista.es\/banca-finanzas\/noticias\/13497029\/08\/25\/bbva-reconoce-a-los-inversores-la-posibilidad-de-retirar-la-opa-por-la-venta-del-tsb-y-que-revisara-las-sinergias.html\" title=\"BBVA reconoce a los inversores la posibilidad de retirar la opa por la venta del TSB y que revisar\u00e1 las sinergias\" rel=\"nofollow noopener\" target=\"_blank\">retirar su oferta p\u00fablica de adquisici\u00f3n (opa)<\/a> sobre el <a href=\"https:\/\/www.eleconomista.es\/empresa\/BANCO-SABADELL-OR16\" title=\"BANCO SABADELL OR16\" target=\"_blank\" rel=\"nofollow noopener\">Banco Sabadell<\/a> y eso cambi\u00f3 las tornas del precio de ambas acciones en bolsa esta semana. Desde el pasado lunes BBVA se apunta una subida del 11,1% que lleva a la entidad a cotizar en los 15,94 euros por acci\u00f3n. Este viernes fue el valor m\u00e1s alcista del Ibex 35 al avanzar un 3,2%. Con este precio, la entidad registr\u00f3 un nuevo m\u00e1ximo desde febrero 2008 y deja la <b>ecuaci\u00f3n de canje en una situaci\u00f3n m\u00e1s ben\u00e9vola para el accionista del Banco Sabadell<\/b>. Sin embargo, a\u00fan implicar\u00eda aceptar unas p\u00e9rdidas del 5,9% en caso de acudir a la oferta por la subida que tambi\u00e9n acumula el banco opado en las \u00faltimas cinco sesiones y, principalmente, en los \u00faltimos meses.<\/p>\n<p>El <a href=\"https:\/\/www.eleconomista.es\/empresa\/BBVA\" title=\"BANCO DE BILBAO VIZCAYA\" target=\"_blank\" rel=\"nofollow noopener\">BBVA<\/a> se dispara en bolsa casi el doble que el Sabadell desde el pasado lunes (un 6,2%). De hecho, en las \u00faltimas semanas el valor de mercado de la entidad de origen vasco avanz\u00f3 a marchas forzadas hasta situar la <b>capitalizaci\u00f3n burs\u00e1til de este banco en los 92.000 millones de euros<\/b>. Y esto se explica, en parte, porque se comunic\u00f3 al mercado la posibilidad de una retirada de la opa tras la venta de TSB por parte del Sabadell. Con esta operaci\u00f3n, el banco de origen catal\u00e1n tent\u00f3 a sus accionistas y a otros inversores con <a href=\"https:\/\/www.eleconomista.es\/banca-finanzas\/noticias\/13494721\/08\/25\/el-sabadell-logra-una-apoyo-masivo-a-la-venta-del-tsb-votan-si-todos-los-accionistas-presentes-y-representados-en-la-junta.html\" title=\"El Sabadell logra un apoyo casi un\u00e1nime de sus accionistas a la venta del TSB y al macrodividendo\" rel=\"nofollow noopener\" target=\"_blank\">repartir un dividendo hist\u00f3rico<\/a> con el que desalentar a la aceptaci\u00f3n de la oferta del BBVA. \u00c9sta es la \u00faltima estrategia de defensa ante la opa del Sabadell, pero no la \u00fanica enfocada en la retribuci\u00f3n al accionista que tambi\u00e9n recoge las recompras de acciones (v\u00e9ase an\u00e1lisis al pie de esta informaci\u00f3n).<\/p>\n<p>Desde XTB han sido los \u00faltimos en sugerir que el BBVA tendr\u00eda que subir la oferta para cubrir esa prima negativa \u00abya que<b> la fusi\u00f3n ya no la justifica<\/b>\u00ab, seg\u00fan se\u00f1alaron en una nota este viernes. Desde el br\u00f3ker en l\u00ednea van m\u00e1s all\u00e1 y calculan que la aceptaci\u00f3n de la opa implicar\u00eda que los antiguos accionistas del Sabadell deber\u00edan esperar tres a\u00f1os antes de ver los frutos de esta operaci\u00f3n. Con el canje propuesto de <a href=\"https:\/\/www.eleconomista.es\/banca-finanzas\/noticias\/13473658\/07\/25\/bbva-retrasa-a-septiembre-la-apertura-del-canje-de-la-opa-al-sabadell.html\" title=\"BBVA retrasa a septiembre la apertura del canje de la opa al Sabadell\" rel=\"nofollow noopener\" target=\"_blank\">5,3456 acciones del Sabadell por una del BBVA<\/a>, y dividendos ya cobrados, esta prima negativa (o p\u00e9rdidas que implicar\u00eda aceptar la opa) estar\u00edan en su nivel m\u00e1s bajo desde primeros de julio. Por el contrario, el 28 del mes pasado se pudo ver el peor canje del a\u00f1o sobre el 14%.<\/p>\n<p>La historia viene de lejos. Todos los bancos del Ibex 35 avanzan en bolsa desde que se anunci\u00f3 la opa en abril del a\u00f1o pasado. Los<b> buenos resultados y la publicaci\u00f3n de beneficios hist\u00f3ricos <\/b>fundamentan buena parte de estas subidas. Sin embargo, existe una diferencia de la evoluci\u00f3n del precio entre el BBVA y el Banco Sabadell que est\u00e1 relacionada con la oferta de la primera entidad.<\/p>\n<p>Si el Banco Sabadell avanza alrededor de un 95% desde abril del 2024, el <b>banco que lanz\u00f3 la oferta se queda casi en la mitad<\/b>, en el 45%. Es, de hecho, el banco que menos sube en este periodo entre sus pares de la bolsa espa\u00f1ola, y se sit\u00faa a 20 puntos porcentuales del que est\u00e1 inmediatamente por encima, el <a href=\"https:\/\/www.eleconomista.es\/empresa\/BANCO-SANTANDER\" title=\"BANCO SANTANDER\" target=\"_blank\" rel=\"nofollow noopener\">Banco Santander<\/a>, que se dispara un 65%.<\/p>\n<p>La fotograf\u00eda desde que comenz\u00f3 el 2025 describe otro patr\u00f3n. En el a\u00f1o en el que el Gobierno tambi\u00e9n se pronunci\u00f3 sobre la operaci\u00f3n entra ambas entidades, Banco Sabadell saca una ligera ventaja a la entidad vasca. Sin embargo, se mueven casi a la par sobre el parque. Si desde el 1 de enero el <b>Banco Sabadell sube un 76%, el BBVA <\/b>avanza solo siete puntos porcentuales por debajo.<\/p>\n<p>WhatsApp<a href=\"https:\/\/api.whatsapp.com\/send?text=https:\/\/www.eleconomista.es\/mercados-cotizaciones\/noticias\/13497874\/08\/25\/bbva-es-el-lider-del-ibex-en-la-semana-al-subir-un-11-y-al-barajar-la-retirada-de-la-oferta-del-sabadell.html?utm_source%3Dwhatsapp%26utm_medium%3Dshare_button&amp;id=1648118629957_whatsapp\" target=\"_blank\" data-action=\"share\/whatsapp\/share\" aria-label=\"Compartir en Whatsapp\" rel=\"nofollow noopener\"><\/a>Facebook<a id=\"fb-share\" href=\"#\" target=\"_blank\" rel=\"noopener noreferrer\" aria-label=\"Compartir en Facebook\"><\/a>Twitter<a href=\"https:\/\/twitter.com\/share?text=BBVA+es+el+l%C3%ADder+del+Ibex+en+la+semana+al+subir+un+11%25+y+al+barajar+la+retirada+de+la+oferta+del+Sabadell&amp;url=https:\/\/www.eleconomista.es\/mercados-cotizaciones\/noticias\/13497874\/08\/25\/bbva-es-el-lider-del-ibex-en-la-semana-al-subir-un-11-y-al-barajar-la-retirada-de-la-oferta-del-sabadell.html&amp;via=elEconomistaes&amp;id=1648118839245_twitter\" target=\"_blank\" aria-label=\"Compartir en Twitter\" rel=\"nofollow noopener\"><\/a>Linkedin<a href=\"https:\/\/linkedin.com\/share?text=https:\/\/www.eleconomista.es\/mercados-cotizaciones\/noticias\/13497874\/08\/25\/bbva-es-el-lider-del-ibex-en-la-semana-al-subir-un-11-y-al-barajar-la-retirada-de-la-oferta-del-sabadell.html&amp;via=elEconomistaes\" target=\"_blank\" aria-label=\"Compartir en linkedin\" rel=\"nofollow noopener\"><\/a>Beloud<a href=\"https:\/\/beloud.com\/share?text=BBVA+es+el+l%C3%ADder+del+Ibex+en+la+semana+al+subir+un+11%25+y+al+barajar+la+retirada+de+la+oferta+del+Sabadell&amp;url=https:\/\/www.eleconomista.es\/mercados-cotizaciones\/noticias\/13497874\/08\/25\/bbva-es-el-lider-del-ibex-en-la-semana-al-subir-un-11-y-al-barajar-la-retirada-de-la-oferta-del-sabadell.html&amp;via=elEconomistaes&amp;id=1648118839245_beloud\" target=\"_blank\" aria-label=\"Compartir en beloud\" rel=\"nofollow noopener\"><\/a>Bluesky<a href=\"https:\/\/bsky.app\/intent\/compose?text=https:\/\/bsky.app\/intent\/compose?text=https:\/\/www.eleconomista.es\/mercados-cotizaciones\/noticias\/13497874\/08\/25\/bbva-es-el-lider-del-ibex-en-la-semana-al-subir-un-11-y-al-barajar-la-retirada-de-la-oferta-del-sabadell.html&amp;url=https:\/\/www.eleconomista.es\/mercados-cotizaciones\/noticias\/13497874\/08\/25\/bbva-es-el-lider-del-ibex-en-la-semana-al-subir-un-11-y-al-barajar-la-retirada-de-la-oferta-del-sabadell.html&amp;via=elEconomistaes&amp;id=1648118839245_bluesky\" target=\"_blank\" aria-label=\"Compartir en bluesky\" rel=\"nofollow noopener\"><\/a><\/p>\n<p><script async src=\"https:\/\/platform.twitter.com\/widgets.js\" charset=\"utf-8\"><\/script><\/p>\n","protected":false},"excerpt":{"rendered":"BBVA puso sobre la mesa la posibilidad de retirar su oferta p\u00fablica de adquisici\u00f3n (opa) sobre el Banco&hellip;\n","protected":false},"author":2,"featured_media":35063,"comment_status":"","ping_status":"","sticky":false,"template":"","format":"standard","meta":{"footnotes":""},"categories":[80],"tags":[2300,82,95,94,25,24,2301,23],"class_list":{"0":"post-35062","1":"post","2":"type-post","3":"status-publish","4":"format-standard","5":"has-post-thumbnail","7":"category-economia","8":"tag-bolsa","9":"tag-business","10":"tag-economia","11":"tag-economy","12":"tag-es","13":"tag-espana","14":"tag-mercados-y-cotizaciones","15":"tag-spain"},"share_on_mastodon":{"url":"","error":""},"_links":{"self":[{"href":"https:\/\/www.europesays.com\/es\/wp-json\/wp\/v2\/posts\/35062","targetHints":{"allow":["GET"]}}],"collection":[{"href":"https:\/\/www.europesays.com\/es\/wp-json\/wp\/v2\/posts"}],"about":[{"href":"https:\/\/www.europesays.com\/es\/wp-json\/wp\/v2\/types\/post"}],"author":[{"embeddable":true,"href":"https:\/\/www.europesays.com\/es\/wp-json\/wp\/v2\/users\/2"}],"replies":[{"embeddable":true,"href":"https:\/\/www.europesays.com\/es\/wp-json\/wp\/v2\/comments?post=35062"}],"version-history":[{"count":0,"href":"https:\/\/www.europesays.com\/es\/wp-json\/wp\/v2\/posts\/35062\/revisions"}],"wp:featuredmedia":[{"embeddable":true,"href":"https:\/\/www.europesays.com\/es\/wp-json\/wp\/v2\/media\/35063"}],"wp:attachment":[{"href":"https:\/\/www.europesays.com\/es\/wp-json\/wp\/v2\/media?parent=35062"}],"wp:term":[{"taxonomy":"category","embeddable":true,"href":"https:\/\/www.europesays.com\/es\/wp-json\/wp\/v2\/categories?post=35062"},{"taxonomy":"post_tag","embeddable":true,"href":"https:\/\/www.europesays.com\/es\/wp-json\/wp\/v2\/tags?post=35062"}],"curies":[{"name":"wp","href":"https:\/\/api.w.org\/{rel}","templated":true}]}}