{"id":350631,"date":"2026-01-20T07:58:13","date_gmt":"2026-01-20T07:58:13","guid":{"rendered":"https:\/\/www.europesays.com\/es\/350631\/"},"modified":"2026-01-20T07:58:13","modified_gmt":"2026-01-20T07:58:13","slug":"el-real-madrid-considera-que-debe-haber-un-acercamiento-de-vinicius-a-la-grada-del-bernabeu-para-recuperar-su-relacion-futbol","status":"publish","type":"post","link":"https:\/\/www.europesays.com\/es\/350631\/","title":{"rendered":"El Real Madrid considera que debe haber un acercamiento de Vinicius a la grada del Bernab\u00e9u para recuperar su relaci\u00f3n | F\u00fatbol"},"content":{"rendered":"<p>El Real Madrid vivi\u00f3 <a href=\"https:\/\/cadenaser.com\/audio\/1768693704725\/\" target=\"_blank\" rel=\"noreferrer nofollow noopener\" title=\"https:\/\/cadenaser.com\/audio\/1768693704725\/\">un acontecimiento realmente hist\u00f3rico este s\u00e1bado en el Santiago Bernab\u00e9u<\/a>. En la previa del partido frente al Levante de este s\u00e1bado, el p\u00fablico del estadio blanco recibi\u00f3 al equipo con una sonora pitada. Vinicius, Bellingham, Camavinga y Valverde fueron los se\u00f1alados por una afici\u00f3n que tambi\u00e9n se\u00f1al\u00f3 al palco despu\u00e9s de la destituci\u00f3n de Xabi Alonso y de caer eliminados en los octavos de final de la Copa del Rey ante el Albacete. <\/p>\n<p>El ambiente que se gener\u00f3 en contra de Vinicius en el Santiago Bernab\u00e9u con las pitadas de este s\u00e1bado ha llevado al Real Madrid a tratar de buscar alguna soluci\u00f3n para acabar con el abismo que hay entre jugador y grada. Seg\u00fan ha explicado Ant\u00f3n Meana en SER Deportivos, desde el club blanco no encuentran a\u00fan la f\u00f3rmula.<a href=\"https:\/\/cadenaser.com\/nacional\/2026\/01\/17\/la-imagen-de-vinicius-tras-su-pitada-llorando-desconsoladamente-en-el-tunel-de-vestuarios-cadena-ser\/\" target=\"_blank\" rel=\"noreferrer nofollow noopener\" title=\"https:\/\/cadenaser.com\/nacional\/2026\/01\/17\/la-imagen-de-vinicius-tras-su-pitada-llorando-desconsoladamente-en-el-tunel-de-vestuarios-cadena-ser\/\"> Creen en el Real Madrid que se fue injusto con Vinicius<\/a> porque se repiti\u00f3 todo el partido, pero creen que debe haber un acercamiento del jugador a la grada. Queda ver c\u00f3mo se termina dando: si en el campo, rueda de prensa, acerc\u00e1ndose a la renovaci\u00f3n&#8230; El objetivo del club es que pueda volver esa conexi\u00f3n entre el p\u00fablico de Chamart\u00edn y Vinicius. Es un momento delicado que el club considera injusto despu\u00e9s de que le pitaran todo el partido ante el Levante. <\/p>\n<p>M\u00e1s informaci\u00f3n<\/p>\n<p>Precisamente, en la rueda de prensa previa al Real Madrid-M\u00f3naco de Champions, Kylian Mbapp\u00e9 se ha pronunciado respecto a la pitada del Bernab\u00e9u. \u00abLos entiendo\u00bb, confes\u00f3 el franc\u00e9s, pero tambi\u00e9n recrimin\u00f3 que no deben focalizarse en un \u00fanico jugador: \u00abLo que no me gust\u00f3 fue que si pitan debe ser a toda la plantilla. No se debe se\u00f1alar a un jugador\u00bb.<\/p>\n<p>Y dice que entiende los silbidos del p\u00fablico porque \u00e9l tambi\u00e9n ha estado en esa posici\u00f3n. \u00abAntes de ser futbolista era un joven y cuando no estaba contento hablaba mal de los jugadores y, si estaba en el campo, pitaba. Lo entiendo porque no hacemos las cosas bien\u00bb, record\u00f3.<\/p>\n<p>En relaci\u00f3n con Vinicius, asegur\u00f3 que \u00abno es culpa suya\u00bb, por lo que, de haber pitos, deben focalizarse en toda la plantilla: \u00abEs lo \u00fanico que debo decir a la afici\u00f3n. Que pite a toda la plantilla. Tenemos que acatarlo, es nuestro trabajo. Lo sabemos. Pero no hay que coger a unos, para decir que es su culpa. Es de todos. En el Madrid hay momentos as\u00ed y hay que cambiarlo\u00bb, continu\u00f3.<\/p>\n<p>Mbapp\u00e9 protegi\u00f3 a su compa\u00f1ero en rueda de prensa, de quien dijo que es un grand\u00edsimo jugador, \u00abun tipo incre\u00edble\u00bb, pero que tambi\u00e9n un ser humano: \u00abTenemos que protegerle mejor. Para que no est\u00e9 solo contra la gente. No est\u00e1 solo en el Madrid. Todos estamos con \u00e9l. Si est\u00e1 a su mejor nivel, es uno de los mejores del mundo\u00bb. <\/p>\n","protected":false},"excerpt":{"rendered":"El Real Madrid vivi\u00f3 un acontecimiento realmente hist\u00f3rico este s\u00e1bado en el Santiago Bernab\u00e9u. En la previa del&hellip;\n","protected":false},"author":2,"featured_media":350632,"comment_status":"","ping_status":"","sticky":false,"template":"","format":"standard","meta":{"footnotes":""},"categories":[93],"tags":[168,20312,25,24,23,167],"class_list":["post-350631","post","type-post","status-publish","format-standard","has-post-thumbnail","category-deportes","tag-deportes","tag-disappointed","tag-es","tag-espana","tag-spain","tag-sports"],"share_on_mastodon":{"url":"https:\/\/pubeurope.com\/@es\/115926368560811833","error":""},"_links":{"self":[{"href":"https:\/\/www.europesays.com\/es\/wp-json\/wp\/v2\/posts\/350631","targetHints":{"allow":["GET"]}}],"collection":[{"href":"https:\/\/www.europesays.com\/es\/wp-json\/wp\/v2\/posts"}],"about":[{"href":"https:\/\/www.europesays.com\/es\/wp-json\/wp\/v2\/types\/post"}],"author":[{"embeddable":true,"href":"https:\/\/www.europesays.com\/es\/wp-json\/wp\/v2\/users\/2"}],"replies":[{"embeddable":true,"href":"https:\/\/www.europesays.com\/es\/wp-json\/wp\/v2\/comments?post=350631"}],"version-history":[{"count":0,"href":"https:\/\/www.europesays.com\/es\/wp-json\/wp\/v2\/posts\/350631\/revisions"}],"wp:featuredmedia":[{"embeddable":true,"href":"https:\/\/www.europesays.com\/es\/wp-json\/wp\/v2\/media\/350632"}],"wp:attachment":[{"href":"https:\/\/www.europesays.com\/es\/wp-json\/wp\/v2\/media?parent=350631"}],"wp:term":[{"taxonomy":"category","embeddable":true,"href":"https:\/\/www.europesays.com\/es\/wp-json\/wp\/v2\/categories?post=350631"},{"taxonomy":"post_tag","embeddable":true,"href":"https:\/\/www.europesays.com\/es\/wp-json\/wp\/v2\/tags?post=350631"}],"curies":[{"name":"wp","href":"https:\/\/api.w.org\/{rel}","templated":true}]}}