{"id":35066,"date":"2025-08-09T01:49:08","date_gmt":"2025-08-09T01:49:08","guid":{"rendered":"https:\/\/www.europesays.com\/es\/35066\/"},"modified":"2025-08-09T01:49:08","modified_gmt":"2025-08-09T01:49:08","slug":"extinguido-el-incendio-declarado-en-la-mezquita-de-cordoba","status":"publish","type":"post","link":"https:\/\/www.europesays.com\/es\/35066\/","title":{"rendered":"Extinguido\u00a0el incendio declarado en la Mezquita de C\u00f3rdoba"},"content":{"rendered":"<p>\t\t\t \t\t \t\t\t\t\t\t\tVista de la zona de la mezquita en la que se ha declarado el incendio. <strong class=\"pd-l\">Salas | EFE  <\/strong><\/p>\n<p>\t\t\t\t\t\tEl fuego, el tercero que sufre el monumento en sus m\u00e1s de mil a\u00f1os de historia, se ha originado en la capilla ubicada en las naves de Almanzor<br \/>\n\t\t\t\t\t\t\t\t\t\t\t\t<strong>08 ago 2025<\/strong> . Actualizado a las 22:45 h.\t\t\t\t\t\t<\/p>\n<p class=\"first-paragraph txt\">El incendio declarado este viernes en el interior de la <strong>Mezquita de C\u00f3rdoba<\/strong>, Patrimonio de la Humanidad, ha sido extinguido, seg\u00fan ha dicho a los periodistas el portavoz del Cabildo Catedral, <strong>Juan Jos\u00e9 Jim\u00e9nez<\/strong>.<strong>\u00a0<\/strong>El fuego se habr\u00eda originado sobre las 21:15 horas en<strong> una capilla ubicada en las naves de Almanzor<\/strong> y que se estaba utilizando como almac\u00e9n de la maquinaria que se usa habitualmente en el templo, aunque se desconocen las causas que han originado las llamas.<\/p>\n<p class=\"txt\">R\u00e1pidamente el fuego se ha extendido desde el interior hasta las cubiertas del templo y<strong> tres dotaciones de bomberos<\/strong> se desplazaron de inmediato hasta el monumento para <strong>tratar de contener las llamas.<\/strong> Las fuentes han explicado que sobre las 22.00 horas el fuego ha quedado \u00abacotado\u00bb y est\u00e1 en fase de \u00abextinci\u00f3n\u00bb<\/p>\n<blockquote class=\"twitter-tweet\">\n<p lang=\"es\" dir=\"ltr\">INCENDIO EN LA MEZQUITA DE C\u00c3\u0093RDOBA \u00e2\u0080\u00bc\u00ef\u00b8\u008f <a href=\"https:\/\/t.co\/Tnh0q4gM1z\" rel=\"nofollow\">pic.twitter.com\/Tnh0q4gM1z<\/a><\/p>\n<p>\u2014 RAFALCOR \u00db\u009e (@RafalcorS) <a href=\"https:\/\/twitter.com\/RafalcorS\/status\/1953908043952877732?ref_src=twsrc%5Etfw\" rel=\"nofollow noopener\" target=\"_blank\">August 8, 2025<\/a><\/p><\/blockquote>\n<p class=\"ladillo\">Tercer incendio en su milenaria historia<\/p>\n<p class=\"txt\">Este incendio es el tercero que sufre la mezquita en su milenaria historia, en la que solo ha registrado dos anteriores de los que se tengan constancia:<strong> el primero en 1910<\/strong>, hace 115 a\u00f1os, y<strong> el segundo en 2001.<\/strong> El 29 de mayo de 1910, la M\u00e9zquita de C\u00f3rdoba\u00a0sufri\u00f3 el primero de ellos, que fue causado por una descarga el\u00e9ctrica sobre el cimborrio del crucero del templo.<\/p>\n<p class=\"txt\">El segundo tuvo lugar 5 de julio del 2001. Un fuego en las dependencias del archivo destruy\u00f3 aproximadamente 25 legajos de los <strong>m\u00e1s de 5.000 almacenados.<\/strong> Las causas se relacionaron con la <strong>explosi\u00f3n de dos aerosole<\/strong>s, posiblemente activados por el efecto lupa del sol en una sala sin refrigeraci\u00f3n y con temperaturas muy altas<\/p>\n<p class=\"txt\">La Mezquita-Catedral de\u00a0C\u00f3rdoba\u00a0es<strong> uno de los monumentos m\u00e1s emblem\u00e1ticos de Espa\u00f1a<\/strong> y un referente mundial del arte isl\u00e1mico. Construida en el siglo VIII como mezquita omeya, fue transformada en catedral cristiana en el siglo XIII tras la Reconquista. Declarada<strong> Patrimonio de la Humanidad por la Unesco en 1984<\/strong>, es un s\u00edmbolo del legado andalus\u00ed y uno de los destinos tur\u00edsticos m\u00e1s visitados de Andaluc\u00eda. Su valor cultural, art\u00edstico y religioso la convierte en una pieza clave del patrimonio universal.\u00a0<\/p>\n<p>&#13;<br \/>\n\tArchivado en:&#13;<br \/>\n\t\t\t\t\t<a href=\"https:\/\/www.lavozdegalicia.es\/temas\/andalucia\/\" target=\"_blank\" class=\"mg-l\" rel=\"nofollow noopener\">Andaluc\u00eda<\/a>&#13;<br \/>\n\t\t\t\t\t<a href=\"https:\/\/www.lavozdegalicia.es\/temas\/incendios\/\" target=\"_blank\" class=\"mg-l\" rel=\"nofollow noopener\">Incendios<\/a>&#13;<br \/>\n\t\t\t\t\t<a href=\"https:\/\/www.lavozdegalicia.es\/temas\/patrimonio-de-la-humanidad\/\" target=\"_blank\" class=\"mg-l\" rel=\"nofollow noopener\">Patrimonio de la Humanidad<\/a>&#13;<br \/>\n\t&#13;<\/p>\n<p>\t\t\t\t<script async src=\"https:\/\/platform.twitter.com\/widgets.js\" charset=\"utf-8\"><\/script><\/p>\n","protected":false},"excerpt":{"rendered":"Vista de la zona de la mezquita en la que se ha declarado el incendio. Salas | EFE&hellip;\n","protected":false},"author":2,"featured_media":35067,"comment_status":"","ping_status":"","sticky":false,"template":"","format":"standard","meta":{"footnotes":""},"categories":[8],"tags":[259,17,18,25,24,13,14,11,4342,19,20,9,10,15,16,17849,23,12,21,22],"class_list":{"0":"post-35066","1":"post","2":"type-post","3":"status-publish","4":"format-standard","5":"has-post-thumbnail","7":"category-espana","8":"tag-andalucia","9":"tag-breaking-news","10":"tag-breakingnews","11":"tag-es","12":"tag-espana","13":"tag-featured-news","14":"tag-featurednews","15":"tag-headlines","16":"tag-incendios","17":"tag-latest-news","18":"tag-latestnews","19":"tag-news","20":"tag-noticias","21":"tag-noticias-destacadas","22":"tag-noticiasdestacadas","23":"tag-patrimonio-de-la-humanidad","24":"tag-spain","25":"tag-titulares","26":"tag-ultimas-noticias","27":"tag-ultimasnoticias"},"share_on_mastodon":{"url":"","error":""},"_links":{"self":[{"href":"https:\/\/www.europesays.com\/es\/wp-json\/wp\/v2\/posts\/35066","targetHints":{"allow":["GET"]}}],"collection":[{"href":"https:\/\/www.europesays.com\/es\/wp-json\/wp\/v2\/posts"}],"about":[{"href":"https:\/\/www.europesays.com\/es\/wp-json\/wp\/v2\/types\/post"}],"author":[{"embeddable":true,"href":"https:\/\/www.europesays.com\/es\/wp-json\/wp\/v2\/users\/2"}],"replies":[{"embeddable":true,"href":"https:\/\/www.europesays.com\/es\/wp-json\/wp\/v2\/comments?post=35066"}],"version-history":[{"count":0,"href":"https:\/\/www.europesays.com\/es\/wp-json\/wp\/v2\/posts\/35066\/revisions"}],"wp:featuredmedia":[{"embeddable":true,"href":"https:\/\/www.europesays.com\/es\/wp-json\/wp\/v2\/media\/35067"}],"wp:attachment":[{"href":"https:\/\/www.europesays.com\/es\/wp-json\/wp\/v2\/media?parent=35066"}],"wp:term":[{"taxonomy":"category","embeddable":true,"href":"https:\/\/www.europesays.com\/es\/wp-json\/wp\/v2\/categories?post=35066"},{"taxonomy":"post_tag","embeddable":true,"href":"https:\/\/www.europesays.com\/es\/wp-json\/wp\/v2\/tags?post=35066"}],"curies":[{"name":"wp","href":"https:\/\/api.w.org\/{rel}","templated":true}]}}