{"id":350862,"date":"2026-01-20T10:54:14","date_gmt":"2026-01-20T10:54:14","guid":{"rendered":"https:\/\/www.europesays.com\/es\/350862\/"},"modified":"2026-01-20T10:54:14","modified_gmt":"2026-01-20T10:54:14","slug":"valencia-basket-recibe-al-paris-con-la-necesidad-de-victoria","status":"publish","type":"post","link":"https:\/\/www.europesays.com\/es\/350862\/","title":{"rendered":"Valencia Basket recibe al Paris con la necesidad de victoria"},"content":{"rendered":"<p class=\"ft-text\">Dos derrotas consecutivas (en la <a class=\"ft-link ft-link--decoration\" href=\"https:\/\/www.levante-emv.com\/tags\/baloncesto\/\" rel=\"nofollow noopener\" target=\"_blank\">Euroliga<\/a> ante Fenerbahce y en la Liga ante el Real Madrid), dos derrotas consecutivas en la Euroliga y tan s\u00f3lo 1 victoria en los \u00faltimos 5 partidos. El <a class=\"ft-link ft-link--decoration\" href=\"https:\/\/www.levante-emv.com\/tags\/valencia-basket\/\" rel=\"nofollow noopener\" target=\"_blank\">Valencia Basket<\/a> atraviesa uno de sus momentos m\u00e1s grises de la temporada y, aunque, de momento, la situaci\u00f3n no es ni mucho menos preocupante, lo cierto es que los taronja afrontan una semana importante para recobrar las buenas sensaciones. La primera oportunidad llega hoy martes 20 con la visita al Roig Arena del Paris Basketball (20.30 horas, Roig Arena, #Vamos). A priori, un rival propicio para romper la racha de dos derrotas consecutivas en la Euroliga (AS M\u00f3naco y Fenerbahce) que arrastran los de Pedro Mart\u00ednez.<\/p>\n<p class=\"ft-text\">Las \u00faltimas derrotas han alejado a los taronja de la primera posici\u00f3n de la clasificaci\u00f3n de la Euroliga que llegaron a ocupar y ahora, <a class=\"ft-link ft-link--decoration\" href=\"https:\/\/www.levante-emv.com\/tags\/valencia-cf\/\" rel=\"nofollow noopener\" target=\"_blank\">el Valencia<\/a> Basket llega a la jornada 23 en cuarta posici\u00f3n con 14 victorias, las mismas que el Fenerbahce, que es tercero, pero tambi\u00e9n que el Real Madrid, que es quinto, y que Barcelona, que es sexto. Enfrente, el Valencia Basket tendr\u00e1 al Par\u00eds Basketball, un equipo que visita la Capital del Turia por primera vez y que por resultados, es uno de los m\u00e1s \u2018flojos\u2019 de la competici\u00f3n. Los franceses est\u00e1n en la d\u00e9cimos\u00e9ptima posici\u00f3n con siete victorias en su casillero, aunque con un partido aplazado y s\u00f3lo han ganado dos de sus \u00faltimos 10 partidos. Eso s\u00ed, esas dos victorias las ha sumado en las dos \u00faltimas jornadas en las que ha derrotado a Efes y el Estrella Roja, en los dos \u00faltimos encuentros.<\/p>\n<p class=\"ft-text\">Otro dato que debe de servir de aviso para que el Valencia Basket no se relaje es que en la primera vuelta el triunfo recal\u00f3 en el lado franc\u00e9s en el que es adem\u00e1s el \u00fanico enfrentamiento en partido oficial entre estos dos equipos. Fue el 13 de noviembre dentro de la jornada 11 de la EuroLeague y que acab\u00f3 con triunfo franc\u00e9s por 90-86. Un parcial final de los locales le dio el triunfo al cuadro parisino en el que destacaron Hifi con 17 puntos y Willis con 15. Por parte valenciana, Thompson y Taylor con 13 puntos cada uno fueron los anotadores m\u00e1s destacados.<\/p>\n<p class=\"ft-text\">El conjunto franc\u00e9s podr\u00e1 contar con Jared Rhoden y Lamar Stevens, que no estuvieron en la plantilla activa en el partido de la primera vuelta, mientras que Matt Costello se perdi\u00f3 aquel choque por enfermedad. Mientras, Pedro Mart\u00ednez tiene a toda la plantilla disponible por lo que deber\u00e1 hacer tres descartes.<\/p>\n<p class=\"ft-text\">El entrenador Pedro Mart\u00ednez dirigir\u00e1 en este encuentro su partido 232 al frente del primer equipo masculino de Valencia Basket, una cifra que le convierte en solitario en el t\u00e9cnico que m\u00e1s veces ha llevado al equipo taronja masculino. Un hito que el entrenador taronja compartir\u00e1 con el p\u00fablico del Roig Arena en un peque\u00f1o acto de reconocimiento que tendr\u00e1 lugar justo antes del inicio de este encuentro. Ser\u00e1 el choque 84 en competiciones europeas en el primer asiento del banquillo taronja para Pedro, que acumula 141 en Liga Endesa, 5 de la <a class=\"ft-link ft-link--decoration\" href=\"https:\/\/www.levante-emv.com\/tags\/futbol\/\" rel=\"nofollow noopener\" target=\"_blank\">Copa del Rey<\/a> y 2 de la Supercopa Endesa.<\/p>\n<p class=\"ft-text\">El Valencia Basket est\u00e1 inmerso en otra semana con tres partidos. Tras recibir al Paris Basketball en el Roig Arena, el conjunto taronja tendr\u00e1 que viajar a Alemania para visitar por primera vez la nueva cancha del FC Bayern Munich, el SAP Garden, el jueves 22 de enero a las 20,30 horas y de ah\u00ed viajar\u00e1 directamente a las Islas Canarias para cerrar la primera vuelta de la Liga Endesa en la cancha del Dreamland Gran Canaria el domingo 25 de enero a las 13 horas.<\/p>\n<p class=\"ft-text\">Valencia Basket es el que m\u00e1s triples mete (12,4) con un 37,8% de eficacia y Paris Basketball es el segundo que m\u00e1s triples anota (12) con un 36,7% de acierto. Los taronja tendr\u00e1n que estar muy pendientes del internacional franc\u00e9s Nadir Hifi, m\u00e1ximo anotador de la competici\u00f3n, comanda la lista de anotadores de la EuroLeague con 20,3 puntos adem\u00e1s de ser el quinto que m\u00e1s triples mete.<\/p>\n","protected":false},"excerpt":{"rendered":"Dos derrotas consecutivas (en la Euroliga ante Fenerbahce y en la Liga ante el Real Madrid), dos derrotas&hellip;\n","protected":false},"author":2,"featured_media":350863,"comment_status":"","ping_status":"","sticky":false,"template":"","format":"standard","meta":{"footnotes":""},"categories":[269],"tags":[299,1918,298,168,13463,25,24,2181,4759,12326,3048,3684,23,167,235,2916],"class_list":["post-350862","post","type-post","status-publish","format-standard","has-post-thumbnail","category-baloncesto","tag-baloncesto","tag-basket","tag-basketball","tag-deportes","tag-el-valencia","tag-es","tag-espana","tag-necesidad","tag-paris","tag-pedro-martinez","tag-real-madrid","tag-recibe","tag-spain","tag-sports","tag-valencia","tag-valencia-basket"],"share_on_mastodon":{"url":"https:\/\/pubeurope.com\/@es\/115927060615559314","error":""},"_links":{"self":[{"href":"https:\/\/www.europesays.com\/es\/wp-json\/wp\/v2\/posts\/350862","targetHints":{"allow":["GET"]}}],"collection":[{"href":"https:\/\/www.europesays.com\/es\/wp-json\/wp\/v2\/posts"}],"about":[{"href":"https:\/\/www.europesays.com\/es\/wp-json\/wp\/v2\/types\/post"}],"author":[{"embeddable":true,"href":"https:\/\/www.europesays.com\/es\/wp-json\/wp\/v2\/users\/2"}],"replies":[{"embeddable":true,"href":"https:\/\/www.europesays.com\/es\/wp-json\/wp\/v2\/comments?post=350862"}],"version-history":[{"count":0,"href":"https:\/\/www.europesays.com\/es\/wp-json\/wp\/v2\/posts\/350862\/revisions"}],"wp:featuredmedia":[{"embeddable":true,"href":"https:\/\/www.europesays.com\/es\/wp-json\/wp\/v2\/media\/350863"}],"wp:attachment":[{"href":"https:\/\/www.europesays.com\/es\/wp-json\/wp\/v2\/media?parent=350862"}],"wp:term":[{"taxonomy":"category","embeddable":true,"href":"https:\/\/www.europesays.com\/es\/wp-json\/wp\/v2\/categories?post=350862"},{"taxonomy":"post_tag","embeddable":true,"href":"https:\/\/www.europesays.com\/es\/wp-json\/wp\/v2\/tags?post=350862"}],"curies":[{"name":"wp","href":"https:\/\/api.w.org\/{rel}","templated":true}]}}