{"id":35094,"date":"2025-08-09T02:06:07","date_gmt":"2025-08-09T02:06:07","guid":{"rendered":"https:\/\/www.europesays.com\/es\/35094\/"},"modified":"2025-08-09T02:06:07","modified_gmt":"2025-08-09T02:06:07","slug":"gonzalo-amplia-su-contrato-con-el-real-madrid-hasta-el-30-de-junio-de-2030","status":"publish","type":"post","link":"https:\/\/www.europesays.com\/es\/35094\/","title":{"rendered":"Gonzalo amplia su contrato con el Real Madrid hasta el 30 de junio de 2030"},"content":{"rendered":"<p class=\"mb-4 text-lg md:leading-8 break-words\">Madrid, 08 ago (EFE).- El delantero espa\u00f1ol Gonzalo Garc\u00eda ha ampliado cinco a\u00f1os m\u00e1s, hasta el 30 de junio de 2030, su contrato con el Real Madrid, al que lleg\u00f3 en 2014 con 10 a\u00f1os y del que formar\u00e1 parte del primer equipo, seg\u00fan informo el club madrile\u00f1o.<\/p>\n<p class=\"mb-4 text-lg md:leading-8 break-words\">Garc\u00eda, de 21 a\u00f1os y formado en las categor\u00edas inferiores del Real Madrid, destaca por su paso en el Castilla en el que marc\u00f3 25 goles, convirti\u00e9ndose en el m\u00e1ximo goleador de la Primera Federaci\u00f3n y a dos tantos de igualar el r\u00e9cord hist\u00f3rico de un futbolista con el Castilla, los 27 de Mariano en la 2015-2016.<\/p>\n<p class=\"mb-4 text-lg md:leading-8 break-words\">Adem\u00e1s, conquist\u00f3 con el Juvenil A el triplete en la temporada 2022-2023 (Liga, Copa del Rey y Copa de Campeones) y la Copa del Rey en la campa\u00f1a 2021-2022.<\/p>\n<p class=\"mb-4 text-lg md:leading-8 break-words\">Gonzalo, que debut\u00f3 con la camiseta del primer equipo en un partido de LaLiga EA Sports contra el C\u00e1diz en noviembre de 2023, anot\u00f3 su primer gol con el Real Madrid en el partido de cuartos de final de la Copa del Rey 2024-2025 ante el Legan\u00e9s en el minuto 93 que definir\u00eda la clasificaci\u00f3n de su equipo a semifinales.<\/p>\n<p class=\"mb-4 text-lg md:leading-8 break-words\">En junio fue convocado por Xabi Alonso, nuevo entrenador del Real Madrid, para disputar el Mundial de Clubes, en el que marc\u00f3 en cuatro de los seis partidos que disput\u00f3 como titular y fue galardonado bota de oro del torneo con cuatro goles y una asistencia.<\/p>\n<p class=\"mb-4 text-lg md:leading-8 break-words\">Solo falta saber qu\u00e9 dorsal lucir\u00e1 el delantero que a partir de hoy forma parte de la primera plantilla.<\/p>\n<p class=\"mb-4 text-lg md:leading-8 break-words\">(c) Agencia EFE<\/p>\n","protected":false},"excerpt":{"rendered":"Madrid, 08 ago (EFE).- El delantero espa\u00f1ol Gonzalo Garc\u00eda ha ampliado cinco a\u00f1os m\u00e1s, hasta el 30 de&hellip;\n","protected":false},"author":2,"featured_media":35095,"comment_status":"","ping_status":"","sticky":false,"template":"","format":"standard","meta":{"footnotes":""},"categories":[93],"tags":[658,17851,1941,168,995,25,24,17016,7384,205,3048,23,167],"class_list":{"0":"post-35094","1":"post","2":"type-post","3":"status-publish","4":"format-standard","5":"has-post-thumbnail","7":"category-deportes","8":"tag-campana","9":"tag-copa-de-campeones","10":"tag-copa-del-rey","11":"tag-deportes","12":"tag-efe","13":"tag-es","14":"tag-espana","15":"tag-gonzalo-garcia","16":"tag-leganes","17":"tag-madrid","18":"tag-real-madrid","19":"tag-spain","20":"tag-sports"},"share_on_mastodon":{"url":"","error":""},"_links":{"self":[{"href":"https:\/\/www.europesays.com\/es\/wp-json\/wp\/v2\/posts\/35094","targetHints":{"allow":["GET"]}}],"collection":[{"href":"https:\/\/www.europesays.com\/es\/wp-json\/wp\/v2\/posts"}],"about":[{"href":"https:\/\/www.europesays.com\/es\/wp-json\/wp\/v2\/types\/post"}],"author":[{"embeddable":true,"href":"https:\/\/www.europesays.com\/es\/wp-json\/wp\/v2\/users\/2"}],"replies":[{"embeddable":true,"href":"https:\/\/www.europesays.com\/es\/wp-json\/wp\/v2\/comments?post=35094"}],"version-history":[{"count":0,"href":"https:\/\/www.europesays.com\/es\/wp-json\/wp\/v2\/posts\/35094\/revisions"}],"wp:featuredmedia":[{"embeddable":true,"href":"https:\/\/www.europesays.com\/es\/wp-json\/wp\/v2\/media\/35095"}],"wp:attachment":[{"href":"https:\/\/www.europesays.com\/es\/wp-json\/wp\/v2\/media?parent=35094"}],"wp:term":[{"taxonomy":"category","embeddable":true,"href":"https:\/\/www.europesays.com\/es\/wp-json\/wp\/v2\/categories?post=35094"},{"taxonomy":"post_tag","embeddable":true,"href":"https:\/\/www.europesays.com\/es\/wp-json\/wp\/v2\/tags?post=35094"}],"curies":[{"name":"wp","href":"https:\/\/api.w.org\/{rel}","templated":true}]}}