{"id":351148,"date":"2026-01-20T14:17:08","date_gmt":"2026-01-20T14:17:08","guid":{"rendered":"https:\/\/www.europesays.com\/es\/351148\/"},"modified":"2026-01-20T14:17:08","modified_gmt":"2026-01-20T14:17:08","slug":"patrick-reed-se-plantearia-volver-al-pga-tour","status":"publish","type":"post","link":"https:\/\/www.europesays.com\/es\/351148\/","title":{"rendered":"Patrick Reed se plantear\u00eda volver al PGA Tour"},"content":{"rendered":"<p>            <a href=\"https:\/\/ten-golf.com\/wp-content\/uploads\/2024\/09\/patrickreedopenespana2024.webp\" data-caption=\"Patrick Reed (\u00a9 Golffile | Stefano Di Maria)\" rel=\"nofollow noopener\" target=\"_blank\"><img decoding=\"async\" loading=\"lazy\" width=\"666\" height=\"444\" class=\"entry-thumb td-modal-image\" src=\"https:\/\/www.europesays.com\/es\/wp-content\/uploads\/2026\/01\/patrickreedopenespana2024-666x444.webp.webp\"   alt=\"Patrick Reed jugar\u00e1 el Acciona Open de Espa\u00f1a en Madrid.\" title=\"Italian Open presented by Regione Emilia Romagna 2024\"\/><\/a>Patrick Reed (\u00a9 Golffile | Stefano Di Maria)<\/p>\n<p>Otro quebradero de cabeza para <strong>LIV Golf<\/strong>. <strong>Patrick Reed<\/strong> suelta una peque\u00f1a gran bomba cuando el circuito a\u00fan se est\u00e1 recuperando del impacto del regreso de <strong>Brooks Koepka<\/strong> al <strong>PGA Tour<\/strong>. Seg\u00fan declaraciones recogidas por The Telegraph durante el <strong>Dubai Desert Classic<\/strong> \u2014torneo que disputa esta semana en el DP World Tour\u2014 el estadounidense reconoci\u00f3 que considerar\u00eda dejar LIV Golf y regresar al PGA Tour si le ofrecieran unas condiciones similares a las concedidas recientemente a Brooks Koepka. Un mensaje que, adem\u00e1s de agitar un poco m\u00e1s el tablero, supone otro frente m\u00e1s para LIV Golf.<\/p>\n<p>El jugador de 35 a\u00f1os ha sido claro al hablar de su posible vuelta. Ha explicado que ahora mismo la decisi\u00f3n de volver no est\u00e1 en su mano, pero dejando caer que todo depender\u00eda de si el PGA Tour ampl\u00eda o no los criterios de su reci\u00e9n creado <strong>Returning Members Program<\/strong>. \u00abQuiero decir, esa opci\u00f3n era para jugadores que ganaron majors desde 2022 en adelante. Desde luego tendr\u00eda que pensarlo, si esa fecha bajara a 2018\u00bb.<\/p>\n<p>El programa de regreso del <strong>PGA Tour<\/strong> fue dise\u00f1ado para permitir la reincorporaci\u00f3n de jugadores que, adem\u00e1s de haber competido en LIV durante al menos dos temporadas, hubieran ganado un major desde 2022. Es decir, Brooks, <strong>Rahm, Smith y DeChambeau<\/strong>. Reed queda fuera por una cuesti\u00f3n temporal ya que gan\u00f3 el Masters en 2018.<\/p>\n<p>Al ser preguntado directamente por si le gustar\u00eda volver al PGA Tour, su respuesta fue directa: \u00abPor supuesto. Quiero decir, si dependiera de m\u00ed, jugar\u00eda en todas partes. Ya estoy jugando en tres circuitos \u2013 LIV, el DP World Tour y el Asian Tour -, as\u00ed que \u00bfpor qu\u00e9 no a\u00f1adir uno m\u00e1s?\u00bb.<\/p>\n<p>Adem\u00e1s dej\u00f3 un mensaje llamativo al hablar del circuito estadounidense teniendo en cuenta que es jugador del LIV: \u00abSiempre disfrut\u00e9 mi etapa all\u00ed, en el <strong>PGA Tour<\/strong>. Quiero decir, seamos sinceros, es el mejor circuito del mundo. Mira lo que han hecho en el golf. Ya sabes, podr\u00eda verme jugando all\u00ed en alg\u00fan momento otra vez\u00bb.<\/p>\n<p>Reed forma parte del equipo<strong> 4Aces,<\/strong>\u00a0precisamente capitaneado por <strong>Dustin Johnson<\/strong>, que tambi\u00e9n compite esta semana en el <strong>Emirates Golf Club<\/strong>. Johnson, adem\u00e1s, firm\u00f3 recientemente una ampliaci\u00f3n multianual con LIV.<\/p>\n<p>Aunque no lo parece, tampoco est\u00e1 claro si Reed se encuentra en su \u00faltimo a\u00f1o de contrato con LIV \u2014como ocurre con <strong>Bryson DeChambeau<\/strong>\u2014 o si estas declaraciones responden a una estrategia para ganar fuerza negociadora ante un posible nuevo acuerdo. En cualquier caso, su situaci\u00f3n financiera no parece un factor decisivo: firm\u00f3 una prima inicial que, seg\u00fan se ha publicado, rond\u00f3 los 50 millones de d\u00f3lares, y ha acumulado casi 40 millones m\u00e1s en premios durante sus cuatro temporadas en la liga.<\/p>\n<p>Hay un detalle a tener en cuenta: a diferencia de <strong>Koepka<\/strong>, <strong>Reed<\/strong> no cuenta con estatus a tiempo completo en el <strong>PGA Tour<\/strong>. Si quisiera regresar, necesitar\u00eda pasar por v\u00edas alternativas: clasificaci\u00f3n directa, intentar conseguir una de las 10 tarjetas del PGA Tour que ofrece cada a\u00f1o el <strong>DP World Tour<\/strong> o alguna categor\u00eda ad hoc.<\/p>\n<p>Mientras tanto, Reed sigue compitiendo a ritmo alto. Pese a estar vetado por el <strong>PGA Tour<\/strong>, logr\u00f3 jugar 32 torneos en 2025, una cifra muy por encima de la mayor\u00eda de jugadores de <strong>LIV<\/strong>, teniendo en cuenta que la liga solo cuenta con 14 paradas en su calendario. Reed combin\u00f3 10 torneos del <strong>DP World Tour<\/strong>, los cuatro majors y presencia continuada tambi\u00e9n en el <strong>Asian Tour<\/strong>.<\/p>\n<p>Su rendimiento, adem\u00e1s, ha sostenido su posici\u00f3n en el ranking mundial. Su tercer puesto en el <strong>Masters<\/strong> confirm\u00f3 su competitividad actual, y gan\u00f3 el evento de LIV en <strong>Dallas<\/strong> el a\u00f1o pasado. Actualmente es uno de los tres \u00fanicos jugadores de LIV dentro del top 50 y los majors siguen siendo su prioridad.<\/p>\n<p>Con ese objetivo, su calendario europeo contin\u00faa sin pausa. Tras terminar 26\u00ba el domingo en el <strong>Dubai Invitational<\/strong>, compite esta semana en el <strong>Dubai Desert Classic<\/strong> y la pr\u00f3xima jugar\u00e1 el <strong>Bahrain Championship<\/strong>, enlazando as\u00ed tres torneos del <strong>DP World Tour<\/strong> en tres semanas. Adem\u00e1s, el <strong>Majlis Course<\/strong> le trae recuerdos recientes: hace tres a\u00f1os estuvo a punto de ganar all\u00ed en un duelo que termin\u00f3 en manos de <strong>Rory McIlroy<\/strong>.<\/p>\n<p>En paralelo, <strong>Reed<\/strong> tambi\u00e9n sigue cuidando su relaci\u00f3n con el <strong>DP World Tour<\/strong>. LIV ha pagado aproximadamente 4 millones de d\u00f3lares en multas al circuito europeo para permitirle competir en sus torneos, aunque desde este a\u00f1o ser\u00e1n los jugadores quienes asuman esas sanciones. \u00abS\u00ed, a partir de este a\u00f1o, las multas recaer\u00e1n en los jugadores, no en LIV\u00bb, explic\u00f3 Reed. Pese a todo el norteamericano reconoce que, si no se alcanza un acuerdo entre <strong>Wentworth<\/strong> y <strong>Riad<\/strong> para desbloquear la participaci\u00f3n de los jugadores de <strong>LIV<\/strong> en el <strong>DP World Tour<\/strong>, \u00e9l est\u00e1 dispuesto a seguir adelante pagando: \u00abEspero que haya una soluci\u00f3n, sobre todo para un tipo que siempre ha venido, siempre ha apoyado este circuito\u2026 Este circuito es incre\u00edble y no voy a permitir que un par de multas se interpongan en mi camino\u00bb. Si no hay soluci\u00f3n global, el coste anual para mantener esa puerta abierta podr\u00eda rondar el mill\u00f3n de d\u00f3lares.<\/p>\n<p><strong>Reed<\/strong>, adem\u00e1s, nunca ha escondido su ambici\u00f3n competitiva. Su historial en la <strong>Ryder Cup<\/strong> \u2014tres participaciones antes de cumplir 28 a\u00f1os\u2014 lo convirti\u00f3 en un perfil especialmente reconocible en el equipo estadounidense, con el apodo de \u2018Captain America\u2019. Y no ha dejado de expresar su deseo de volver a estar en esa din\u00e1mica, con la mirada puesta en 2027, cuando la competici\u00f3n se dispute en <strong>Adare Manor<\/strong>, <strong>Irlanda<\/strong>.<\/p>\n<p>Por ahora, Reed juega esta semana en Dub\u00e1i como miembro de LIV, pero con discurso de PGA Tour. En un golf que sigue en pleno reordenamiento, su frase ya ha abierto una conversaci\u00f3n que dif\u00edcilmente se va a apagar r\u00e1pido.<\/p>\n","protected":false},"excerpt":{"rendered":"Patrick Reed (\u00a9 Golffile | Stefano Di Maria) Otro quebradero de cabeza para LIV Golf. Patrick Reed suelta&hellip;\n","protected":false},"author":2,"featured_media":351149,"comment_status":"","ping_status":"","sticky":false,"template":"","format":"standard","meta":{"footnotes":""},"categories":[275],"tags":[168,25,24,329,968,336,21479,339,340,1909,1910,23,167],"class_list":["post-351148","post","type-post","status-publish","format-standard","has-post-thumbnail","category-golf","tag-deportes","tag-es","tag-espana","tag-golf","tag-liv-golf","tag-notificacion","tag-patrick-reed","tag-portada-america","tag-portada-global","tag-portada-top","tag-portada-top-america","tag-spain","tag-sports"],"share_on_mastodon":{"url":"https:\/\/pubeurope.com\/@es\/115927858827940335","error":""},"_links":{"self":[{"href":"https:\/\/www.europesays.com\/es\/wp-json\/wp\/v2\/posts\/351148","targetHints":{"allow":["GET"]}}],"collection":[{"href":"https:\/\/www.europesays.com\/es\/wp-json\/wp\/v2\/posts"}],"about":[{"href":"https:\/\/www.europesays.com\/es\/wp-json\/wp\/v2\/types\/post"}],"author":[{"embeddable":true,"href":"https:\/\/www.europesays.com\/es\/wp-json\/wp\/v2\/users\/2"}],"replies":[{"embeddable":true,"href":"https:\/\/www.europesays.com\/es\/wp-json\/wp\/v2\/comments?post=351148"}],"version-history":[{"count":0,"href":"https:\/\/www.europesays.com\/es\/wp-json\/wp\/v2\/posts\/351148\/revisions"}],"wp:featuredmedia":[{"embeddable":true,"href":"https:\/\/www.europesays.com\/es\/wp-json\/wp\/v2\/media\/351149"}],"wp:attachment":[{"href":"https:\/\/www.europesays.com\/es\/wp-json\/wp\/v2\/media?parent=351148"}],"wp:term":[{"taxonomy":"category","embeddable":true,"href":"https:\/\/www.europesays.com\/es\/wp-json\/wp\/v2\/categories?post=351148"},{"taxonomy":"post_tag","embeddable":true,"href":"https:\/\/www.europesays.com\/es\/wp-json\/wp\/v2\/tags?post=351148"}],"curies":[{"name":"wp","href":"https:\/\/api.w.org\/{rel}","templated":true}]}}