{"id":35179,"date":"2025-08-09T03:06:07","date_gmt":"2025-08-09T03:06:07","guid":{"rendered":"https:\/\/www.europesays.com\/es\/35179\/"},"modified":"2025-08-09T03:06:07","modified_gmt":"2025-08-09T03:06:07","slug":"video-michael-morales-apunta-al-cinturon-welter-y-no-se-intimida-por-la-llegada-de-makhachev","status":"publish","type":"post","link":"https:\/\/www.europesays.com\/es\/35179\/","title":{"rendered":"(VIDEO) Michael Morales apunta al cintur\u00f3n w\u00e9lter y no se intimida por la llegada de Makhachev"},"content":{"rendered":"<p>El peleador ecuatoriano de la UFC, Michael Morales, se mostr\u00f3 ambicioso y confiado en una reciente rueda de prensa, Realizada en el edificio Centrum (en un evento realizado por CLARO., donde expres\u00f3 su objetivo de disputar el cintur\u00f3n de la categor\u00eda peso w\u00e9lter en el mediano plazo. Sin embargo, el foco de atenci\u00f3n recay\u00f3 en sus declaraciones sobre la llegada de Islam Makhachev, primo del legendario Khabib Nurmagomedov, a la divisi\u00f3n de las 170 libras.<\/p>\n<p>\u201cQue se haya metido (Islam) Makhachev a la categor\u00eda para m\u00ed es un rival m\u00e1s. No tengo que asombrarme ni inmortalizarlo. Todos los peleadores sangran, se cansan y solo estoy esperando la oportunidad que me toque\u201d, afirm\u00f3 Morales con determinaci\u00f3n.<\/p>\n<p>Morales, quien se ha destacado por su ascenso mete\u00f3rico en la UFC, tambi\u00e9n comparti\u00f3 su visi\u00f3n a futuro: \u201cEspero, si Dios me lo permite, llegar al t\u00edtulo tambi\u00e9n y en un futuro quedarme un tiempito en la categor\u00eda, defender (el t\u00edtulo) un par de veces y subir a las 185 libras (peso medio)\u201d.<\/p>\n<p>Sobre Makhachev, Morales reconoci\u00f3 su trayectoria: \u201cEs un peleador de historia, es primo de Khabib, hizo su propia historia y fue campe\u00f3n. Ahora subi\u00f3 a w\u00e9lter a pelear. No es nada nuevo que pase esto, la pelea es peleando, sin ahuevarse, esperando que me den la oportunidad de pelear por el t\u00edtulo\u201d.<\/p>\n<p>Con un enfoque claro y sin temor a los grandes nombres, Morales se perfila como una de las promesas m\u00e1s s\u00f3lidas de la divisi\u00f3n w\u00e9lter, dispuesto a enfrentar cualquier reto en su camino hacia la cima de la UFC.<\/p>\n","protected":false},"excerpt":{"rendered":"El peleador ecuatoriano de la UFC, Michael Morales, se mostr\u00f3 ambicioso y confiado en una reciente rueda de&hellip;\n","protected":false},"author":2,"featured_media":35180,"comment_status":"","ping_status":"","sticky":false,"template":"","format":"standard","meta":{"footnotes":""},"categories":[276],"tags":[168,25,24,23,167,343],"class_list":{"0":"post-35179","1":"post","2":"type-post","3":"status-publish","4":"format-standard","5":"has-post-thumbnail","7":"category-ufc","8":"tag-deportes","9":"tag-es","10":"tag-espana","11":"tag-spain","12":"tag-sports","13":"tag-ufc"},"share_on_mastodon":{"url":"","error":""},"_links":{"self":[{"href":"https:\/\/www.europesays.com\/es\/wp-json\/wp\/v2\/posts\/35179","targetHints":{"allow":["GET"]}}],"collection":[{"href":"https:\/\/www.europesays.com\/es\/wp-json\/wp\/v2\/posts"}],"about":[{"href":"https:\/\/www.europesays.com\/es\/wp-json\/wp\/v2\/types\/post"}],"author":[{"embeddable":true,"href":"https:\/\/www.europesays.com\/es\/wp-json\/wp\/v2\/users\/2"}],"replies":[{"embeddable":true,"href":"https:\/\/www.europesays.com\/es\/wp-json\/wp\/v2\/comments?post=35179"}],"version-history":[{"count":0,"href":"https:\/\/www.europesays.com\/es\/wp-json\/wp\/v2\/posts\/35179\/revisions"}],"wp:featuredmedia":[{"embeddable":true,"href":"https:\/\/www.europesays.com\/es\/wp-json\/wp\/v2\/media\/35180"}],"wp:attachment":[{"href":"https:\/\/www.europesays.com\/es\/wp-json\/wp\/v2\/media?parent=35179"}],"wp:term":[{"taxonomy":"category","embeddable":true,"href":"https:\/\/www.europesays.com\/es\/wp-json\/wp\/v2\/categories?post=35179"},{"taxonomy":"post_tag","embeddable":true,"href":"https:\/\/www.europesays.com\/es\/wp-json\/wp\/v2\/tags?post=35179"}],"curies":[{"name":"wp","href":"https:\/\/api.w.org\/{rel}","templated":true}]}}