{"id":35215,"date":"2025-08-09T03:27:18","date_gmt":"2025-08-09T03:27:18","guid":{"rendered":"https:\/\/www.europesays.com\/es\/35215\/"},"modified":"2025-08-09T03:27:18","modified_gmt":"2025-08-09T03:27:18","slug":"el-bathco-bm-torrelavega-supera-los-1-000-socios-antes-de-su-primer-amistoso-de-pretemporada","status":"publish","type":"post","link":"https:\/\/www.europesays.com\/es\/35215\/","title":{"rendered":"El Bathco BM Torrelavega supera los 1.000 socios antes de su primer amistoso de pretemporada"},"content":{"rendered":"<p style=\"text-align: justify;\">El Bathco BM Torrelavega vuelve este s\u00e1bado a la acci\u00f3n con la disputa de su primer amistoso de pretemporada.<strong> Los naranjas jugar\u00e1n a partir de las 19:00 en Vallob\u00edn contra el Conf\u00eda Base Oviedo<\/strong> en lo que ser\u00e1 una buena piedra de toque frente a un proyecto como el asturiano que busca asentarse esta temporada en la Divisi\u00f3n de Honor Plata.<\/p>\n<p style=\"text-align: justify;\">El estreno de la pretemporada servir\u00e1 para cerrar una semana de gran actividad en el Pabell\u00f3n Vicente Trueba. <strong>Los primeros d\u00edas de nuevas altas han permitido al Bathco BM Torrelavega romper la barrera de los 1.000 socios<\/strong>. Un paso m\u00e1s para la entidad naranja en busca de su objetivo, superar el techo del a\u00f1o pasado superando los 1.700 socios.<\/p>\n<p style=\"text-align: justify;\">La campa\u00f1a Alma Naranja sigue el mismo recorrido que la preparaci\u00f3n deportiva del equipo, ambas con el mismo destino: la eliminatoria europea entre el Bathco BM Torrelavega y el Elverum noruego. El partido de vuelta, a disputarse el s\u00e1bado 6 de septiembre a las 19:30 en el Vicente Trueba, tambi\u00e9n est\u00e1 incluido para todos los socios.<\/p>\n<p><a target=\"_blank\" href=\"https:\/\/eldiariocantabria.publico.es\/ads\/20241029145309165687\" rel=\"nofollow noopener\"> <img decoding=\"async\" src=\"https:\/\/www.europesays.com\/es\/wp-content\/uploads\/2025\/07\/2025030323000081200.gif\" alt=\"Publicidad 165687\" width=\"728\" height=\"90\" loading=\"lazy\"  \/> <\/a><\/p>\n<p style=\"text-align: justify;\">\u00a0<\/p>\n","protected":false},"excerpt":{"rendered":"El Bathco BM Torrelavega vuelve este s\u00e1bado a la acci\u00f3n con la disputa de su primer amistoso de&hellip;\n","protected":false},"author":2,"featured_media":35216,"comment_status":"","ping_status":"","sticky":false,"template":"","format":"standard","meta":{"footnotes":""},"categories":[278],"tags":[376,168,5746,25,24,375,5028,23,167,10956],"class_list":{"0":"post-35215","1":"post","2":"type-post","3":"status-publish","4":"format-standard","5":"has-post-thumbnail","7":"category-balonmano","8":"tag-balonmano","9":"tag-deportes","10":"tag-eldiariocantabria","11":"tag-es","12":"tag-espana","13":"tag-handball","14":"tag-socios","15":"tag-spain","16":"tag-sports","17":"tag-torrelavega"},"share_on_mastodon":{"url":"","error":""},"_links":{"self":[{"href":"https:\/\/www.europesays.com\/es\/wp-json\/wp\/v2\/posts\/35215","targetHints":{"allow":["GET"]}}],"collection":[{"href":"https:\/\/www.europesays.com\/es\/wp-json\/wp\/v2\/posts"}],"about":[{"href":"https:\/\/www.europesays.com\/es\/wp-json\/wp\/v2\/types\/post"}],"author":[{"embeddable":true,"href":"https:\/\/www.europesays.com\/es\/wp-json\/wp\/v2\/users\/2"}],"replies":[{"embeddable":true,"href":"https:\/\/www.europesays.com\/es\/wp-json\/wp\/v2\/comments?post=35215"}],"version-history":[{"count":0,"href":"https:\/\/www.europesays.com\/es\/wp-json\/wp\/v2\/posts\/35215\/revisions"}],"wp:featuredmedia":[{"embeddable":true,"href":"https:\/\/www.europesays.com\/es\/wp-json\/wp\/v2\/media\/35216"}],"wp:attachment":[{"href":"https:\/\/www.europesays.com\/es\/wp-json\/wp\/v2\/media?parent=35215"}],"wp:term":[{"taxonomy":"category","embeddable":true,"href":"https:\/\/www.europesays.com\/es\/wp-json\/wp\/v2\/categories?post=35215"},{"taxonomy":"post_tag","embeddable":true,"href":"https:\/\/www.europesays.com\/es\/wp-json\/wp\/v2\/tags?post=35215"}],"curies":[{"name":"wp","href":"https:\/\/api.w.org\/{rel}","templated":true}]}}