{"id":352570,"date":"2026-01-21T08:28:10","date_gmt":"2026-01-21T08:28:10","guid":{"rendered":"https:\/\/www.europesays.com\/es\/352570\/"},"modified":"2026-01-21T08:28:10","modified_gmt":"2026-01-21T08:28:10","slug":"se-cubre-las-espaldas-con-ivan-ilic-por-altimira-y-amrabat","status":"publish","type":"post","link":"https:\/\/www.europesays.com\/es\/352570\/","title":{"rendered":"Se cubre las espaldas con Ivan Ilic por Altimira&#8230; y Amrabat"},"content":{"rendered":"<p>Aunque Fornals lleva gran parte del curso ejerciendo en el doble pivote, la posible venta del catal\u00e1n y la lesi\u00f3n del marroqu\u00ed afectan a la planificaci\u00f3n verdiblanca<\/p>\n<p class=\"parrafo\">El <strong>Real Betis<\/strong> quiere cubrirse las espaldas por si termina llegando una oferta importante por <strong>Sergi Altimira<\/strong>, que se unir\u00eda a la lesi\u00f3n en el tobillo derecho de <strong>Sofyan Amrabat<\/strong>, que pasa a finales de semana por quir\u00f3fano y no estar\u00e1 disponible previsiblemente hasta finales de marzo o principios de abril. La feliz reubicaci\u00f3n en el doble pivote de <strong>Pablo Fornals<\/strong>, quinto elemento para la <strong>25\/26<\/strong>, en muchos partidos y <a href=\"https:\/\/www.estadiodeportivo.com\/futbol\/betis\/nelson-deossa-irrumpe-con-fuerza-despierta-interes-sigue-asi-betis-meter-lista-del-mundial-20260116-526755.html\" target=\"_blank\" class=\"intext-link\" rel=\"nofollow noopener\">el despertar de Nelson Deossa<\/a><strong> <\/strong>suponen una tranquilidad a\u00f1adida, aunque los t\u00e9cnicos verdiblancos trabajan sobre varios escenarios.<\/p>\n<p class=\"parrafo\">En este sentido, encartan desde <strong>Italia<\/strong> al medio de cierre <strong>Ivan Ilic<\/strong>, que apenas ha podido jugar esta campa\u00f1a en el <strong>Torino<\/strong> (lleva <strong>393 minutos<\/strong> y busca estrenarse al fin en <strong>2026<\/strong>) por diferentes lesiones, ninguna de ellas de gravedad. A punto de regresar de una lumbalgia, la <strong>Lazio<\/strong> tambi\u00e9n se ha fijado en \u00e9l. Es serbio, cumplir\u00e1 <strong>25 a\u00f1os<\/strong> en el mes de marzo y mide <strong>1,86<\/strong>, lo que lo convierte en un futbolista con gran despliegue f\u00edsico, dominio del juego a\u00e9reo, pero tambi\u00e9n con criterio y calidad.<\/p>\n<p><img decoding=\"async\" src=\"https:\/\/www.europesays.com\/es\/wp-content\/uploads\/2026\/01\/c1b8b813-16be-483b-a468-04b25f67f02c_800x1200.jpeg\" loading=\"lazy\"\/>Pretendido en 2022 por su eterno rival, el Sevilla FC<\/p>\n<p class=\"parrafo\">En <strong>junio de 2022<\/strong>, <a href=\"https:\/\/www.estadiodeportivo.com\/noticias-futbol\/atletico-madrid\/2022\/06\/13\/sevilla-lazio-dortmund-atalanta-lyon\/400129.html\" target=\"_blank\" class=\"intext-link\" rel=\"nofollow noopener\">el inter\u00e9s desde la capital andaluza por Ivan Ilic era del Sevilla FC<\/a>. As\u00ed, ESTADIO Deportivo se hac\u00eda eco entonces de que el <strong>Atl\u00e9tico de Madrid<\/strong> y los nervionenses sondeaban la posibilidad de fichar al mediocentro defensivo de un <strong>Hellas Verona<\/strong> que hab\u00eda apostado el verano anterior por \u00e9l cuando militaba en las categor\u00edas inferiores del <strong>Manchester City<\/strong>. Finalmente, el serbio seguir\u00eda en el <strong>V\u00e9neto<\/strong> hasta la siguiente ventana, march\u00e1ndose cedido, primero, y traspasado, despu\u00e9s a un <strong>Torino<\/strong> que desembols\u00f3 <strong>16,5 millones de euros<\/strong> para vestirlo de granate. Tiene contrato all\u00ed por lo que resta de campa\u00f1a y una m\u00e1s, tras marcar <strong>siete goles<\/strong> y brindar <strong>seis asistencias<\/strong> en <strong>75 partidos<\/strong>.<\/p>\n<p><a class=\"elementos-rel-t2\" href=\"https:\/\/www.estadiodeportivo.com\/futbol\/betis\/las-lesiones-condicionan-mercado-fichajes-del-betis-con-efecto-domino-trabajo-silencio-20260120-527191.html\" title=\"Las lesiones condicionan el mercado de fichajes del Betis con un repentino efecto domin\u00f3: &quot;Trabajo y silencio&quot; \" rel=\"nofollow noopener\" target=\"_blank\"><\/p>\n<p class=\"titular titulo-4\">Las lesiones condicionan el mercado de fichajes del Betis con un repentino efecto domin\u00f3: \u00abTrabajo y silencio\u00bb <\/p>\n<p><img decoding=\"async\" src=\"https:\/\/www.europesays.com\/es\/wp-content\/uploads\/2026\/01\/5ddec50d-e02e-4bc0-a5eb-4c43da1b123c_320x180.jpeg\" alt=\"Las lesiones condicionan el mercado de fichajes del Betis con un repentino efecto domin\u00f3: &quot;Trabajo y silencio&quot; \"\/><\/a><a class=\"elementos-rel-t2\" href=\"https:\/\/www.estadiodeportivo.com\/futbol\/betis\/confirman-los-peores-presagios-amrabat-debera-pasar-por-quirofano-20260119-527107.html\" title=\"Se confirman los peores presagios: Amrabat deber\u00e1 pasar por el quir\u00f3fano\" rel=\"nofollow noopener\" target=\"_blank\"><\/p>\n<p class=\"titular titulo-4\">Se confirman los peores presagios: Amrabat deber\u00e1 pasar por el quir\u00f3fano<\/p>\n<p><img decoding=\"async\" src=\"https:\/\/www.europesays.com\/es\/wp-content\/uploads\/2026\/01\/cdd99138-05ad-4f6d-99d4-f8e87adc0ba6_320x180.jpeg\" alt=\"Se confirman los peores presagios: Amrabat deber\u00e1 pasar por el quir\u00f3fano\"\/><\/a>Del imposible Szymanski al &#8216;vasco&#8217; Amondarain<\/p>\n<p class=\"parrafo\">Otro de los pivotes vinculados con el <strong>Real Betis<\/strong> para este mismo mercado es el polaco de <strong>26 a\u00f1os <\/strong><strong>Sebastian Szymanski<\/strong>, propiedad del mismo <strong>Fenerbah\u00e7e<\/strong> donde tendr\u00e1 que volver <strong>Sofyan Amrabat<\/strong> este verano. Con todo, el <strong>Rennes<\/strong> se ha adelantado no ya a los verdiblancos, sino a toda la competencia, y est\u00e1 cerca de concretar su compra hasta <strong>2029<\/strong> por algo m\u00e1s de <strong>10 millones de euros<\/strong>. Una v\u00eda desde <strong>Turqu\u00eda<\/strong> que se cierra en <strong>La Cartuja<\/strong>, donde habr\u00eda pedido una cesi\u00f3n con opci\u00f3n de compra.<\/p>\n<p class=\"parrafo\">Adem\u00e1s, Matteo Moretto desvelaba hace unos d\u00edas que el medio de cierre que m\u00e1s gusta para la <strong>26\/27<\/strong> es el argentino de <strong>Estudiantes de La Plata Mikel Amondarain<\/strong>, de <strong>21 a\u00f1os <\/strong>reci\u00e9n cumplidos y un valor de mercado de <strong>1,5 millones de euros<\/strong>, por los <strong>12<\/strong> en que est\u00e1 tasado para la web especializada &#8216;Transfermarkt&#8217; tanto el de <strong>Huizen<\/strong> como <strong>Szymanski<\/strong>. Con todo, el de <strong>General Mansillo<\/strong> acaba de renovar hasta el <strong>31 de diciembre de 2028<\/strong> y tiene una cl\u00e1usula alta. Ocupar\u00eda una plaza extracomunitaria sin vacantes en <strong>La Cartuja<\/strong>, pero su origen vasco (y, por ende, espa\u00f1ol) parece incuestionable.<\/p>\n","protected":false},"excerpt":{"rendered":"Aunque Fornals lleva gran parte del curso ejerciendo en el doble pivote, la posible venta del catal\u00e1n y&hellip;\n","protected":false},"author":2,"featured_media":352571,"comment_status":"","ping_status":"","sticky":false,"template":"","format":"standard","meta":{"footnotes":""},"categories":[268],"tags":[168,25,24,284,285,280,282,79340,286,76344,281,23,167],"class_list":["post-352570","post","type-post","status-publish","format-standard","has-post-thumbnail","category-futbol","tag-deportes","tag-es","tag-espana","tag-estadio-deportivo","tag-fichajes","tag-football","tag-futbol","tag-ivan-ilic","tag-real-betis-balompie","tag-sergi-altimira","tag-soccer","tag-spain","tag-sports"],"share_on_mastodon":{"url":"https:\/\/pubeurope.com\/@es\/115932149036755098","error":""},"_links":{"self":[{"href":"https:\/\/www.europesays.com\/es\/wp-json\/wp\/v2\/posts\/352570","targetHints":{"allow":["GET"]}}],"collection":[{"href":"https:\/\/www.europesays.com\/es\/wp-json\/wp\/v2\/posts"}],"about":[{"href":"https:\/\/www.europesays.com\/es\/wp-json\/wp\/v2\/types\/post"}],"author":[{"embeddable":true,"href":"https:\/\/www.europesays.com\/es\/wp-json\/wp\/v2\/users\/2"}],"replies":[{"embeddable":true,"href":"https:\/\/www.europesays.com\/es\/wp-json\/wp\/v2\/comments?post=352570"}],"version-history":[{"count":0,"href":"https:\/\/www.europesays.com\/es\/wp-json\/wp\/v2\/posts\/352570\/revisions"}],"wp:featuredmedia":[{"embeddable":true,"href":"https:\/\/www.europesays.com\/es\/wp-json\/wp\/v2\/media\/352571"}],"wp:attachment":[{"href":"https:\/\/www.europesays.com\/es\/wp-json\/wp\/v2\/media?parent=352570"}],"wp:term":[{"taxonomy":"category","embeddable":true,"href":"https:\/\/www.europesays.com\/es\/wp-json\/wp\/v2\/categories?post=352570"},{"taxonomy":"post_tag","embeddable":true,"href":"https:\/\/www.europesays.com\/es\/wp-json\/wp\/v2\/tags?post=352570"}],"curies":[{"name":"wp","href":"https:\/\/api.w.org\/{rel}","templated":true}]}}