{"id":352693,"date":"2026-01-21T10:00:08","date_gmt":"2026-01-21T10:00:08","guid":{"rendered":"https:\/\/www.europesays.com\/es\/352693\/"},"modified":"2026-01-21T10:00:08","modified_gmt":"2026-01-21T10:00:08","slug":"luis-suarez-amarga-a-luis-enrique","status":"publish","type":"post","link":"https:\/\/www.europesays.com\/es\/352693\/","title":{"rendered":"Luis Su\u00e1rez amarga a Luis Enrique"},"content":{"rendered":"<p class=\"ft-text\"><strong>Luis Su\u00e1rez <\/strong>&#8211; no el uruguayo, sino el colombiano &#8211; brind\u00f3 un vital triunfo al <strong>Sporting CP <\/strong>ante el <a class=\"ft-link ft-link--decoration\" href=\"https:\/\/www.sport.es\/es\/noticias\/mallorca\/mateu-alemany-negocia-psg-ex-125894956\" rel=\"nofollow noopener\" target=\"_blank\"><strong>Par\u00eds Saint-Germain<\/strong><\/a> con un doblete de \u2018killer\u2019 nato. Los parisinos hab\u00edan logrado salvar el empate gracias a un gol de <strong>Kvicha Kvaratskhelia<\/strong>, pero se march\u00f3 de vac\u00edo de un <strong>Jos\u00e9<\/strong> <strong>Alvalade <\/strong>que se vino abajo tras la diana decisiva del ex del <strong>Almer\u00eda <\/strong>en los \u00faltimos compases del encuentro (2-1).<\/p>\n<p class=\"ft-text\">Se plant\u00f3 el vigente campe\u00f3n con un banquillo cort\u00edsimo en la capital lusa, pero con un once de gala liderado por <strong>Ousmane Demb\u00e9l\u00e9, Desir\u00e9 Dou\u00e9, Vitinha<\/strong> y compa\u00f1\u00eda. El Golden Boy, de hecho, empez\u00f3 el partido haciendo de las suyas por banda izquierda, mareando a la zaga lisboeta pero no logrando materializar sus constantes internadas.<\/p>\n<p class=\"ft-text\"><strong>Za\u00efre-Emery, <\/strong>de cabeza, adelant\u00f3 a los parisinos, pero su tanto fue anulado por falta de <strong>Mayulu <\/strong>sobre <strong>Geny Catamo <\/strong>en el robo que inici\u00f3 la acci\u00f3n. <strong>Nuno Mendes <\/strong>tambi\u00e9n bati\u00f3 a<strong> Rui Silva<\/strong>, pero su diana tampoco subi\u00f3 al marcador por fuera de juego de <strong>Demb\u00e9l\u00e9<\/strong>.<\/p>\n<p>Locura en el Jos\u00e9 Alvalade<\/p>\n<p class=\"ft-text\">La niebla se apoder\u00f3 de un <strong>Jos\u00e9 Alvalade<\/strong> que celebrar\u00eda con efusividad el tanto de su &#8216;killer&#8217;, de un<strong> Luis Su\u00e1rez<\/strong> que vino para sustituir a un <strong>Viktor Gy\u00f6keres<\/strong> cuyo vac\u00edo parec\u00eda dif\u00edcil de llenar. El colombiano recogi\u00f3 un bal\u00f3n suelto en el \u00e1rea y no perdon\u00f3. La respuesta del <strong>PSG<\/strong>, sin embargo, fue inmediata: <strong>Kvaratskhelia <\/strong>recort\u00f3 y puso el bal\u00f3n en la escuadra m\u00e1s alejada del marco de <strong>Rui Silva.<\/strong><\/p>\n<p class=\"ft-text\">El <strong>Sporting CP <\/strong>se vino arriba pese al golpe y obtuvo premio.<strong> Luis Su\u00e1rez<\/strong> volvi\u00f3 a ser el m\u00e1s listo de la clase y caz\u00f3 el rebote de un disparo de <strong>Trincao<\/strong> y ajust\u00f3 el bal\u00f3n al poste. Golpe tremendo del <strong>Sporting CP<\/strong> en la <strong>Champions<\/strong>. Los lusos son ahora sextos en la clasificaci\u00f3n con 13 puntos, uno menos que los parisinos, que son quintos.<\/p>\n","protected":false},"excerpt":{"rendered":"Luis Su\u00e1rez &#8211; no el uruguayo, sino el colombiano &#8211; brind\u00f3 un vital triunfo al Sporting CP ante&hellip;\n","protected":false},"author":2,"featured_media":352694,"comment_status":"","ping_status":"","sticky":false,"template":"","format":"standard","meta":{"footnotes":""},"categories":[268],"tags":[7668,1241,168,12096,25,24,280,282,7820,281,23,167,9248],"class_list":["post-352693","post","type-post","status-publish","format-standard","has-post-thumbnail","category-futbol","tag-amarga","tag-champions-league","tag-deportes","tag-enrique","tag-es","tag-espana","tag-football","tag-futbol","tag-luis","tag-soccer","tag-spain","tag-sports","tag-suarez"],"share_on_mastodon":{"url":"https:\/\/pubeurope.com\/@es\/115932510501784429","error":""},"_links":{"self":[{"href":"https:\/\/www.europesays.com\/es\/wp-json\/wp\/v2\/posts\/352693","targetHints":{"allow":["GET"]}}],"collection":[{"href":"https:\/\/www.europesays.com\/es\/wp-json\/wp\/v2\/posts"}],"about":[{"href":"https:\/\/www.europesays.com\/es\/wp-json\/wp\/v2\/types\/post"}],"author":[{"embeddable":true,"href":"https:\/\/www.europesays.com\/es\/wp-json\/wp\/v2\/users\/2"}],"replies":[{"embeddable":true,"href":"https:\/\/www.europesays.com\/es\/wp-json\/wp\/v2\/comments?post=352693"}],"version-history":[{"count":0,"href":"https:\/\/www.europesays.com\/es\/wp-json\/wp\/v2\/posts\/352693\/revisions"}],"wp:featuredmedia":[{"embeddable":true,"href":"https:\/\/www.europesays.com\/es\/wp-json\/wp\/v2\/media\/352694"}],"wp:attachment":[{"href":"https:\/\/www.europesays.com\/es\/wp-json\/wp\/v2\/media?parent=352693"}],"wp:term":[{"taxonomy":"category","embeddable":true,"href":"https:\/\/www.europesays.com\/es\/wp-json\/wp\/v2\/categories?post=352693"},{"taxonomy":"post_tag","embeddable":true,"href":"https:\/\/www.europesays.com\/es\/wp-json\/wp\/v2\/tags?post=352693"}],"curies":[{"name":"wp","href":"https:\/\/api.w.org\/{rel}","templated":true}]}}