{"id":35275,"date":"2025-08-09T04:10:12","date_gmt":"2025-08-09T04:10:12","guid":{"rendered":"https:\/\/www.europesays.com\/es\/35275\/"},"modified":"2025-08-09T04:10:12","modified_gmt":"2025-08-09T04:10:12","slug":"las-tendencias-que-anuncia-el-diablo-viste-de-prada-2","status":"publish","type":"post","link":"https:\/\/www.europesays.com\/es\/35275\/","title":{"rendered":"Las tendencias que anuncia &#8216;El diablo viste de Prada 2&#8217;"},"content":{"rendered":"<p>Todo el mundo habla de <a href=\"https:\/\/www.glamour.es\/articulos\/el-diablo-se-viste-de-prada-2\" rel=\"nofollow noopener\" target=\"_blank\"><strong>El diablo viste de Prada 2<\/strong><\/a>. Se habla tanto, de hecho, que somos much\u00edsimos los cin\u00e9files yf ashionistas que ya no queremos ver m\u00e1s spoilers. Hemos llegado a tal punto que parece que, una vez se estrene en el cine o en plataformas, nada nos pillar\u00e1 por sorpresa. A su vez, es imposible no admitir que cada una de las im\u00e1genes que salen a la luz nos da mucha vida y nos recuerdan a la primera vez que vimos la pel\u00edcula en el 2006. Contradicciones, s\u00ed.<\/p>\n<p><strong>D\u00eda que pasa, d\u00eda en el que nos toca ver otro look m\u00e1s<\/strong> del rodaje de la secuela de la cinta de David Frankel. De <a href=\"https:\/\/www.glamour.es\/articulos\/looks-meryl-streep-anne-hathaway-rodaje-el-diablo-viste-de-prada-2\" rel=\"nofollow noopener\" target=\"_blank\">gabardinas<\/a> a unas <a href=\"https:\/\/www.glamour.es\/articulos\/andrea-sacks-botas-altas-anna-wintour-el-diablo-viste-prada-2#intcid=_glamour-es-moda-bottom-recirc_e2f6d555-7601-4884-ba18-757f85cc60aa_roberta-similarity1\" rel=\"nofollow noopener\" target=\"_blank\">botas que nos recordaron a Anna Wintour<\/a>, pasando por <a href=\"https:\/\/www.glamour.es\/articulos\/emily-blunt-diablo-viste-de-prada-2-chaleco\" rel=\"nofollow noopener\" target=\"_blank\">chalecos<\/a>, vaqueros blancos, <a href=\"https:\/\/www.glamour.es\/articulos\/anne-hathaway-sandalias-plataforma-tacon-de-madera-el-diablo-viste-de-prada-2\" rel=\"nofollow noopener\" target=\"_blank\">vestidos estampados<\/a> y hasta <a href=\"https:\/\/www.glamour.es\/articulos\/meryl-streep-rodando-el-diablo-viste-de-prada-2-vestido-rojo\" rel=\"nofollow noopener\" target=\"_blank\">estilismos dignos de una Met Gala<\/a>: ya hemos visto de todo un poco. Y cu\u00e1ntos m\u00e1s vemos, m\u00e1s entendemos qu\u00e9 direcci\u00f3n ha tomado la sucesora de Patricia Field, <strong>Molly Rogers<\/strong>.<\/p>\n<p>\u00a9 Getty Images. Creatividad de Ana Mu\u00f1oz<\/p>\n<p>Las cosas como son: <strong>Miranda Priestly<\/strong>, <strong>Andy Sachs<\/strong> y <strong>Emily Charlton<\/strong>, incluso Serena, <a href=\"https:\/\/www.glamour.es\/articulos\/gisele-bundchen-el-diablo-viste-de-prada-icono-generacion-z\" rel=\"nofollow noopener\" target=\"_blank\">el papel de Giselle Bundchen<\/a> y los pocos minutos que tiene en pantalla, marcaron un antes y un despu\u00e9s en los armarios de las chicas que aman la moda y el cine. Y, por lo que hemos visto, El diablo viste de Prada 2 llegar\u00e1 para <strong>crear ese mismo efecto<\/strong> no solo en las chicas que hemos convivido con la pel\u00edcula, sino con las nuevas fans que seguramente tendr\u00e1.<\/p>\n<p>El resumen es que, por m\u00e1s que no queramos ver todas las im\u00e1genes filtradas v\u00eda paparazzi, nos es imposible no verlas, descifrar marcas y, de paso, analizarlas para intuir en ellas tendencias importantes. Porque no hay duda de que, igual que pasa con todas aquellas series y pel\u00edculas que se desarrollan en el mundo de la moda, tendr\u00e1n un efecto bola de nieve y las tendencias beber\u00e1n de ella.<\/p>\n<p><strong>Aqu\u00ed 12 tendencias vistas en el set de El diablo viste de Prada 2 que llevaremos hoy, en oto\u00f1o y en 2026<\/strong><\/p>\n","protected":false},"excerpt":{"rendered":"Todo el mundo habla de El diablo viste de Prada 2. Se habla tanto, de hecho, que somos&hellip;\n","protected":false},"author":2,"featured_media":35276,"comment_status":"","ping_status":"","sticky":false,"template":"","format":"standard","meta":{"footnotes":""},"categories":[169],"tags":[8141,177,17902,146,147,25,24,176,10432,8142,175,23],"class_list":{"0":"post-35275","1":"post","2":"type-post","3":"status-publish","4":"format-standard","5":"has-post-thumbnail","7":"category-cine","8":"tag-anne-hathaway","9":"tag-cine","10":"tag-emily-blunt","11":"tag-entertainment","12":"tag-entretenimiento","13":"tag-es","14":"tag-espana","15":"tag-film","16":"tag-inspiracion","17":"tag-meryl-streep","18":"tag-movies","19":"tag-spain"},"share_on_mastodon":{"url":"","error":""},"_links":{"self":[{"href":"https:\/\/www.europesays.com\/es\/wp-json\/wp\/v2\/posts\/35275","targetHints":{"allow":["GET"]}}],"collection":[{"href":"https:\/\/www.europesays.com\/es\/wp-json\/wp\/v2\/posts"}],"about":[{"href":"https:\/\/www.europesays.com\/es\/wp-json\/wp\/v2\/types\/post"}],"author":[{"embeddable":true,"href":"https:\/\/www.europesays.com\/es\/wp-json\/wp\/v2\/users\/2"}],"replies":[{"embeddable":true,"href":"https:\/\/www.europesays.com\/es\/wp-json\/wp\/v2\/comments?post=35275"}],"version-history":[{"count":0,"href":"https:\/\/www.europesays.com\/es\/wp-json\/wp\/v2\/posts\/35275\/revisions"}],"wp:featuredmedia":[{"embeddable":true,"href":"https:\/\/www.europesays.com\/es\/wp-json\/wp\/v2\/media\/35276"}],"wp:attachment":[{"href":"https:\/\/www.europesays.com\/es\/wp-json\/wp\/v2\/media?parent=35275"}],"wp:term":[{"taxonomy":"category","embeddable":true,"href":"https:\/\/www.europesays.com\/es\/wp-json\/wp\/v2\/categories?post=35275"},{"taxonomy":"post_tag","embeddable":true,"href":"https:\/\/www.europesays.com\/es\/wp-json\/wp\/v2\/tags?post=35275"}],"curies":[{"name":"wp","href":"https:\/\/api.w.org\/{rel}","templated":true}]}}