{"id":353313,"date":"2026-01-21T17:18:09","date_gmt":"2026-01-21T17:18:09","guid":{"rendered":"https:\/\/www.europesays.com\/es\/353313\/"},"modified":"2026-01-21T17:18:09","modified_gmt":"2026-01-21T17:18:09","slug":"nuevo-varapalo-legal-para-anabel-pantoja-por-el-caso-de-su-hija-la-voz-de-galicia","status":"publish","type":"post","link":"https:\/\/www.europesays.com\/es\/353313\/","title":{"rendered":"Nuevo varapalo legal para Anabel Pantoja por el caso de su hija &#8211; La Voz de Galicia"},"content":{"rendered":"<ol>\n<li><a href=\"https:\/\/news.google.com\/rss\/articles\/CBMiwAFBVV95cUxQaEVSVmg1bG1ocENEamVrbElfNnVBZGlaT0FCeEtVRVF5MlJneDVkQ1RoZGUwODJ2eVhNdHB0T0hEX2wwT0VOQmFYSkwxOFRYb1NfZ1U5aHN3X1VZbGl0U2NldTlzbTV0UFRONzdKeDJXUExJbDFMYlduQzVfajJSYUtBX09uczNjdk9femxhYW04Y2RLM1lyTWFBRjI4WHZjYy1wOEVBM1lNYjdKd0h1MDYtUVFlM2d5TG5sSTRNOHnSAdwBQVVfeXFMTWhsSjhYTWx5NjNNTnpVOGRkbGpxZEJTM1JHdWdtb3hzNzBTWmdDd2E2Ny0zRzlJTlFJM1Q2UFBnSTNwV3R4UTlLWnN5Um5WTHROOWhRRk92Yjh4UFhjMmViX3NBOFJ0UHhkZzgxalBabkR1Vnk4VE1SSm9zWlNzYUh1Z2h6UUlnREU5M1hpUmloVmJuQmV3ei1PWlFXQWlPT1JueHRWSTJSOEJfOV9FX29sMEpKMTBBcVFmTGI0cVBLYTVVY0RzcUJUTjg4RnZiMEZwR0VEQjBGdTJIZg?oc=5\" target=\"_blank\" rel=\"nofollow noopener\">Nuevo varapalo legal para Anabel Pantoja por el caso de su hija<\/a>&nbsp;&nbsp;La Voz de Galicia<\/li>\n<li><a href=\"https:\/\/news.google.com\/rss\/articles\/CBMi8AFBVV95cUxOMXVhejQ2NlhiZy1kdmxyVXJpYkpnNXhQZXBlcVduN0puYWtsZzZ5UjhhWmRTZDJJUHJkb29LWEotZFdMdUZlWkltN2l6cWoyeUhsS3hLbVRwdktoZnJaQm1SUnUzeUtNdWlyM295NThGbVpuVU9ma3B3aGtETm1PSi1DblAyM0E5dnl1UjRmNFhRTE1VSWJJYnA5U24tb0lrZ0xVYWEtNmtjQklPNXM2QzdVU0dOU2IzZDhqanRLc2FxVTc2aUlvR1ItVFdyN0NkeDJyTV9Nd2F1RUxJSlNCMDB0THpBMGxkSXRsTzYzb0XSAYQCQVVfeXFMUHg5UEdDNzU4V3FoWkpSQ3ZZQ3dXQUpaYlZUZ1VQNk11VkJtbUM0dDZOZ2ZpdnZrT1lKQmdOdlN0WnBVczBZRXpyWGMta0dCMERVaGFJUUFDMmZjVW4xN1l1eXJZNXhpMFp1aVFzRVFMR1dscUU1aUdwMzhrblMydk05QVlUWG1NWXotQ3E3cDE4SHdtZE9IcE1sbnBIaEJzV0lTTFpyMzdpZU1teDdaaEw0cDE1Ny1qdnYycVhteGxVemVXazFiWFhJTHBwSmQyTTI0RDVZcDhaNTkxWHR6ZDNvYmVZTmtVWXdiT0I4SjJSdUlDMi1vNnZhaFV3VzVxQkNha1Y?oc=5\" target=\"_blank\" rel=\"nofollow noopener\">La investigaci\u00f3n a Anabel Pantoja y David Rodr\u00edguez sobre las lesiones de su hija se prorroga otros seis meses<\/a>&nbsp;&nbsp;La Raz\u00f3n<\/li>\n<li><a href=\"https:\/\/news.google.com\/rss\/articles\/CBMipAFBVV95cUxNNTFFM2lCVzZSSXdBQ29xa2ptdlBBMHFVcEx5WTJHZjA5VXhZcUk1cFktT2lnekRFeVBURmxKbzBqTE5IUnFmZWNyQjJLd2dMbmFlYXFHcTVBaVYwd0RZRkQxVlZNNmhxcGhEcTFLcEpoY3JTRV9ZamNSdnJQSGlTRS0yUUFpNk1RWUMwc0UtQU5rd3R5bWpCNk5vSV9CY3B2V2RhUw?oc=5\" target=\"_blank\" rel=\"nofollow noopener\">Se prorroga seis meses m\u00e1s la investigaci\u00f3n a Anabel Pantoja y David Rodr\u00edguez por las lesiones de su hija<\/a>&nbsp;&nbsp;ABC<\/li>\n<li><a href=\"https:\/\/news.google.com\/rss\/articles\/CBMixwFBVV95cUxPMjR6cVZzcW1fVkpiNVRvZHo3WUozaW9qRDRVcUNCcndRaTRrQ1l5UGJ5eFQtWV9KTmFSOXpCMTluSG1sc2JQaGNLRW1iSEV6MjBJdUMtLTJLVkZJeGE0R2o1RFZXckc1UHRtUHJ2XzR5SmUtcjg0N3lNS0U2UjhXOXUxZ2JyR1lRa0dUa0t2VjctbU9jZExLbU52RmlGYmNCYVZBVGNXNTIyUG4xMllsaklIaURsWTI2VmtzZzlKYTRVN1NrTHZN0gHMAUFVX3lxTE16RFBwV243cC1JaVEyX0wybGNEOW13RWFuOEdzY2hxTWdvYU1aWmVuNXFydGtrd1c0N2dBWk1uUFJfcDJ6VHBXSVhCQ0xsRm5jQWFQVTFrUUZlMzU1RDI4Sll6aFFKRGFSQUpwanl0WU5WTTZ3Q3N3d2dWZElzOVphX183TnhVN0dpZldkbWt0YWdRemNiWWduWFNJNmoxOFB6bWtxbDRYZEhTUzNIbUNQRnFPeFY5NGZSdURpa1h4UjFfQmZ0WjR2LVlDXw?oc=5\" target=\"_blank\" rel=\"nofollow noopener\">Prorrogan seis meses la investigaci\u00f3n a Anabel Pantoja y su pareja por presuntas lesiones a su beb\u00e9<\/a>&nbsp;&nbsp;El Confidencial<\/li>\n<li><a href=\"https:\/\/news.google.com\/rss\/articles\/CBMitwFBVV95cUxOZ00xTWoyN0VlOGdTOHJxQXR5Rm5uQXBvRXhRUEVCNDdEMlVwMUYzMUhzRnQ2eDRXaWV0MmVDVW8xc2JhUE9YTUZEMy1FT2JnZF9UMTFKYzA4UVRZd0hGTnE3dDNnS29nQ0FQY3pzYS0tZXFQSTZvTFVfUjkyVnY1Z0NVTHNad3Q0T2FzaG92WnZROUtYLVZQampiNGJXRXZMeDE3ODlyMUxfNkxoN2oyam5LTk54b28?oc=5\" target=\"_blank\" rel=\"nofollow noopener\">\u00daltima hora de la investigaci\u00f3n judicial a Anabel Pantoja y David Rodr\u00edguez<\/a>&nbsp;&nbsp;Diario Sur<\/li>\n<\/ol>\n","protected":false},"excerpt":{"rendered":"Nuevo varapalo legal para Anabel Pantoja por el caso de su hija&nbsp;&nbsp;La Voz de Galicia La investigaci\u00f3n a&hellip;\n","protected":false},"author":2,"featured_media":353314,"comment_status":"","ping_status":"","sticky":false,"template":"","format":"standard","meta":{"footnotes":""},"categories":[174],"tags":[4476,255,146,147,25,24,256,496,23],"class_list":["post-353313","post","type-post","status-publish","format-standard","has-post-thumbnail","category-famosos","tag-anabel-pantoja","tag-celebrities","tag-entertainment","tag-entretenimiento","tag-es","tag-espana","tag-famosos","tag-maltrato-infantil","tag-spain"],"share_on_mastodon":{"url":"https:\/\/pubeurope.com\/@es\/115934232759460846","error":""},"_links":{"self":[{"href":"https:\/\/www.europesays.com\/es\/wp-json\/wp\/v2\/posts\/353313","targetHints":{"allow":["GET"]}}],"collection":[{"href":"https:\/\/www.europesays.com\/es\/wp-json\/wp\/v2\/posts"}],"about":[{"href":"https:\/\/www.europesays.com\/es\/wp-json\/wp\/v2\/types\/post"}],"author":[{"embeddable":true,"href":"https:\/\/www.europesays.com\/es\/wp-json\/wp\/v2\/users\/2"}],"replies":[{"embeddable":true,"href":"https:\/\/www.europesays.com\/es\/wp-json\/wp\/v2\/comments?post=353313"}],"version-history":[{"count":0,"href":"https:\/\/www.europesays.com\/es\/wp-json\/wp\/v2\/posts\/353313\/revisions"}],"wp:featuredmedia":[{"embeddable":true,"href":"https:\/\/www.europesays.com\/es\/wp-json\/wp\/v2\/media\/353314"}],"wp:attachment":[{"href":"https:\/\/www.europesays.com\/es\/wp-json\/wp\/v2\/media?parent=353313"}],"wp:term":[{"taxonomy":"category","embeddable":true,"href":"https:\/\/www.europesays.com\/es\/wp-json\/wp\/v2\/categories?post=353313"},{"taxonomy":"post_tag","embeddable":true,"href":"https:\/\/www.europesays.com\/es\/wp-json\/wp\/v2\/tags?post=353313"}],"curies":[{"name":"wp","href":"https:\/\/api.w.org\/{rel}","templated":true}]}}