{"id":353418,"date":"2026-01-21T18:35:09","date_gmt":"2026-01-21T18:35:09","guid":{"rendered":"https:\/\/www.europesays.com\/es\/353418\/"},"modified":"2026-01-21T18:35:09","modified_gmt":"2026-01-21T18:35:09","slug":"la-tarde-aqui-y-ahora-el-ultimo-adios-de-la-familia-real-a-irene-de-grecia-uno-de-los-temas-de-la-cronica-social-canalsur-es","status":"publish","type":"post","link":"https:\/\/www.europesays.com\/es\/353418\/","title":{"rendered":"La tarde, aqu\u00ed y ahora | El \u00faltimo adi\u00f3s de la Familia Real a Irene de Grecia, uno de los temas de la cr\u00f3nica social &#8211; canalsur.es"},"content":{"rendered":"<ol>\n<li><a href=\"https:\/\/news.google.com\/rss\/articles\/CBMikAFBVV95cUxOUFppTDNMMXhOZ3BQck9HcVY1MnBtdTVlNHJ4RXdzckVCVFk5RlRSZ3MtUXpPTmNsTGhOMnJjVVo5YkdWUmh4ajQ5VTM0VVdNVkJnYTBwMS1zMkhWWnFHeGJUN0MxZnFaVUcwYk84SWFPandoMGpOcFo3dE5DWk5SU3Q5Q2JhcU9wXzlGWjVyd2c?oc=5\" target=\"_blank\" rel=\"nofollow noopener\">La tarde, aqu\u00ed y ahora | El \u00faltimo adi\u00f3s de la Familia Real a Irene de Grecia, uno de los temas de la cr\u00f3nica social<\/a>&nbsp;&nbsp;canalsur.es<\/li>\n<li><a href=\"https:\/\/news.google.com\/rss\/articles\/CBMi4AFBVV95cUxQeDVCMU93ZVFxdUtwaWoxSy1ENUhMVGlmNzhFWlg4OWlORlBlbDZzeV9SWlJpZTJEZFlMWEhPTE54UHBCSkJxeEFNXzZ3dy1tcTREZEQxeGxZa0VjREl1alBYUWtpMHZzUGxuS2tYMThHME94STg3RXhaRXJaejJGTXlscWFlakpNTlROWlF1ZmtLeVRDWVdMajhqWHFfY0tZUkNsamg3Q24ySk9POUl4ekhCanJtVHVTMG5YbTBzc2xKMFk3aFVlVnhiNlJzNk9Gek9vd1I0ekxMT25wTTg0Y9IB_AFBVV95cUxNUUFnNTBiRzcwdFFrVS00bmdhbXg1ZW1ZT2pjVXgxZnJtWWxLUzg2QVYyQnBxU1hKc2FiLXpVN2pZS1lEZE4zUU1YNlhhWTVLQVR6eExpSHVyb1U5dWd6NDZtaXhERzZXVF9zNGFKMnpqNGRUeFY1OUdIR1RwcUVsbExTM2tCT3hteXpaa28zSVlkNlczNEp6R3VubUVrRlZKOVAzTnZLUnZfbkpFVHpBQ09ZdHpYckhrT0U5TjRwbkRpVXVwNEhWZUREWkh5R0t6bjFMV0pldkdPd2xPTFZLb0ZRVm52dkN0TXVpV2tBU2pzaktpNlI1S3NFX2U?oc=5\" target=\"_blank\" rel=\"nofollow noopener\">Irene Urdangarin, la principal heredera del legado de la princesa Irene de Grecia<\/a>&nbsp;&nbsp;La Voz de Galicia<\/li>\n<li><a href=\"https:\/\/news.google.com\/rss\/articles\/CBMixwFBVV95cUxNNVZGZGsxV3EzX1pVd2pFUmhpdmdjZGU1eHlTX2Y1c19vRkJZTzhRQ0ZiVjhoTllTU0tMWUQ5a2Rwdk03TkxzdXUyNDBaRXEzM3JQMmw1MVp1MzkxYU45enlnaW85UHhzbV9BakEwdFU1LWl4QTJrVWdUaWV4ZkViMU5FUWdXR01OSDNKNU81U1k2d0NqRnJDYktjTlppdlFfNGxZX2NIU1RZLVdZT1NBdmcyT0JNcDRFSG5vWkUwMWxRaS1QSVZB?oc=5\" target=\"_blank\" rel=\"nofollow noopener\">El cari\u00f1oso mote con el que sus sobrinos llamaban a su t\u00eda Irene de Grecia, revelado en el paneg\u00edrico de su funeral<\/a>&nbsp;&nbsp;Vanitatis<\/li>\n<li><a href=\"https:\/\/news.google.com\/rss\/articles\/CBMiugFBVV95cUxPbmNvaFg4czlFdExiZlJrck9LS0xmZ25JNW9kWjdtM1N0YUx6V3VwQmExZ0ZaeU5wNUJlb0hTNHpNTjlwV3RHYmNZWWdrSjBEWFJ5VGxBSDBOMHNvUlNydms3Rm8yWXNtWklqWlpPWjNocHdlZU92UEcydm82MlFGZnFXb0o5SnpQTDQtVlJIc2VJcFZJamk1Rkg1b3R2UHF3YlFCbGdSLS1KNkxaUE9QVkgxQWF4ZTNsOUE?oc=5\" target=\"_blank\" rel=\"nofollow noopener\">La herencia de la princesa Irene de Grecia que favorece a los Urdangarin y deja fuera a Leonor y Sof\u00eda<\/a>&nbsp;&nbsp;El Correo<\/li>\n<li><a href=\"https:\/\/news.google.com\/rss\/articles\/CBMi8wFBVV95cUxPTl83V3JCSWUtVHVjOUdfRlZGaVloeGdoNGlhbGJSMkdnal9EVXc3TEgtZWhLSWhkUVhnZjFIQ2lfQkhnVjBrZU9obHNWdDgwQjhsLW1tTkF4YUc3OW5fdFNLYy1hVTkyaXAwSUNhWlUzR1ZfZ2l6anVUcy1IQXM1cm9aTFJEbHdiYzZ2RkNPaXRRZEJTa2oxR2t4YmJENl9feW0xMlg3Z09tb0o4aFE2a0llU3llTU42MExtUjZUWFdld2J6RzBaTWFacFRxOTR1ekFwbXJ3NDR3WnNvaFpKaEtuaG8xVlQxdUhQYWFGSVRpV1XSAfMBQVVfeXFMT1RlRnBpSTd1VVAzUXI0aDhHX1czWmZvOGVjcldKanJDM2N2SU9ycGlKQm9GN0M2SXowa3BnRkctN1ZiQmRaaFhta1ZBMEhuZ0pDWVliRFJLdzI2MFZicC1sc2NvQi1iV1ZUTzV3Qjh0c3dMb28td3Q3bXhXdUM1dUtlTHpmdVZDOXNqZFZORVV2dXM3Zno4N1phd1FnTXFldkJGNVk3bXkzRUhPYzBhbFBnNHRZaVlNWWF2a3RUTm9oalpaYWJuMlktenBwbjZ1cVVESlgwRXJFRi1jUV8xTzNJaWZ6a2gycE13S0FkLVJzMm1j?oc=5\" target=\"_blank\" rel=\"nofollow noopener\">Los gestos de cari\u00f1o de la princesa Leonor para intentar consolar a la reina Sof\u00eda en el funeral de Irene de<\/a>&nbsp;&nbsp;LaSexta<\/li>\n<\/ol>\n","protected":false},"excerpt":{"rendered":"La tarde, aqu\u00ed y ahora | El \u00faltimo adi\u00f3s de la Familia Real a Irene de Grecia, uno&hellip;\n","protected":false},"author":2,"featured_media":353419,"comment_status":"","ping_status":"","sticky":false,"template":"","format":"standard","meta":{"footnotes":""},"categories":[91],"tags":[5795,79457,146,147,25,24,1148,79455,30560,15804,79456,23,79454],"class_list":["post-353418","post","type-post","status-publish","format-standard","has-post-thumbnail","category-entretenimiento","tag-canal-sur","tag-defensa-julio-iglesias","tag-entertainment","tag-entretenimiento","tag-es","tag-espana","tag-familia-real","tag-hermana-reina-sofia","tag-irene-de-grecia","tag-la-tarde-aqui-y-ahora","tag-muerte-valentino","tag-spain","tag-ultimo-adios"],"share_on_mastodon":{"url":"https:\/\/pubeurope.com\/@es\/115934535705208654","error":""},"_links":{"self":[{"href":"https:\/\/www.europesays.com\/es\/wp-json\/wp\/v2\/posts\/353418","targetHints":{"allow":["GET"]}}],"collection":[{"href":"https:\/\/www.europesays.com\/es\/wp-json\/wp\/v2\/posts"}],"about":[{"href":"https:\/\/www.europesays.com\/es\/wp-json\/wp\/v2\/types\/post"}],"author":[{"embeddable":true,"href":"https:\/\/www.europesays.com\/es\/wp-json\/wp\/v2\/users\/2"}],"replies":[{"embeddable":true,"href":"https:\/\/www.europesays.com\/es\/wp-json\/wp\/v2\/comments?post=353418"}],"version-history":[{"count":0,"href":"https:\/\/www.europesays.com\/es\/wp-json\/wp\/v2\/posts\/353418\/revisions"}],"wp:featuredmedia":[{"embeddable":true,"href":"https:\/\/www.europesays.com\/es\/wp-json\/wp\/v2\/media\/353419"}],"wp:attachment":[{"href":"https:\/\/www.europesays.com\/es\/wp-json\/wp\/v2\/media?parent=353418"}],"wp:term":[{"taxonomy":"category","embeddable":true,"href":"https:\/\/www.europesays.com\/es\/wp-json\/wp\/v2\/categories?post=353418"},{"taxonomy":"post_tag","embeddable":true,"href":"https:\/\/www.europesays.com\/es\/wp-json\/wp\/v2\/tags?post=353418"}],"curies":[{"name":"wp","href":"https:\/\/api.w.org\/{rel}","templated":true}]}}