{"id":353433,"date":"2026-01-21T18:48:15","date_gmt":"2026-01-21T18:48:15","guid":{"rendered":"https:\/\/www.europesays.com\/es\/353433\/"},"modified":"2026-01-21T18:48:15","modified_gmt":"2026-01-21T18:48:15","slug":"horario-y-donde-ver-el-casademont-zaragoza-valencia-basket-de-euroleague-women","status":"publish","type":"post","link":"https:\/\/www.europesays.com\/es\/353433\/","title":{"rendered":"Horario y d\u00f3nde ver el Casademont Zaragoza-Valencia Basket de EuroLeague Women"},"content":{"rendered":"<p class=\"ft-text\">Turno para las de Rub\u00e9n Burgos. <strong>El<\/strong><a class=\"ft-link ft-link--decoration\" href=\"https:\/\/www.superdeporte.es\/valencia-basket\/2026\/01\/20\/revancha-zaragoza-yvonne-anderson-duda-lesion-soleo-euroleague-women-125888965.html\" rel=\"nofollow noopener\" target=\"_blank\"> Valencia Basket visita a Casademont Zaragoza<\/a> en la J10 de la <strong>EuroLeague Women<\/strong>. El conjunto taronja, que perdi\u00f3 en la ida en el Roig Arena ante el equipo aragon\u00e9s, busca asaltar el Pr\u00edncipe Felipe para devolver el golpe y encarrilar su presencia en los play-ins de la competici\u00f3n europea, a falta de tres jornadas para el final de la fase regular. La cita es <strong>este mi\u00e9rcoles 21 de enero a las 20:00 horas y podr\u00e1 verse en directo en Movistar y \u00c0 Punt. <\/strong><\/p>\n<p class=\"ft-text\">El t\u00e9cnico del conjunto taronja tendr\u00e1 la baja de una de sus jugadoras profesionales en este partido. Hind Ben Abdelkader, que no viaj\u00f3 a Madrid, se perder\u00e1 los pr\u00f3ximos partidos a causa de una lesi\u00f3n muscular en el s\u00f3leo, pendiente de evoluci\u00f3n. Yvonne Anderson ser\u00e1 duda a causa de unas molestias. El resto de las jugadoras profesionales est\u00e1n disponibles para este duelo, completando la plantilla de doce.<\/p>\n<p>Precedentes<\/p>\n<p class=\"ft-text\">El conjunto taronja lleva 28 partidos disputados ante Casademont Zaragoza. Est\u00e1n repartidos entre 11 en fase regular de la LF Endesa, 6 en playoffs de liga, 3 en Copa de la Reina, 3 en Supercopa y 5 en EuroLeague Women. Esto supone que el equipo ma\u00f1o es ya uno de los rivales m\u00e1s recurrentes de Valencia Basket. <strong>El balance global es de 21-7 para las taronja.<\/strong><\/p>\n<p class=\"ft-text\">De 11 partidos que se han jugado en Zaragoza, 7 han sido para Valencia Basket y 4 para las locales. El triunfo taronja m\u00e1s abultado fue en la temporada 20-21 con un 62-91 y un +29 en LF Endesa. La victoria local m\u00e1s amplia fue un 79-52 y un +27 en LF Endesa la pasada campa\u00f1a. De los dos duelos de Euroliga, en la 23-24 gan\u00f3 Casademont Zaragoza por 59-74 y la pasada campa\u00f1a gan\u00f3 Valencia Basket con un 64-79.\u00a0Si nos ce\u00f1imos a los resultados recientes de forma general, Casademont Zaragoza lleva tres victorias seguidas con la final de Supercopa, el partido de ida de EuroLeague Women y el de ida de la LF Endesa.<\/p>\n<p><img decoding=\"async\" src=\"https:\/\/www.europesays.com\/es\/wp-content\/uploads\/2026\/01\/ead4164c-26db-4b1f-8aab-7e1dece369a2_alta-libre-aspect-ratio_default_0_x1115y512.jpg\" width=\"1200\" height=\"800\" alt=\"Rub\u00e9n Burgos, durante el partido entre el Movistar Estudiantes y el Valencia Basket.\" class=\"ft-helper-img-rd\" loading=\"lazy\"\/><\/p>\n<p class=\"ft-helper-fontColor-quaternary ft-helper-fontSize-body-S ft-helper-spacer-t-xxs\">Rub\u00e9n Burgos, durante el partido entre el Movistar Estudiantes y el Valencia Basket.  \/ Movistar Estudiantes<\/p>\n<p>El rival: Casademont Zaragoza<\/p>\n<p class=\"ft-text\">Casademont Zaragoza est\u00e1 protagonizando, por el momento,<strong> su mejor temporada desde que el Club adquiri\u00f3 el Mann Filter Zaragoza<\/strong>. En LF Endesa ostentan el liderato, habiendo<strong> finalizado la primera vuelta como campe\u00f3n de invierno<\/strong>, con un balance actual de 16-1.<strong> En EuroLeague Women <\/strong>se encuentran en una situaci\u00f3n algo menos favorable, pero<strong> con todas las opciones de entrar en el play-in<\/strong> con las visitas de Valencia Basket y DVTK y el viaje a la pista de Fenerbahce por delante. En caso de caer en el Pr\u00edncipe Felipe ante el equipo taronja se le empezar\u00eda a complicar esa posibilidad.<\/p>\n<p class=\"ft-text\"><strong>La \u00fanica baja para este partido es la de Dalma Czukor<\/strong>, que estuvo de baja por maternidad toda la pasada campa\u00f1a y dio a luz a su hijo este verano. Carla Leite podr\u00eda regresar en este encuentro tras perderse los \u00faltimos partidos a causa de una contusi\u00f3n \u00f3sea y un esguince leve en la rodilla que sufri\u00f3 el 10 de enero en partido de LF Endesa.<\/p>\n<p class=\"ft-text\">En la competici\u00f3n europea las jugadoras m\u00e1s destacadas est\u00e1n siendo Helena Pueyo, con una media de 10,5 puntos, 4 rebotes, 2 asistencias, 2,3 robos y 14,6 de valoraci\u00f3n por partido, y Carla Leite con sus 12 puntos, 3 asistencias y 10,4 de valoraci\u00f3n de media. Mariona Ortiz tambi\u00e9n destaca con sus 6,3 pases de canasta por encuentro que le permiten ser la segunda mejor asistente de la competici\u00f3n.<\/p>\n","protected":false},"excerpt":{"rendered":"Turno para las de Rub\u00e9n Burgos. El Valencia Basket visita a Casademont Zaragoza en la J10 de la&hellip;\n","protected":false},"author":2,"featured_media":353434,"comment_status":"","ping_status":"","sticky":false,"template":"","format":"standard","meta":{"footnotes":""},"categories":[269],"tags":[299,1918,298,2511,5369,168,2917,25,24,10797,833,319,5370,17893,23,167,235,2916,809,491],"class_list":["post-353433","post","type-post","status-publish","format-standard","has-post-thumbnail","category-baloncesto","tag-baloncesto","tag-basket","tag-basketball","tag-casademont","tag-casademont-zaragoza","tag-deportes","tag-endesa","tag-es","tag-espana","tag-euroleague-women","tag-euroliga","tag-horario","tag-principe-felipe","tag-ruben-burgos","tag-spain","tag-sports","tag-valencia","tag-valencia-basket","tag-ver","tag-zaragoza"],"share_on_mastodon":{"url":"https:\/\/pubeurope.com\/@es\/115934586908438270","error":""},"_links":{"self":[{"href":"https:\/\/www.europesays.com\/es\/wp-json\/wp\/v2\/posts\/353433","targetHints":{"allow":["GET"]}}],"collection":[{"href":"https:\/\/www.europesays.com\/es\/wp-json\/wp\/v2\/posts"}],"about":[{"href":"https:\/\/www.europesays.com\/es\/wp-json\/wp\/v2\/types\/post"}],"author":[{"embeddable":true,"href":"https:\/\/www.europesays.com\/es\/wp-json\/wp\/v2\/users\/2"}],"replies":[{"embeddable":true,"href":"https:\/\/www.europesays.com\/es\/wp-json\/wp\/v2\/comments?post=353433"}],"version-history":[{"count":0,"href":"https:\/\/www.europesays.com\/es\/wp-json\/wp\/v2\/posts\/353433\/revisions"}],"wp:featuredmedia":[{"embeddable":true,"href":"https:\/\/www.europesays.com\/es\/wp-json\/wp\/v2\/media\/353434"}],"wp:attachment":[{"href":"https:\/\/www.europesays.com\/es\/wp-json\/wp\/v2\/media?parent=353433"}],"wp:term":[{"taxonomy":"category","embeddable":true,"href":"https:\/\/www.europesays.com\/es\/wp-json\/wp\/v2\/categories?post=353433"},{"taxonomy":"post_tag","embeddable":true,"href":"https:\/\/www.europesays.com\/es\/wp-json\/wp\/v2\/tags?post=353433"}],"curies":[{"name":"wp","href":"https:\/\/api.w.org\/{rel}","templated":true}]}}