{"id":35351,"date":"2025-08-09T05:12:07","date_gmt":"2025-08-09T05:12:07","guid":{"rendered":"https:\/\/www.europesays.com\/es\/35351\/"},"modified":"2025-08-09T05:12:07","modified_gmt":"2025-08-09T05:12:07","slug":"el-fichaje-bomba-del-real-madrid-para-intimidar-al-barca-de-basket-futuro-nba","status":"publish","type":"post","link":"https:\/\/www.europesays.com\/es\/35351\/","title":{"rendered":"El fichaje &#8216;bomba&#8217; del Real Madrid para intimidar al Bar\u00e7a de basket: futuro NBA"},"content":{"rendered":"<p>    Noticias relacionadas<\/p>\n<p class=\"paragraph\" id=\"paragraph_1\"><a href=\"https:\/\/cronicaglobal.elespanol.com\/culemania\/real-madrid\/20250726\/real-madrid-barca-fichaje-nba-sergio-scariolo\/1003742677214_0.html?utm_cmp_rs=linksinline\" target=\"_blank\" rel=\"nofollow noopener\"><strong>Sergio Scariolo<\/strong><\/a> dise\u00f1a un equipo a medida. El <a href=\"https:\/\/cronicaglobal.elespanol.com\/culemania\/real-madrid\/20250807\/real-madrid-torpedea-seleccion-scariolo-no-casualidad\/1003742680035_0.html?utm_cmp_rs=linksinline\" target=\"_blank\" rel=\"nofollow noopener\"><strong>Real Madrid de basket<\/strong><\/a> sigue reforz\u00e1ndose, <a href=\"https:\/\/cronicaglobal.elespanol.com\/culemania\/real-madrid\/20250730\/fichaje-nba-real-madrid-basket-temblar-barca\/1003742678211_0.html?utm_cmp_rs=linksinline\" target=\"_blank\" rel=\"nofollow noopener\">tras fichar a Chuma Okeke, Theo Maledon, David Kramen y Gabriele Procida, <\/a>e intimidando al Bar\u00e7a.\u00a0Ahora, el club merengue ha logrado la incorporaci\u00f3n de uno de los mejores talentos del baloncesto espa\u00f1ol: <strong>Izan Almansa<\/strong>.\u00a0<\/p>\n<p class=\"paragraph\" id=\"paragraph_2\">El joven p\u00edvot espa\u00f1ol firmar\u00e1 por el Madrid. Tendr\u00e1 un contrato que le vincular\u00e1 a la entidad blanca durante las pr\u00f3ximas<strong> cuatro temporadas<\/strong>, tal y como ha adelantado la periodista Noelia G\u00f3mez. En este tiempo, el jugador de <strong>20 a\u00f1os<\/strong> deber\u00e1 desarrollar todo su potencial. Scariolo apuesta por su altura (2,08 metros), puesto que ya <strong>lo entren\u00f3 en algunas ventanas FIBA de la selecci\u00f3n<\/strong>.<\/p>\n<p>Sue\u00f1o frustrado en Estados Unidos<\/p>\n<p class=\"paragraph\" id=\"paragraph_3\">Almanza se form\u00f3 durante tres a\u00f1os, entre 2019 y 2021, en la <strong>cantera del Madrid<\/strong>. Antes, se hab\u00eda desarrollado como interior en las categor\u00edas inferiores del <strong>UCAM Murcia<\/strong>. Se march\u00f3 a Estados Unidos para lograr su sue\u00f1o de debutar en la NBA, algo que no ha conseguido.<\/p>\n<p><img decoding=\"async\" alt=\"Pau Gasol entrega el MVP del Mundial sub-17 a Izan Almansa\" data-imgm=\"true\" height=\"180\" loading=\"lazy\"  src=\"https:\/\/www.europesays.com\/es\/wp-content\/uploads\/2025\/08\/1003742680492_14995154_1024x576.jpg\"  width=\"320\"\/><\/p>\n<p>                                                            Pau Gasol entrega el MVP del Mundial sub-17 a Izan Almansa<\/p>\n<p>                    EFE<\/p>\n<p class=\"paragraph\" id=\"paragraph_4\">Ahora lo intentar\u00e1 a trav\u00e9s de las filas del primer equipo del Madrid. En 2021, Almansa se uni\u00f3 a la academia <strong>Overtime Elite<\/strong>, que remuneraba a las promesas. Luego, en 2023, se uni\u00f3 al <strong>G-League Ignite<\/strong>, equipo de la segunda liga de la NBA, donde se forman los j\u00f3venes. Al final, <strong>no fue seleccionado en el Draft de 2024<\/strong>. Firm\u00f3 por los <strong>Perth Wildcats de Australia<\/strong>, pero tampoco llam\u00f3 la atenci\u00f3n de ninguna franquicia norteamericana.<\/p>\n<p>Juntos de nuevo<\/p>\n<p class=\"paragraph\" id=\"paragraph_5\">Este verano, <strong>Almansa prob\u00f3 suerte <a href=\"https:\/\/cronicaglobal.elespanol.com\/culemania\/secciones\/20250719\/jugador-barca-basket-decide-romper-va-nba\/1003742675182_0.html?utm_cmp_rs=linksinline\" target=\"_blank\" rel=\"nofollow noopener\">en la Summer League de la NBA<\/a><\/strong>, con el equipo de los 76ers, pero tampoco logr\u00f3 hacerse un hueco en el\u00a0roster definitivo. Tras agotar todas las v\u00edas, el p\u00edvot murciano fichar\u00e1 por el Madrid.<\/p>\n<p><img decoding=\"async\" alt=\"Izan Almansa, con el equipo de verano de los 76ers\" data-imgm=\"true\" height=\"180\" loading=\"lazy\"  src=\"https:\/\/www.europesays.com\/es\/wp-content\/uploads\/2025\/08\/1003742680493_14995183_1024x576.jpg\"  width=\"320\"\/><\/p>\n<p>                                                            Izan Almansa, con el equipo de verano de los 76ers<\/p>\n<p>                    NBA<\/p>\n<p class=\"paragraph\" id=\"paragraph_6\">Almansa tiene una <strong>plata sub-17<\/strong> y un <strong>oro sub-19<\/strong>, siendo <strong>MVP<\/strong> en ambas ocasiones. Debut\u00f3 de la mano de Scariolo en la selecci\u00f3n absoluta, en las ventanas de noviembre y febrero del a\u00f1o pasado. Si sigue con su progresi\u00f3n, el Madrid tiene p\u00edvot y estrella para muchos a\u00f1os.<\/p>\n","protected":false},"excerpt":{"rendered":"Noticias relacionadas Sergio Scariolo dise\u00f1a un equipo a medida. El Real Madrid de basket sigue reforz\u00e1ndose, tras fichar&hellip;\n","protected":false},"author":2,"featured_media":35352,"comment_status":"","ping_status":"","sticky":false,"template":"","format":"standard","meta":{"footnotes":""},"categories":[269],"tags":[299,298,168,25,24,5942,3048,23,167],"class_list":{"0":"post-35351","1":"post","2":"type-post","3":"status-publish","4":"format-standard","5":"has-post-thumbnail","7":"category-baloncesto","8":"tag-baloncesto","9":"tag-basketball","10":"tag-deportes","11":"tag-es","12":"tag-espana","13":"tag-fichajes-real-madrid","14":"tag-real-madrid","15":"tag-spain","16":"tag-sports"},"share_on_mastodon":{"url":"","error":""},"_links":{"self":[{"href":"https:\/\/www.europesays.com\/es\/wp-json\/wp\/v2\/posts\/35351","targetHints":{"allow":["GET"]}}],"collection":[{"href":"https:\/\/www.europesays.com\/es\/wp-json\/wp\/v2\/posts"}],"about":[{"href":"https:\/\/www.europesays.com\/es\/wp-json\/wp\/v2\/types\/post"}],"author":[{"embeddable":true,"href":"https:\/\/www.europesays.com\/es\/wp-json\/wp\/v2\/users\/2"}],"replies":[{"embeddable":true,"href":"https:\/\/www.europesays.com\/es\/wp-json\/wp\/v2\/comments?post=35351"}],"version-history":[{"count":0,"href":"https:\/\/www.europesays.com\/es\/wp-json\/wp\/v2\/posts\/35351\/revisions"}],"wp:featuredmedia":[{"embeddable":true,"href":"https:\/\/www.europesays.com\/es\/wp-json\/wp\/v2\/media\/35352"}],"wp:attachment":[{"href":"https:\/\/www.europesays.com\/es\/wp-json\/wp\/v2\/media?parent=35351"}],"wp:term":[{"taxonomy":"category","embeddable":true,"href":"https:\/\/www.europesays.com\/es\/wp-json\/wp\/v2\/categories?post=35351"},{"taxonomy":"post_tag","embeddable":true,"href":"https:\/\/www.europesays.com\/es\/wp-json\/wp\/v2\/tags?post=35351"}],"curies":[{"name":"wp","href":"https:\/\/api.w.org\/{rel}","templated":true}]}}