{"id":353797,"date":"2026-01-21T23:07:11","date_gmt":"2026-01-21T23:07:11","guid":{"rendered":"https:\/\/www.europesays.com\/es\/353797\/"},"modified":"2026-01-21T23:07:11","modified_gmt":"2026-01-21T23:07:11","slug":"dave-mustaine-dice-que-tiene-que-pasar-una-gira-de-megadeth-y-metallica-porque-eso-lo-arreglaria-todo","status":"publish","type":"post","link":"https:\/\/www.europesays.com\/es\/353797\/","title":{"rendered":"Dave Mustaine dice que \u201ctiene que pasar una gira de Megadeth y Metallica\u201d porque \u201ceso lo arreglar\u00eda todo\u201d"},"content":{"rendered":"<p data-start=\"82\" data-end=\"417\">Este viernes<strong data-start=\"87\" data-end=\"109\"> 23 de mayo<\/strong> ver\u00e1 la luz el \u00faltimo \u00e1lbum hom\u00f3nimo de <a target=\"_blank\" href=\"https:\/\/www.megadeth.com\/?srsltid=AfmBOorZrgBKyDB5v3S2cF8ZrjaI7DHuoADy_MNs2AJ5FZM_-9MEqECu\" rel=\"nofollow noopener\"><strong data-start=\"150\" data-end=\"162\">Megadeth<\/strong><\/a>, el cual ya <a target=\"_blank\" href=\"https:\/\/mariskalrock.com\/actualidad\/critica-de-megadeth-megadeth\/\" rel=\"nofollow noopener\"><strong>hemos podido escuchar en primicia<\/strong><\/a>. Entre su cat\u00e1logo de canciones, encontraremos una versi\u00f3n de <strong data-start=\"271\" data-end=\"295\">\u201cRide the Lightning\u201d<\/strong>, tema de <strong data-start=\"305\" data-end=\"318\">Metallica<\/strong> que <strong data-start=\"323\" data-end=\"340\">Dave Mustaine<\/strong> coescribi\u00f3 junto a <strong data-start=\"360\" data-end=\"378\">James Hetfield<\/strong>, <strong data-start=\"380\" data-end=\"396\">Cliff Burton<\/strong> y <strong data-start=\"399\" data-end=\"414\">Lars Ulrich<\/strong>.<\/p>\n<p data-start=\"419\" data-end=\"835\">En una entrevista con <a target=\"_blank\" href=\"https:\/\/www.revolvermag.com\/feature\/dave-mustaine-on-final-megadeth-album-metallica-cover-clint-eastwood-inspiration\/\" rel=\"nofollow noopener\"><strong data-start=\"441\" data-end=\"453\">Revolver<\/strong><\/a>, a prop\u00f3sito de este corte, el frontman de <strong data-start=\"497\" data-end=\"509\">Megadeth<\/strong> habl\u00f3 de su relaci\u00f3n con Hetfield y Ulrich: \u201cSi la amistad se reanudara, no me molestar\u00eda. Lo aceptar\u00eda, y creo que ser\u00eda agradable revivir algunos de esos momentos. Pero creo que, debido a que hubo mucho dolor y malentendidos durante nuestro tiempo juntos, ser\u00eda dif\u00edcil no seguir sacando a relucir el pasado\u201d.<\/p>\n<p data-start=\"837\" data-end=\"1176\">Continu\u00f3 explicando cu\u00e1l cree que ser\u00eda la soluci\u00f3n id\u00f3nea para retomar su amistad: \u201cCreo que lo que tiene que pasar es una gira de Megadeth y Metallica, punto. Estoy seguro de que eso lo arreglar\u00eda todo. Podr\u00edamos pasar tiempo juntos. Pero s\u00e9 que ellos no giran como nosotros. O sea, cuando salimos de gira, damos much\u00edsimos conciertos\u201d.<\/p>\n<p style=\"text-align: center;\" data-start=\"837\" data-end=\"1176\">\n<p data-start=\"1178\" data-end=\"1554\">Adem\u00e1s, record\u00f3 con cari\u00f1o una ocasi\u00f3n en la que tocaron con Metallica: \u201cSi est\u00e1 destinado a ser, seguro que los ver\u00e9. Recuerdo que tocamos en San Francisco, en el Cow Palace, y James me dijo que quer\u00eda que tocara \u2018My Last Words\u2019 porque era su canci\u00f3n favorita. Me pareci\u00f3 genial. Gracias, James. Decir que ten\u00edas una canci\u00f3n m\u00eda favorita fue un detalle muy bonito\u201d.<\/p>\n<p data-start=\"1556\" data-end=\"1797\">De todas las canciones que trabaj\u00f3 con <strong data-start=\"1595\" data-end=\"1613\">James Hetfield<\/strong> y <strong data-start=\"1616\" data-end=\"1631\">Lars Ulrich<\/strong>, <strong data-start=\"1633\" data-end=\"1650\">Dave Mustaine<\/strong> confes\u00f3 por qu\u00e9 decidi\u00f3 versionar <strong data-start=\"1685\" data-end=\"1709\">\u201cRide the Lightning\u201d<\/strong>: \u201cProbablemente porque era la m\u00e1s emblem\u00e1tica de mi influencia como guitarrista\u201d.<\/p>\n<p data-start=\"1799\" data-end=\"2094\"><strong data-start=\"1799\" data-end=\"1811\">Megadeth<\/strong> present\u00f3 recientemente <strong data-start=\"1835\" data-end=\"1854\"><a href=\"https:\/\/mariskalrock.com\/actualidad\/megadeth-presenta-puppet-parade-cuarto-adelanto-de-su-ultimo-disco-a-solo-cuatro-dias-de-su-lanzamiento\/\" target=\"_blank\" rel=\"noopener nofollow\">\u00abPuppet Parade\u00bb<\/a><\/strong>, cuarto adelanto de su \u00faltimo disco hom\u00f3nimo. Previamente hab\u00edan lanzado <a href=\"https:\/\/mariskalrock.com\/actualidad\/megadeth-publica-i-dont-care-segundo-disco-de-su-ultimo-disco-no-me-importa-si-me-paso-de-la-raya-porque-esta-vida-es-mia\/\" target=\"_blank\" rel=\"noopener nofollow\"><strong data-start=\"349\" data-end=\"367\">\u201cI Don\u2019t Care\u201d<\/strong><\/a>\u00a0,<a href=\"https:\/\/mariskalrock.com\/actualidad\/megadeth-estrena-tipping-point-primer-adelanto-de-su-ultimo-disco-de-estudio-no-hay-vuelta-atras-ahora-que-has-cruzado-la-linea\/\" target=\"_blank\" rel=\"noopener nofollow\"><strong data-start=\"370\" data-end=\"389\">\u201cTipping Point\u201d<\/strong><\/a>\u00a0y\u00a0<a href=\"https:\/\/mariskalrock.com\/actualidad\/megadeth-lanza-let-there-be-shred-tercer-single-de-su-ultimo-disco-un-dave-mustaine-desbordante-a-la-guitarra\/\" target=\"_blank\" rel=\"noopener nofollow\">\u00ab<strong>Let There Be Shred<\/strong>\u00ab<\/a>, singles que nos anticipan c\u00f3mo ser\u00e1 el resto de canciones que ver\u00e1n la luz el 23 de febrero.<\/p>\n<p>Sin duda, la banda se prepara para un a\u00f1o cargado de hitos, que marcar\u00e1n para siempre su extensa carrera. Otro de los grandes momentos ser\u00e1\u00a0<strong><a href=\"https:\/\/mariskalrock.com\/actualidad\/megadeth-anuncia-conciertos-en-valencia-a-coruna-y-bilbao-en-2026-con-su-gira-de-despedida-y-presentacion-del-nuevo-disco\/\" target=\"_blank\" rel=\"noopener nofollow\">su pr\u00f3xima visita a Espa\u00f1a<\/a>.\u00a0<\/strong><strong>Valencia, A Coru\u00f1a y Bilbao<\/strong>\u00a0son las ciudades que ya tienen confirmado en nuestro pa\u00eds uno de los conciertos que Megadeth ofrecer\u00e1 en su\u00a0<strong>\u201cThe Farewell Tour\u201d,<\/strong>\u00a0con los d\u00edas finales del mes de mayo ya marcados en el calendario. Puedes conseguir tus entradas\u00a0<a href=\"https:\/\/www.resurrectionfest.es\/route\/megadeth-tour-2026\/\" target=\"_blank\" rel=\"noopener nofollow\"><strong>en este enlace.\u00a0<\/strong><\/a><\/p>\n<p style=\"text-align: center;\"><strong>25 de mayo de 2026, Valencia, Roig Arena<\/strong><br \/><strong>27 de mayo de 2026, A Coru\u00f1a, Coliseum<\/strong><br \/><strong>29 de mayo de 2026, Bilbao, Bizkaia Arena (BEC!)<\/strong><\/p>\n<p style=\"text-align: center;\"><a target=\"_blank\" href=\"https:\/\/www.europesays.com\/es\/wp-content\/uploads\/2026\/01\/megadeth-gira-conciertos-2026-cartel.webp.webp\"><img fetchpriority=\"high\" decoding=\"async\" class=\"size-full wp-image-384713 aligncenter\" src=\"https:\/\/www.europesays.com\/es\/wp-content\/uploads\/2026\/01\/megadeth-gira-conciertos-2026-cartel.webp.webp\" alt=\"\" width=\"700\" height=\"875\"  \/><\/a><\/p>\n<p>Adem\u00e1s, ma\u00f1ana, <strong>22 de enero<\/strong>, justo un d\u00eda antes del lanzamiento de su disco, el conjunto estadounidense presentar\u00e1 la pel\u00edcula\u00a0<a href=\"https:\/\/www.megadethfilm.com\/\" target=\"_blank\" rel=\"noopener nofollow\">\u00ab<strong>Megadeth: Behind The Mask<\/strong>\u00ab<\/a>, de la que ya se puede ver un primer avance en\u00a0<a target=\"_blank\" href=\"https:\/\/mariskalrock.com\/actualidad\/megadeth-comparte-el-trailer-de-la-pelicula-que-llegara-a-los-cines-de-varias-ciudades-espanolas-coincidiendo-con-la-salida-de-su-ultimo-disco\/\" rel=\"nofollow noopener\"><strong>su tr\u00e1iler oficial. <\/strong><\/a>El filme se proyectar\u00e1 en 35 pa\u00edses y en m\u00e1s de 1000 cines, y las entradas ya est\u00e1n disponibles en\u00a0<a href=\"https:\/\/megadethfilm.com.\/\" target=\"_blank\" rel=\"noopener nofollow\"><strong>megadethfilm.com.<\/strong><\/a>\u00a0<strong>Espa\u00f1a<\/strong>\u00a0ser\u00e1 testigo de este evento cinematogr\u00e1fico, que llegar\u00e1 a ciudades como\u00a0<strong>Madrid<\/strong>,\u00a0<strong>Barcelona<\/strong>,\u00a0<strong>Valencia<\/strong>\u00a0y\u00a0<strong>Sevilla<\/strong>, entre muchas otras.<\/p>\n<p style=\"text-align: center;\"><a target=\"_blank\" href=\"https:\/\/tienda.mariskalrock.com\/producto\/la-heavy-477-ya-a-la-venta-con-megadeth-en-portada-junto-al-rockalendario-2026-scorpions-helloween-avatar-thoman-raggi-o-volbeat\/\" rel=\"nofollow noopener\"><img loading=\"lazy\" decoding=\"async\" class=\"alignnone wp-image-380367 size-full\" src=\"https:\/\/www.europesays.com\/es\/wp-content\/uploads\/2026\/01\/la-heavy-477-fb.webp.webp\" alt=\"\" width=\"600\" height=\"315\"  \/><\/a><\/p>\n<p>Dave Mustaine protagoniza con gran imponencia la portada de\u00a0<a href=\"https:\/\/tienda.mariskalrock.com\/producto\/la-heavy-477-ya-a-la-venta-con-megadeth-en-portada-junto-al-rockalendario-2026-scorpions-helloween-avatar-thoman-raggi-o-volbeat\/\" target=\"_blank\" rel=\"noopener nofollow\"><strong>La Heavy 477<\/strong><\/a>. Si quieres conocer m\u00e1s detalles sobre el frontman, Megadeth y su nuevo disco, a\u00fan est\u00e1s a tiempo. Esta es tu \u00faltima oportunidad para adquirir la revista de rock y metal m\u00e1s completa del mercado, disponible en\u00a0<strong>kioscos y puntos de venta de todo el pa\u00eds por 5 \u20ac<\/strong>. Tambi\u00e9n puedes conseguirla a trav\u00e9s de\u00a0<a href=\"https:\/\/tienda.mariskalrock.com\/producto\/la-heavy-477-ya-a-la-venta-con-megadeth-en-portada-junto-al-rockalendario-2026-scorpions-helloween-avatar-thoman-raggi-o-volbeat\/\" target=\"_blank\" rel=\"noopener nofollow\"><strong>nuestra tienda online por 6 \u20ac<\/strong><\/a>, con env\u00edo incluido.<\/p>\n<p>Adem\u00e1s, puedes consultar nuestro\u00a0<strong><a href=\"https:\/\/mariskalrock.com\/wp-content\/uploads\/2025\/10\/puntos-de-venta-preferentes-2025-2.xlsx\" target=\"_blank\" rel=\"noopener nofollow\">kilom\u00e9trico listado de puntos de venta preferentes<\/a>,<\/strong>\u00a0con la seguridad de que habr\u00e1 un kiosco muy cerca de ti con tu revista favorita, o mandar un e-mail a\u00a0<strong data-start=\"3194\" data-end=\"3231\"><a href=\"https:\/\/mariskalrock.com\/actualidad\/dave-mustaine-cree-que-debe-suceder-una-gira-de-megadeth-y-metallica-porque-eso-lo-arreglaria-todo\/mailto:pedidos@mariskalrock.com\" target=\"_blank\" rel=\"noopener nofollow\">pedidos@mariskalrock.com<\/a><\/strong>\u00a0para que, casi por arte de magia, aparezca en el punto de venta que t\u00fa quieres.\u00a0<strong><a href=\"https:\/\/tienda.mariskalrock.com\/\" target=\"_blank\" rel=\"noopener nofollow\">\u00a1Tambi\u00e9n puedes conseguir n\u00fameros antiguos en nuestra tienda online!<\/a><\/strong>\u00a0Y recuerda que tienes disponible la\u00a0<strong><a href=\"https:\/\/tienda.mariskalrock.com\/producto\/suscripcion-anual\/\" target=\"_blank\" rel=\"noopener nofollow\">suscripci\u00f3n anual a La Heavy<\/a><\/strong>, con 12 n\u00fameros que llegar\u00e1n puntualmente a tu casa\u00a0<strong><a href=\"https:\/\/tienda.mariskalrock.com\/producto\/suscripcion-anual\/\" target=\"_blank\" rel=\"noopener nofollow\">por solo 50\u20ac<\/a><\/strong>.<\/p>\n<p>                         <a target=\"_blank\" href=\"http:\/\/www.mariskalrock.com\" class=\"url\" title=\"Alfonso Herreros\" rel=\"nofollow noopener\"> <img decoding=\"async\" src=\"https:\/\/www.europesays.com\/es\/wp-content\/uploads\/2026\/01\/alfonso-herreros-foto-web.jpg\" class=\"photo\" width=\"250\" alt=\"Alfonso Herreros\"\/><\/a> <\/p>\n<p>Respiro a trav\u00e9s de un binomio que tiene al periodismo como vocaci\u00f3n y a la m\u00fasica como pasi\u00f3n. Cada d\u00eda soy obrero de lo que me gusta definir como literatura r\u00e1pida, desde el prisma del rock. Soy graduado en periodismo y comenc\u00e9 a desarrollar mi carrera en Radio Nacional de Espa\u00f1a y Radio 3.<\/p>\n<p> <a href=\"http:\/\/www.mariskalrock.com\" class=\"url\" target=\"_blank\" title=\"Alfonso Herreros\" rel=\"nofollow noopener\"><img decoding=\"async\" src=\"https:\/\/www.europesays.com\/es\/wp-content\/uploads\/2026\/01\/alfonso-herreros-foto-web.jpg\" class=\"photo\" width=\"250\" alt=\"Alfonso Herreros\"\/><\/a>\u00daltimas entradas de Alfonso Herreros (<a target=\"_blank\" href=\"https:\/\/mariskalrock.com\/author\/alfonso-herreros\/\" rel=\"nofollow noopener\">ver todo<\/a>)  <\/p>\n","protected":false},"excerpt":{"rendered":"Este viernes 23 de mayo ver\u00e1 la luz el \u00faltimo \u00e1lbum hom\u00f3nimo de Megadeth, el cual ya hemos&hellip;\n","protected":false},"author":2,"featured_media":213816,"comment_status":"","ping_status":"","sticky":false,"template":"","format":"standard","meta":{"footnotes":""},"categories":[170],"tags":[68821,21619,146,147,25,24,39619,17883,479,4622,184,185,57616,23],"class_list":["post-353797","post","type-post","status-publish","format-standard","has-post-thumbnail","category-musica","tag-cliff-burton","tag-dave-mustaine","tag-entertainment","tag-entretenimiento","tag-es","tag-espana","tag-james-hetfield","tag-lars-ulrich","tag-metallica","tag-mr2022","tag-music","tag-musica","tag-ride-the-lightning","tag-spain"],"share_on_mastodon":{"url":"https:\/\/pubeurope.com\/@es\/115935605313728174","error":""},"_links":{"self":[{"href":"https:\/\/www.europesays.com\/es\/wp-json\/wp\/v2\/posts\/353797","targetHints":{"allow":["GET"]}}],"collection":[{"href":"https:\/\/www.europesays.com\/es\/wp-json\/wp\/v2\/posts"}],"about":[{"href":"https:\/\/www.europesays.com\/es\/wp-json\/wp\/v2\/types\/post"}],"author":[{"embeddable":true,"href":"https:\/\/www.europesays.com\/es\/wp-json\/wp\/v2\/users\/2"}],"replies":[{"embeddable":true,"href":"https:\/\/www.europesays.com\/es\/wp-json\/wp\/v2\/comments?post=353797"}],"version-history":[{"count":0,"href":"https:\/\/www.europesays.com\/es\/wp-json\/wp\/v2\/posts\/353797\/revisions"}],"wp:featuredmedia":[{"embeddable":true,"href":"https:\/\/www.europesays.com\/es\/wp-json\/wp\/v2\/media\/213816"}],"wp:attachment":[{"href":"https:\/\/www.europesays.com\/es\/wp-json\/wp\/v2\/media?parent=353797"}],"wp:term":[{"taxonomy":"category","embeddable":true,"href":"https:\/\/www.europesays.com\/es\/wp-json\/wp\/v2\/categories?post=353797"},{"taxonomy":"post_tag","embeddable":true,"href":"https:\/\/www.europesays.com\/es\/wp-json\/wp\/v2\/tags?post=353797"}],"curies":[{"name":"wp","href":"https:\/\/api.w.org\/{rel}","templated":true}]}}