{"id":35399,"date":"2025-08-09T05:40:14","date_gmt":"2025-08-09T05:40:14","guid":{"rendered":"https:\/\/www.europesays.com\/es\/35399\/"},"modified":"2025-08-09T05:40:14","modified_gmt":"2025-08-09T05:40:14","slug":"fui-sometida-a-un-linchamiento-bestial","status":"publish","type":"post","link":"https:\/\/www.europesays.com\/es\/35399\/","title":{"rendered":"Fui sometida a un linchamiento bestial"},"content":{"rendered":"<p class=\"paragraph\" id=\"paragraph_1\"><strong>Yurena ha visitado este viernes, 8 de agosto, el plat\u00f3 de Tardear <\/strong>para dar un repaso a su vida art\u00edstica. En el programa ha relatado<a href=\"https:\/\/www.elespanol.com\/bluper\/20250721\/tamara-paso-yurena-contado-conflicto-nombre-cantante-boleros\/1003743857259_0.html?utm_cmp_rs=linksinline\" rel=\"nofollow noopener\" target=\"_blank\"> c\u00f3mo vivi\u00f3 el momento de exposici\u00f3n medi\u00e1tica<\/a> y tambi\u00e9n lo que m\u00e1s le preocupaba ante las cr\u00edticas. <\/p>\n<p class=\"paragraph\" id=\"paragraph_2\">La pol\u00e9mica que m\u00e1s le salpic\u00f3 fue <a href=\"https:\/\/www.elespanol.com\/bluper\/20250705\/dia-hizo-justicia-yurena-cronicas-marcianas-organizo-netflix-presentar-superestar\/1003743830352_0.html?utm_cmp_rs=linksinline\" rel=\"nofollow noopener\" target=\"_blank\">la batalla legal por el uso del nombre art\u00edstico \u201cTamara\u201d<\/a> frente a la cantante de boleros. Obligada a cambiar su identidad, <strong>sufri\u00f3 un intenso linchamiento medi\u00e1tico y graves problemas personales<\/strong>, llegando a declarar que enfrent\u00f3 acoso e, incluso, pensamientos suicidas debido al esc\u00e1ndalo.<\/p>\n<p class=\"paragraph\" id=\"paragraph_3\">Con el reciente estreno del documental Superestar, la artista vuelve a la pantalla para reivindicar su verdadera historia. <strong>\u00abSi volviera atr\u00e1s, sabiendo todo lo que iba a pasar, no me hubiese dedicado jam\u00e1s a nada que tuviera que ver con el mundo art\u00edstico\u00bb<\/strong>, ha confesado en Telecinco.<\/p>\n<p><img loading=\"lazy\" decoding=\"async\" alt=\"Yurena en una imagen de archivo.\" height=\"180\" src=\"https:\/\/www.europesays.com\/es\/wp-content\/uploads\/2025\/08\/1003743872742_257739675_320x180.jpg\" width=\"320\" data-lazy-status=\"processed\" data-lazy-info=\"remove loading item 1\"\/><\/p>\n<p class=\"paragraph\" id=\"paragraph_4\">Y mirando de frente a los colaboradores, ha recordado uno de los peores episodios de su vida: \u00ab<strong>No ten\u00e9is ni idea del linchamiento al que fui sometida<\/strong>, al igual que mi madre, que es lo que m\u00e1s me dol\u00eda\u00bb. Emocionada ante el recuerdo de su progenitora, ha roto a llorar en el programa.<\/p>\n<p class=\"paragraph\" id=\"paragraph_5\">Yurena ha continuado con su testimonio: <strong>\u00abPasamos muchos a\u00f1os siendo sometidas a un linchamiento tan bestial, y a injurias, calumnias e insultos\u00bb.<\/strong><\/p>\n<p><img decoding=\"async\" alt=\"Yurena en 'Tardear'.\" data-imgm=\"true\" height=\"180\" loading=\"lazy\"  src=\"https:\/\/www.europesays.com\/es\/wp-content\/uploads\/2025\/08\/1003743880611_257883739_1024x576.jpg\"  width=\"320\"\/><\/p>\n<p>                                                            Yurena en &#8216;Tardear&#8217;.<\/p>\n<p>                    Telecinco<\/p>\n<p class=\"paragraph\" id=\"paragraph_6\">Ver\u00f3nica Dulanto ha querido indagar en la parte m\u00e1s bonita de su carrera, pregunt\u00e1ndole por la etapa en la que fue m\u00e1s feliz a lo largo de los a\u00f1os. <strong>Ella no ha dudado y contundente ha dicho que lo ha sido \u00aben las actuaciones, con mi p\u00fablico\u00bb<\/strong>. En el formato Mamma m\u00eda tambi\u00e9n pas\u00f3 buenos momentos, donde comparti\u00f3 plat\u00f3 con el colaborador Omar Su\u00e1rez.<\/p>\n<p class=\"paragraph\" id=\"paragraph_7\">El periodista ha lamentado el balance que ha hecho Yurena sobre su experiencia en televisi\u00f3n. <strong>\u00ab\u00bfC\u00f3mo tiene que estar una persona para intentar irse dos veces?\u00bb<\/strong>, reconoc\u00eda la artista, refiri\u00e9ndose a sus intentos de quitarse la vida.<strong> \u00abMi gran error ha sido ser demasiado confiada\u00bb,<\/strong> ha manifestado.<\/p>\n<p><img decoding=\"async\" alt=\"Santi Acosta y Yurena en 'De viernes'.\" height=\"180\" loading=\"lazy\" width=\"320\" data-lazy-status=\"processed\" id=\"c20e4d5aaa\" src=\"https:\/\/www.elespanol.com\/bluper\/20250808\/yurena-sorprende-tertulianos-tardear-confesion-sometida-linchamiento-bestial\/[\" https:=\"\" data-lazy-info=\"changed src\"\/><\/p>\n<p class=\"paragraph\" id=\"paragraph_8\">Y cuando Marisa Mart\u00edn-Bl\u00e1zquez ha intentado que recapacitara, asegur\u00e1ndole que <strong>se ha convertido en un \u00ab\u00edcono\u00bb<\/strong>, y ella ha recibido los aplausos de todo el p\u00fablico al confesar que \u00abvaloro en lo que me he convertido.<strong> No puedo estar m\u00e1s orgullosa, m\u00e1s feliz y m\u00e1s agradecida a todo mi p\u00fablico y a toda la gente que me apoya<\/strong>\u00ab.<\/p>\n<p>Los amores de Yurena<\/p>\n<p class=\"paragraph\" id=\"paragraph_9\">La artista tambi\u00e9n ha hablado sobre sus vivencias amorosas y, aunque asegura que est\u00e1 abierta a conocer a alguien, ha apuntado que <strong>est\u00e1 soltera en estos momentos. <\/strong><\/p>\n<p class=\"paragraph\" id=\"paragraph_10\"><strong>\u00abSiempre he estado, estoy y estar\u00e9 abierta al amor, pero no a cualquier precio\u00bb<\/strong>, manten\u00eda en Tardear. Adem\u00e1s, ha recordado la relaci\u00f3n que tuvo con una mujer, a la que lleg\u00f3 a presentar p\u00fablicamente en televisi\u00f3n:<strong> \u00abLa primera vez que me bes\u00e9 con una mujer fue con Inma, pero no cuaj\u00f3\u00bb. <\/strong><\/p>\n<p><img decoding=\"async\" alt=\"Yurena en 'Tardear'.\" data-imgm=\"true\" height=\"180\" loading=\"lazy\"  src=\"https:\/\/www.europesays.com\/es\/wp-content\/uploads\/2025\/08\/1003743880667_257884714_1024x576.jpg\"  width=\"320\"\/><\/p>\n<p>                                                            Yurena en &#8216;Tardear&#8217;.<\/p>\n<p>                    Telecinco<\/p>\n<p class=\"paragraph\" id=\"paragraph_12\">Yurena ha desvelado <strong>algo que ha dejado boquiabiertos a los colaboradores del programa<\/strong> y es que una persona con contactos muy influyentes le ha llegado a proponer <strong>\u00abser prostituta de lujo\u00bb. <\/strong><\/p>\n<p class=\"paragraph\" id=\"paragraph_13\">Los amores que m\u00e1s han marcado su vida han sido desconocidos, desde uno de su juventud hasta <strong>un hombre de Madrid, cuyo nombre empieza por \u00abS\u00bb.<\/strong> La relaci\u00f3n entre ambos fue muy corta, pero lo vivi\u00f3 \u00abcomo si hubi\u00e9semos estado dos o tres a\u00f1os\u00bb.<\/p>\n","protected":false},"excerpt":{"rendered":"Yurena ha visitado este viernes, 8 de agosto, el plat\u00f3 de Tardear para dar un repaso a su&hellip;\n","protected":false},"author":2,"featured_media":35400,"comment_status":"","ping_status":"","sticky":false,"template":"","format":"standard","meta":{"footnotes":""},"categories":[171],"tags":[1535,146,147,25,24,23,3366,692,807,214,12671],"class_list":{"0":"post-35399","1":"post","2":"type-post","3":"status-publish","4":"format-standard","5":"has-post-thumbnail","7":"category-tv","8":"tag-bluper","9":"tag-entertainment","10":"tag-entretenimiento","11":"tag-es","12":"tag-espana","13":"tag-spain","14":"tag-tardear","15":"tag-telecinco","16":"tag-television","17":"tag-tv","18":"tag-yurena"},"share_on_mastodon":{"url":"","error":""},"_links":{"self":[{"href":"https:\/\/www.europesays.com\/es\/wp-json\/wp\/v2\/posts\/35399","targetHints":{"allow":["GET"]}}],"collection":[{"href":"https:\/\/www.europesays.com\/es\/wp-json\/wp\/v2\/posts"}],"about":[{"href":"https:\/\/www.europesays.com\/es\/wp-json\/wp\/v2\/types\/post"}],"author":[{"embeddable":true,"href":"https:\/\/www.europesays.com\/es\/wp-json\/wp\/v2\/users\/2"}],"replies":[{"embeddable":true,"href":"https:\/\/www.europesays.com\/es\/wp-json\/wp\/v2\/comments?post=35399"}],"version-history":[{"count":0,"href":"https:\/\/www.europesays.com\/es\/wp-json\/wp\/v2\/posts\/35399\/revisions"}],"wp:featuredmedia":[{"embeddable":true,"href":"https:\/\/www.europesays.com\/es\/wp-json\/wp\/v2\/media\/35400"}],"wp:attachment":[{"href":"https:\/\/www.europesays.com\/es\/wp-json\/wp\/v2\/media?parent=35399"}],"wp:term":[{"taxonomy":"category","embeddable":true,"href":"https:\/\/www.europesays.com\/es\/wp-json\/wp\/v2\/categories?post=35399"},{"taxonomy":"post_tag","embeddable":true,"href":"https:\/\/www.europesays.com\/es\/wp-json\/wp\/v2\/tags?post=35399"}],"curies":[{"name":"wp","href":"https:\/\/api.w.org\/{rel}","templated":true}]}}