{"id":35419,"date":"2025-08-09T05:59:07","date_gmt":"2025-08-09T05:59:07","guid":{"rendered":"https:\/\/www.europesays.com\/es\/35419\/"},"modified":"2025-08-09T05:59:07","modified_gmt":"2025-08-09T05:59:07","slug":"el-paok-vuelve-a-la-carga-por-bakambu","status":"publish","type":"post","link":"https:\/\/www.europesays.com\/es\/35419\/","title":{"rendered":"El PAOK vuelve a la carga por Bakambu"},"content":{"rendered":"<p class=\"parrafo\">Lleva <strong>dos goles<\/strong> esta pretemporada, cuando se alterna arriba con el &#8216;<strong>Cucho<\/strong>&#8216; <strong>Hern\u00e1ndez<\/strong>. A d\u00eda de hoy, <strong>Manuel Pellegrini<\/strong> s\u00f3lo cuenta con ellos como referencias arriba, pues <a href=\"https:\/\/www.estadiodeportivo.com\/futbol\/betis\/gonzalo-petit-adelanta-borja-iglesias-perraud-20250808-507193.html\" target=\"_blank\" class=\"intext-link\" rel=\"nofollow noopener\">Gonzalo Petit se va cedido al CD Mirand\u00e9s<\/a> (ya oficial) y <a href=\"https:\/\/www.estadiodeportivo.com\/futbol\/betis\/fumata-verdiblanca-para-traspaso-borja-iglesias-20250806-506946.html\" target=\"_blank\" class=\"intext-link\" rel=\"nofollow noopener\">Borja Iglesias est\u00e1 a punto de hacerlo al RC Celta<\/a>. Incluso con <a href=\"https:\/\/www.estadiodeportivo.com\/futbol\/betis\/adios-confirmado-mateo-joseph-escena-las-alternativas-20250807-507061.html\" target=\"_blank\" class=\"intext-link\" rel=\"nofollow noopener\">la confirmaci\u00f3n de que no llegar\u00e1 el preferido para completar la vanguardia<\/a>, <strong>Mateo Joseph<\/strong>, el <strong>Real Betis<\/strong> sigue buscando acomodo a <strong>C\u00e9dric Bakambu<\/strong> y un nuevo artillero en el mercado de caracter\u00edsticas similares (<strong>zancada<\/strong>, <strong>dominador<\/strong> por alto, bueno de <strong>espaldas<\/strong> y al <strong>espacio<\/strong>), aunque m\u00e1s joven y, por ende, <strong>revalorizable<\/strong>. Tampoco va a contar demasiado el &#8216;<strong>Chimy<\/strong>&#8216; <strong>\u00c1vila<\/strong>, con bastantes ofertas tanto de <strong>Europa<\/strong> como de <strong>Am\u00e9rica<\/strong>, aunque al ex osasunista le salva su polivalencia, pues, sin <strong>Antony Matheus dos Santos<\/strong> en la ecuaci\u00f3n, es una alternativa v\u00e1lida en los costados del ataque.<\/p>\n<p><img decoding=\"async\" src=\"https:\/\/www.europesays.com\/es\/wp-content\/uploads\/2025\/08\/cf1732cb-ea57-4da7-a554-a83eb78db1ad_800x450.jpeg\" loading=\"lazy\"\/><\/p>\n<p class=\"parrafo\">El congole\u00f1o, de <strong>34 a\u00f1os<\/strong>, es plenamente consciente de los movimientos, tanto por parte de su agencia, AS1, como de otros intermediarios autorizados por parte heliopolitano y est\u00e1 algo <strong>intranquilo<\/strong> al respecto. Con una sola temporada de vinculaci\u00f3n m\u00e1s, de momento no se ha considerado pertinente una ampliaci\u00f3n que le llevar\u00eda, como poco, a cumplir los <strong>36<\/strong> en <strong>La Cartuja<\/strong>, donde intentan liberarse de un sueldo importante y recuperar la amortizaci\u00f3n pendiente. Con esos <strong>dos millones de euros<\/strong> se conformar\u00edan, aparte de un ahorro similar en materia salarial, aunque, hasta la fecha, solamente en <strong>Arabia Saud\u00ed<\/strong> y <strong>Qatar<\/strong> colmaban sus aspiraciones. No obstante, como ha podido confirmar ESTADIO Deportivo, el que ha vuelto a la carga por <strong>C\u00e9dric Bakambu<\/strong> es el <strong>PAOK<\/strong> griego, que ya recibi\u00f3 &#8216;calabazas&#8217; dobles en enero y a principios de este verano. Con todo, la necesidad en <strong>Sal\u00f3nica <\/strong>de gol y el buen cartel del &#8217;11&#8217; b\u00e9tico por su gran actuaci\u00f3n en la \u00faltima <strong>Conference League<\/strong> han propiciado la reactivaci\u00f3n de los contactos.<\/p>\n<p><a class=\"elementos-rel-t2\" href=\"https:\/\/www.estadiodeportivo.com\/futbol\/betis\/bakambu-demuestra-compromiso-con-betis-20250711-503617.html\" title=\"Bakambu demuestra su compromiso con el Betis\" rel=\"nofollow noopener\" target=\"_blank\">Bakambu demuestra su compromiso con el Betis<img decoding=\"async\" src=\"https:\/\/www.europesays.com\/es\/wp-content\/uploads\/2025\/08\/33870c37-666d-45c4-8d8f-fd8f12f875fb_320x180.jpeg\" alt=\"Bakambu demuestra su compromiso con el Betis\"\/><\/a><a class=\"elementos-rel-t2\" href=\"https:\/\/www.estadiodeportivo.com\/futbol\/betis\/betis-toma-una-decision-con-bakambu-20250701-502076.html\" title=\"El Betis comunica su decisi\u00f3n a Bakambu\" rel=\"nofollow noopener\" target=\"_blank\">El Betis comunica su decisi\u00f3n a Bakambu<img decoding=\"async\" src=\"https:\/\/www.europesays.com\/es\/wp-content\/uploads\/2025\/08\/3a2d31cb-74b5-4de7-afe8-b946d5edfc44_320x180.jpeg\" alt=\"El Betis comunica su decisi\u00f3n a Bakambu\"\/><\/a><a class=\"elementos-rel-t2\" href=\"https:\/\/www.estadiodeportivo.com\/futbol\/betis\/bakambu-libre-20250609-498722.html\" title=\"Bakambu, libre\" rel=\"nofollow noopener\" target=\"_blank\">Bakambu, libre<img decoding=\"async\" src=\"https:\/\/www.europesays.com\/es\/wp-content\/uploads\/2025\/08\/ee76c82a-43a1-4311-b6e5-dc8ef300895c_320x180.jpeg\" alt=\"Bakambu, libre\"\/><\/a><\/p>\n<p class=\"parrafo\">El conjunto heleno, que termin\u00f3 cuarto en la fase regular de la <strong>Super League 1<\/strong>, logr\u00f3 finalizar la liguilla por el t\u00edtulo en el tercero, lo que dio acceso a la tercera ronda previa de la <strong>Europa League<\/strong>. En la ida, empat\u00f3 a cero contra el <strong>Wolfsberger<\/strong> austr\u00edaco y el pr\u00f3ximo <strong>jueves 14 de agost<\/strong><strong>o <\/strong>(a las <strong>19:00 horas<\/strong>) debe definir en el <strong>Lavanttal-Arena<\/strong> de <strong>Carintia<\/strong> su acceso al &#8216;play off&#8217;, antesala ya de una ronda liguera (antigua fase de grupos) en la que participar\u00e1 el <strong>Real Betis<\/strong>. La intenci\u00f3n del <strong>PAOK<\/strong>, que se ha quedado con lo puesto arriba (el ruso <strong>Fedor Chalov<\/strong> y los a\u00fan juveniles locales <strong>Dimitrios Chatsidis <\/strong>y <strong>Anestis Mythou<\/strong>) tras vender al marroqu\u00ed-neerland\u00e9s <strong>Tarik Tissoudali<\/strong> y que se marcharan libres <strong>Brandon Thomas <\/strong>y<strong> Ally Samatta<\/strong>, es contratar cuanto antes a un artillero de experiencia y garant\u00edas como <strong>Bakambu<\/strong>, que ya fue &#8216;Pichichi&#8217; en <strong>Grecia<\/strong> con el <strong>Olympiacos<\/strong> en la <strong>22\/23<\/strong> (con <strong>18 dianas<\/strong>). Por ahora, las partes siguen lejos de un acuerdo, pero a\u00fan negocian en pos del mismo.<\/p>\n<p><img decoding=\"async\" src=\"https:\/\/www.europesays.com\/es\/wp-content\/uploads\/2025\/08\/1560ac60-09c2-45bb-9ea1-6b42a91b80e1_800x1000.jpeg\" loading=\"lazy\"\/><\/p>\n","protected":false},"excerpt":{"rendered":"Lleva dos goles esta pretemporada, cuando se alterna arriba con el &#8216;Cucho&#8216; Hern\u00e1ndez. A d\u00eda de hoy, Manuel&hellip;\n","protected":false},"author":2,"featured_media":35420,"comment_status":"","ping_status":"","sticky":false,"template":"","format":"standard","meta":{"footnotes":""},"categories":[268],"tags":[17937,168,25,24,284,285,280,282,17938,286,281,23,167],"class_list":{"0":"post-35419","1":"post","2":"type-post","3":"status-publish","4":"format-standard","5":"has-post-thumbnail","7":"category-futbol","8":"tag-cedric-bakambu","9":"tag-deportes","10":"tag-es","11":"tag-espana","12":"tag-estadio-deportivo","13":"tag-fichajes","14":"tag-football","15":"tag-futbol","16":"tag-paok","17":"tag-real-betis-balompie","18":"tag-soccer","19":"tag-spain","20":"tag-sports"},"share_on_mastodon":{"url":"","error":""},"_links":{"self":[{"href":"https:\/\/www.europesays.com\/es\/wp-json\/wp\/v2\/posts\/35419","targetHints":{"allow":["GET"]}}],"collection":[{"href":"https:\/\/www.europesays.com\/es\/wp-json\/wp\/v2\/posts"}],"about":[{"href":"https:\/\/www.europesays.com\/es\/wp-json\/wp\/v2\/types\/post"}],"author":[{"embeddable":true,"href":"https:\/\/www.europesays.com\/es\/wp-json\/wp\/v2\/users\/2"}],"replies":[{"embeddable":true,"href":"https:\/\/www.europesays.com\/es\/wp-json\/wp\/v2\/comments?post=35419"}],"version-history":[{"count":0,"href":"https:\/\/www.europesays.com\/es\/wp-json\/wp\/v2\/posts\/35419\/revisions"}],"wp:featuredmedia":[{"embeddable":true,"href":"https:\/\/www.europesays.com\/es\/wp-json\/wp\/v2\/media\/35420"}],"wp:attachment":[{"href":"https:\/\/www.europesays.com\/es\/wp-json\/wp\/v2\/media?parent=35419"}],"wp:term":[{"taxonomy":"category","embeddable":true,"href":"https:\/\/www.europesays.com\/es\/wp-json\/wp\/v2\/categories?post=35419"},{"taxonomy":"post_tag","embeddable":true,"href":"https:\/\/www.europesays.com\/es\/wp-json\/wp\/v2\/tags?post=35419"}],"curies":[{"name":"wp","href":"https:\/\/api.w.org\/{rel}","templated":true}]}}