{"id":35423,"date":"2025-08-09T06:01:06","date_gmt":"2025-08-09T06:01:06","guid":{"rendered":"https:\/\/www.europesays.com\/es\/35423\/"},"modified":"2025-08-09T06:01:06","modified_gmt":"2025-08-09T06:01:06","slug":"nigran-contara-con-una-nueva-escultura-que-rendira-homenaje-a-la-figura-de-la-peregrina","status":"publish","type":"post","link":"https:\/\/www.europesays.com\/es\/35423\/","title":{"rendered":"Nigr\u00e1n contar\u00e1 con una nueva escultura que rendir\u00e1 homenaje a la figura de la peregrina"},"content":{"rendered":"<p>            <a href=\"https:\/\/telemarinas.com\/wp-content\/uploads\/2024\/08\/peregrinos-a-foz.jpg\" data-caption=\"\" rel=\"nofollow noopener\" target=\"_blank\"><img loading=\"lazy\" width=\"696\" height=\"522\" class=\"entry-thumb td-modal-image lazyload\" alt=\"\" title=\"Peregrinos A Foz\" src=\"https:\/\/www.europesays.com\/es\/wp-content\/uploads\/2025\/08\/peregrinos-a-foz-696x522.jpg\" decoding=\"async\"  data- data-eio-rwidth=\"696\" data-eio-rheight=\"522\"\/><\/a><\/p>\n<p><strong>El municipio de Nigr\u00e1n contar\u00e1 con una nueva escultura que rendir\u00e1 homenaje a la figura de la peregrina y servir\u00e1 para promocionar el Val Mi\u00f1or entre los miles de caminantes que cada a\u00f1o recorren el Camino Portugu\u00e9s de la Costa rumbo a Santiago de Compostela.<\/strong><\/p>\n<p>El vicepresidente de la Diputaci\u00f3n de Pontevedra, Rafa Dom\u00ednguez, anunci\u00f3 este viernes la aprobaci\u00f3n, en la Junta de Gobierno provincial, de una aportaci\u00f3n de m\u00e1s de 74.000 euros dentro del plan anual de cooperaci\u00f3n con los ayuntamientos.<\/p>\n<p>Con estos fondos, el Concello de Nigr\u00e1n financiar\u00e1 la colocaci\u00f3n de una obra del escultor Jos\u00e9 Molares Fern\u00e1ndez, que se ubicar\u00e1 en el centro de una rotonda donde confluyen las carreteras auton\u00f3micas PO-325, PO-550 y PO-340, en A Ramallosa. La pieza, realizada en bronce, representar\u00e1 a una peregrina equipada con bast\u00f3n, traje de aguas y mochila, elementos caracter\u00edsticos de quienes emprenden esta ruta xacobea.<\/p>\n<p>Adem\u00e1s de su valor simb\u00f3lico, la escultura busca enriquecer la est\u00e9tica del entorno, reforzar la identidad cultural de Nigr\u00e1n y convertirse en un nuevo punto de inter\u00e9s para vecinos y visitantes. El proyecto se financia con un reintegro de una anualidad anterior del plan provincial de cooperaci\u00f3n municipal.<\/p>\n<p>Seg\u00fan Dom\u00ednguez, la iniciativa \u201ca\u00fana promoci\u00f3n tur\u00edstica, reconocimiento cultural y embellecimiento urbano\u201d, consolidando a Nigr\u00e1n como un referente para los peregrinos que descubren la riqueza natural, patrimonial y humana del Val Mi\u00f1or.<\/p>\n","protected":false},"excerpt":{"rendered":"El municipio de Nigr\u00e1n contar\u00e1 con una nueva escultura que rendir\u00e1 homenaje a la figura de la peregrina&hellip;\n","protected":false},"author":2,"featured_media":35424,"comment_status":"","ping_status":"","sticky":false,"template":"","format":"standard","meta":{"footnotes":""},"categories":[173],"tags":[229,233,231,230,232,234,146,147,25,1246,24,15467,9422,17939,23],"class_list":{"0":"post-35423","1":"post","2":"type-post","3":"status-publish","4":"format-standard","5":"has-post-thumbnail","7":"category-arte-y-diseno","8":"tag-arte","9":"tag-arte-y-diseno","10":"tag-arts","11":"tag-arts-and-design","12":"tag-design","13":"tag-diseno","14":"tag-entertainment","15":"tag-entretenimiento","16":"tag-es","17":"tag-escultura","18":"tag-espana","19":"tag-nigran","20":"tag-peregrina","21":"tag-ramallosa","22":"tag-spain"},"share_on_mastodon":{"url":"","error":""},"_links":{"self":[{"href":"https:\/\/www.europesays.com\/es\/wp-json\/wp\/v2\/posts\/35423","targetHints":{"allow":["GET"]}}],"collection":[{"href":"https:\/\/www.europesays.com\/es\/wp-json\/wp\/v2\/posts"}],"about":[{"href":"https:\/\/www.europesays.com\/es\/wp-json\/wp\/v2\/types\/post"}],"author":[{"embeddable":true,"href":"https:\/\/www.europesays.com\/es\/wp-json\/wp\/v2\/users\/2"}],"replies":[{"embeddable":true,"href":"https:\/\/www.europesays.com\/es\/wp-json\/wp\/v2\/comments?post=35423"}],"version-history":[{"count":0,"href":"https:\/\/www.europesays.com\/es\/wp-json\/wp\/v2\/posts\/35423\/revisions"}],"wp:featuredmedia":[{"embeddable":true,"href":"https:\/\/www.europesays.com\/es\/wp-json\/wp\/v2\/media\/35424"}],"wp:attachment":[{"href":"https:\/\/www.europesays.com\/es\/wp-json\/wp\/v2\/media?parent=35423"}],"wp:term":[{"taxonomy":"category","embeddable":true,"href":"https:\/\/www.europesays.com\/es\/wp-json\/wp\/v2\/categories?post=35423"},{"taxonomy":"post_tag","embeddable":true,"href":"https:\/\/www.europesays.com\/es\/wp-json\/wp\/v2\/tags?post=35423"}],"curies":[{"name":"wp","href":"https:\/\/api.w.org\/{rel}","templated":true}]}}