{"id":35439,"date":"2025-08-09T06:18:08","date_gmt":"2025-08-09T06:18:08","guid":{"rendered":"https:\/\/www.europesays.com\/es\/35439\/"},"modified":"2025-08-09T06:18:08","modified_gmt":"2025-08-09T06:18:08","slug":"baja-para-el-us-open","status":"publish","type":"post","link":"https:\/\/www.europesays.com\/es\/35439\/","title":{"rendered":"baja para el US Open"},"content":{"rendered":"<p class=\"paragraph\">La tenista espa\u00f1ola<b> Paula Badosa no estar\u00e1 en el US Open<\/b> este mes de agosto alargando su mala racha sin competir desde Wimbledon, de vuelta a una lesi\u00f3n interminable mientras lidia con sus emociones.<\/p>\n<p class=\"paragraph\">La Asociaci\u00f3n de Tenis de Estados Unidos (USTA) anunci\u00f3 este viernes la baja de Badosa, seg\u00fan la ESPN, quien tuvo que retirarse del torneo de Berl\u00edn en junio y no pas\u00f3 de su debut en la hierba londinense. La catalana no se present\u00f3 en la gira norteamericana sobre pista dura y no jugar\u00e1 el Abierto de Estados Unidos.<\/p>\n<p class=\"paragraph\">La gran cita del verano, el \u00faltimo &#8216;Grand Slam&#8217; de la temporada que arranca el 24 de agosto, no contar\u00e1 con una Badosa, de 27 a\u00f1os, que<b> hab\u00eda empezado bien el 2025,<\/b> como continuaci\u00f3n de un 2024 donde cort\u00f3 en Washington su sequ\u00eda de dos a\u00f1os sin ganar un t\u00edtulo.<\/p>\n<p class=\"paragraph\"><b>La espa\u00f1ola volvi\u00f3 al &#8216;Top 10&#8217; del mundo, <\/b>pero sus recurrentes problemas en la espalda fueron complicando una temporada que no tendr\u00e1 el impulso del a\u00f1o pasado, cuando lleg\u00f3 adem\u00e1s a cuartos de final en el US Open. Mientras gestiona la dureza de no poder competir y las noticias de fuera de la pista sobre su relaci\u00f3n frustrada con el griego Stefanos Tsitsipas, la exn\u00famero dos del mundo muestra fuerza de voluntad para seguir trabajando.<\/p>\n<p class=\"paragraph\">\u00abNo me enorgullezco de cada momento de mi pasado, pero s\u00ed de la persona que esos momentos crearon. La persona que soy hoy es m\u00e1s resiliente, m\u00e1s consciente y m\u00e1s arraigada gracias a todo lo que he sobrevivido y aprendido<b>. Ya no huyo del fracaso. Lo respeto porque es la raz\u00f3n por la que estoy aqu\u00ed. M\u00e1s fuerte, m\u00e1s sabia y a\u00fan en desarrollo\u00bb,<\/b> escribi\u00f3 este mismo viernes en Instragram.<\/p>\n","protected":false},"excerpt":{"rendered":"La tenista espa\u00f1ola Paula Badosa no estar\u00e1 en el US Open este mes de agosto alargando su mala&hellip;\n","protected":false},"author":2,"featured_media":35440,"comment_status":"","ping_status":"","sticky":false,"template":"","format":"standard","meta":{"footnotes":""},"categories":[274],"tags":[11838,10600,168,25,24,2501,8464,4626,23,167,327,326],"class_list":{"0":"post-35439","1":"post","2":"type-post","3":"status-publish","4":"format-standard","5":"has-post-thumbnail","7":"category-tenis","8":"tag-badosa","9":"tag-continua","10":"tag-deportes","11":"tag-es","12":"tag-espana","13":"tag-espanola","14":"tag-paula","15":"tag-pesadilla","16":"tag-spain","17":"tag-sports","18":"tag-tenis","19":"tag-tennis"},"share_on_mastodon":{"url":"","error":""},"_links":{"self":[{"href":"https:\/\/www.europesays.com\/es\/wp-json\/wp\/v2\/posts\/35439","targetHints":{"allow":["GET"]}}],"collection":[{"href":"https:\/\/www.europesays.com\/es\/wp-json\/wp\/v2\/posts"}],"about":[{"href":"https:\/\/www.europesays.com\/es\/wp-json\/wp\/v2\/types\/post"}],"author":[{"embeddable":true,"href":"https:\/\/www.europesays.com\/es\/wp-json\/wp\/v2\/users\/2"}],"replies":[{"embeddable":true,"href":"https:\/\/www.europesays.com\/es\/wp-json\/wp\/v2\/comments?post=35439"}],"version-history":[{"count":0,"href":"https:\/\/www.europesays.com\/es\/wp-json\/wp\/v2\/posts\/35439\/revisions"}],"wp:featuredmedia":[{"embeddable":true,"href":"https:\/\/www.europesays.com\/es\/wp-json\/wp\/v2\/media\/35440"}],"wp:attachment":[{"href":"https:\/\/www.europesays.com\/es\/wp-json\/wp\/v2\/media?parent=35439"}],"wp:term":[{"taxonomy":"category","embeddable":true,"href":"https:\/\/www.europesays.com\/es\/wp-json\/wp\/v2\/categories?post=35439"},{"taxonomy":"post_tag","embeddable":true,"href":"https:\/\/www.europesays.com\/es\/wp-json\/wp\/v2\/tags?post=35439"}],"curies":[{"name":"wp","href":"https:\/\/api.w.org\/{rel}","templated":true}]}}