{"id":354579,"date":"2026-01-22T09:27:08","date_gmt":"2026-01-22T09:27:08","guid":{"rendered":"https:\/\/www.europesays.com\/es\/354579\/"},"modified":"2026-01-22T09:27:08","modified_gmt":"2026-01-22T09:27:08","slug":"julio-iglesias-contraataca-y-publica-mensajes-privados-con-sus-exempleadas-para-negar-la-denuncia","status":"publish","type":"post","link":"https:\/\/www.europesays.com\/es\/354579\/","title":{"rendered":"Julio Iglesias contraataca y publica mensajes privados con sus exempleadas para negar la denuncia"},"content":{"rendered":"<p style=\"\">A trav\u00e9s de su perfil personal en Instagram, el cantante <strong>Julio Iglesias<\/strong> (82 a\u00f1os) ha publicado una serie de conversaciones de WhatsApp con sus exempleadas para demostrar <a href=\"https:\/\/www.abc.es\/gente\/julio-iglesias-dice-fiscalia-audiencia-nacional-puede-20260119100727-nt_amp.html\" target=\"_self\" data-voc-vtm-id=\"in-text-traffic\" title=\"la falsedad de las acusaciones vertidas contra \u00e9l\" data-mrf-link=\"www.abc.es\" rel=\"nofollow noopener\">la falsedad de las acusaciones vertidas contra \u00e9l<\/a>. Dos trabajadoras que aseguraron que el artista las  &#8230; agredi\u00f3 sexualmente y presionadas para mantener encuentros sexuales cuando trabajaban para \u00e9l en r\u00e9gimen interno en sus mansiones del Caribe en 2021. Una empleada del servicio dom\u00e9stico y una compa\u00f1era fisioterapeuta que relataron al detalle las penetraciones, bofetadas y vejaciones f\u00edsicas y verbales que recibieron por parte de Iglesias.<\/p>\n<p class=\"voc-p\" style=\"\">Ante estas grav\u00edsimas acusaciones, la Fiscal\u00eda de la Audiencia Nacional abri\u00f3 diligencias para analizar la denuncia a lo que el abogado del cantante,<strong> Jos\u00e9 Antonio Chocl\u00e1n<\/strong>, solicit\u00f3 que su defendido interviniese en el interrogatorio a trav\u00e9s de su defensa legal \u00abpara poder acreditar la falsedad de las imputaciones y defender su honor\u00bb. <a href=\"https:\/\/www.abc.es\/gente\/fiscalia-rechaza-julio-iglesias-pueda-intervenir-investigacion-20260119171814-nt.html\" target=\"_self\" data-voc-vtm-id=\"in-text-traffic\" title=\"Una petici\u00f3n que fue r\u00e1pidamente rechazada por el Ministerio P\u00fablico\" data-mrf-link=\"www.abc.es\" rel=\"nofollow noopener\">Una petici\u00f3n que fue r\u00e1pidamente rechazada por el Ministerio P\u00fablico<\/a>, que explic\u00f3 que Julio Iglesias no pod\u00eda intervenir, ni constar como personado, en el momento en el que se encuentran la investigaci\u00f3n preprocesal abierta contra \u00e9l por presuntos delitos de agresi\u00f3n sexual y trata de seres humanos.<\/p>\n<p class=\"voc-p\" style=\"\">Una respuesta con la que no est\u00e1 nada de acuerdo el cantante, quien ha decidido defenderse p\u00fablicamente con un comunicado publicado en su perfil de Instagram: \u00abAnte a la negativa de la Fiscal\u00eda de Espa\u00f1a a permitirme ejercer mi defensa en el procedimiento y a proporcionarme acceso formal a la denuncia, me veo obligado a pronunciarme p\u00fablicamente\u00bb, ha comenzado diciendo a trav\u00e9s de los stories de la red social.<\/p>\n<p class=\"voc-p\" style=\"\">\u00abEste es el \u00fanico medio que me permite ejercer leg\u00edtimamente mi derecho a la defensa y dejar constancia de la absoluta falsedad de los hechos denunciados. La evidencia es clara: las comunicaciones de Whatsaap enviadas por las denunciantes durante el tiempo que trabajaron en mi casa y las comunicaciones despu\u00e9s de irse, demuestran que la informaci\u00f3n difundida carece de veracidad\u00bb, ha a\u00f1adido en el comunicado. <\/p>\n<p class=\"voc-title\">\u00abEs muy grave que la mentira y la desinformaci\u00f3n se utilicen como armas para atacar a personas. Todo tiene un l\u00edmite\u00bb<\/p>\n<p class=\"voc-p\" style=\"\">\u00abEs muy grave que la mentira y la desinformaci\u00f3n se utilicen como armas para atacar a personas. Todo tiene un l\u00edmite: es necesario desenmascarar estas falsedades y contar la verdad. A continuaci\u00f3n, adjunto algunas de las comunicaciones de WhatsApp que ponen de manifiesto <a href=\"https:\/\/www.abc.es\/gente\/julio-iglesias-dice-fiscalia-audiencia-nacional-puede-20260119100727-nt_amp.html\" target=\"_self\" data-voc-vtm-id=\"in-text-traffic\" title=\"la incoherencia de las denuncias\" data-mrf-link=\"www.abc.es\" rel=\"nofollow noopener\">la incoherencia de las denuncias<\/a> y la manipulaci\u00f3n medi\u00e1tica a la que estoy siendo sometido\u00bb, ha sentenciado justo antes de publicar una serie de capturas de pantalla de conversaciones con sus empleadas. <\/p>\n<p><img decoding=\"async\" loading=\"lazy\" src=\"https:\/\/www.europesays.com\/es\/wp-content\/uploads\/2026\/01\/capturas_20260122090559-U16703561801urk-760x500@diario_abc.jpg\" class=\"voc-img\" width=\"760\" height=\"500\" alt=\"Algunas de las conversaciones difundidas por Julio Iglesias\" data-voc-vtm-id=\"in-text-traffic\"\/><\/p>\n<p>Algunas de las conversaciones difundidas por Julio Iglesias<\/p>\n<p>instagram<\/p>\n<p class=\"voc-p\" style=\"\">\u00abProfesor buenas noches, espero puedas dormir sin malestar, sue\u00f1es con los angelitos y puedas descansar, te quiero mucho y si necesitas algo de mi <a href=\"https:\/\/www.abc.es\/gente\/dos-trabajadoras-julio-iglesias-acusan-agresiones-sexuales-20260113110642-nt.html\" target=\"_self\" data-voc-vtm-id=\"in-text-traffic\" title=\"aqu\u00ed estoy a tu entera disposici\u00f3n\" data-mrf-link=\"www.abc.es\" rel=\"nofollow noopener\">aqu\u00ed estoy a tu entera disposici\u00f3n<\/a>, gracias por tu paciencia y por tus ense\u00f1anzas del d\u00eda de hoy, todos los d\u00edas a tu lado son valiosos para mi porque aprendo un poco m\u00e1s\u00bb, \u00abHola profesor! Buenas tardes me avisas cuando quieras que vaya para hacer los ejercicios\u00bb, \u00abHola profesor, cuando me necesites me llamas, estoy pendiente\u00bb o \u00abEspero no molestarlo con mi breve mensaje. Solo es para saludarlo y mandarle un fuerte abrazo, estas dem\u00e1s decirle que lo quiero mucho y que estoy a la orden!\u00bb, son tan solo algunos de los mensajes que sus trabajadoras le escrib\u00edan a su n\u00famero personal a trav\u00e9s de whatsapp.<\/p>\n<p>\nSolicitud de archivo\n<\/p>\n<p class=\"voc-p\" style=\"\">Despu\u00e9s de que las extrabajadoras interpusiesen la demanda contra Julio Iglesias, su equipo legal solicit\u00f3 en un primer momento<a href=\"https:\/\/www.abc.es\/gente\/fiscalia-rechaza-julio-iglesias-pueda-intervenir-investigacion-20260119171814-nt.html\" target=\"_self\" data-voc-vtm-id=\"in-text-traffic\" title=\" el archivo de las diligencias preprocesales\" data-mrf-link=\"www.abc.es\" rel=\"nofollow noopener\"> el archivo de las diligencias preprocesales<\/a> considerando que los tribunales espa\u00f1oles \u00abcarecen de jurisdicci\u00f3n para la averiguaci\u00f3n del hecho denunciado\u00bb, teniendo en cuenta que las denunciantes no son espa\u00f1olas ni son menores de edad y que el cantante reside habitualmente en Punta Cana. <\/p>\n<p class=\"voc-p\" style=\"\">En un escrito de 15 p\u00e1ginas, su abogado argument\u00f3 que la denuncia deber\u00eda haber sido interpuesta en la Rep\u00fablica Dominicana, motivo por el que la Fiscal\u00eda \u00abdebe declarar, sin m\u00e1s tr\u00e1mite, la falta de jurisdicci\u00f3n espa\u00f1ola para el conocimiento de los hechos denunciados, archivando de forma inmediata las diligencias de Investigaci\u00f3n preprocesal incoadas y detener la campa\u00f1a medi\u00e1tica que se ha puesto en marcha, con grave da\u00f1o reputacional\u00bb.<\/p>\n<p class=\"voc-p\" style=\"\">\u00abQu\u00e9 duda cabe que denunciar en Espa\u00f1a, como se acredita con el impacto medi\u00e1tico utilizado por las supuestas v\u00edctimas, les resulta m\u00e1s favorable a sus intereses que<a href=\"https:\/\/www.abc.es\/gente\/julio-iglesias-dice-fiscalia-audiencia-nacional-puede-20260119100727-nt_amp.html\" target=\"_self\" data-voc-vtm-id=\"in-text-traffic\" title=\" denunciar el hecho en el lugar de su supuesta comisi\u00f3n\" data-mrf-link=\"www.abc.es\" rel=\"nofollow noopener\"> denunciar el hecho en el lugar de su supuesta comisi\u00f3n<\/a>\u00bb, critic\u00f3 el letrado, que apunt\u00f3 que \u00abno cabe que la Fiscal\u00eda espa\u00f1ola se atribuya el poder unilateral de convertirse en un Fiscal Universal, tampoco los tribunales espa\u00f1oles, ni que a la v\u00edctima se le otorgue un derecho de opci\u00f3n sobre la Jurisdicci\u00f3n que le resulte m\u00e1s conveniente\u00bb. <\/p>\n","protected":false},"excerpt":{"rendered":"A trav\u00e9s de su perfil personal en Instagram, el cantante Julio Iglesias (82 a\u00f1os) ha publicado una serie&hellip;\n","protected":false},"author":2,"featured_media":354580,"comment_status":"","ping_status":"","sticky":false,"template":"","format":"standard","meta":{"footnotes":""},"categories":[174],"tags":[255,49305,6775,146,147,25,24,79673,256,7534,888,15162,59253,79672,4500,23],"class_list":["post-354579","post","type-post","status-publish","format-standard","has-post-thumbnail","category-famosos","tag-celebrities","tag-contraataca","tag-denuncia","tag-entertainment","tag-entretenimiento","tag-es","tag-espana","tag-exempleadas","tag-famosos","tag-iglesias","tag-julio","tag-mensajes","tag-negar","tag-privados","tag-publica","tag-spain"],"share_on_mastodon":{"url":"https:\/\/pubeurope.com\/@es\/115938043026800606","error":""},"_links":{"self":[{"href":"https:\/\/www.europesays.com\/es\/wp-json\/wp\/v2\/posts\/354579","targetHints":{"allow":["GET"]}}],"collection":[{"href":"https:\/\/www.europesays.com\/es\/wp-json\/wp\/v2\/posts"}],"about":[{"href":"https:\/\/www.europesays.com\/es\/wp-json\/wp\/v2\/types\/post"}],"author":[{"embeddable":true,"href":"https:\/\/www.europesays.com\/es\/wp-json\/wp\/v2\/users\/2"}],"replies":[{"embeddable":true,"href":"https:\/\/www.europesays.com\/es\/wp-json\/wp\/v2\/comments?post=354579"}],"version-history":[{"count":0,"href":"https:\/\/www.europesays.com\/es\/wp-json\/wp\/v2\/posts\/354579\/revisions"}],"wp:featuredmedia":[{"embeddable":true,"href":"https:\/\/www.europesays.com\/es\/wp-json\/wp\/v2\/media\/354580"}],"wp:attachment":[{"href":"https:\/\/www.europesays.com\/es\/wp-json\/wp\/v2\/media?parent=354579"}],"wp:term":[{"taxonomy":"category","embeddable":true,"href":"https:\/\/www.europesays.com\/es\/wp-json\/wp\/v2\/categories?post=354579"},{"taxonomy":"post_tag","embeddable":true,"href":"https:\/\/www.europesays.com\/es\/wp-json\/wp\/v2\/tags?post=354579"}],"curies":[{"name":"wp","href":"https:\/\/api.w.org\/{rel}","templated":true}]}}