{"id":35465,"date":"2025-08-09T06:31:14","date_gmt":"2025-08-09T06:31:14","guid":{"rendered":"https:\/\/www.europesays.com\/es\/35465\/"},"modified":"2025-08-09T06:31:14","modified_gmt":"2025-08-09T06:31:14","slug":"jose-luis-miro-mi-estreno-con-morante","status":"publish","type":"post","link":"https:\/\/www.europesays.com\/es\/35465\/","title":{"rendered":"Jos\u00e9 Luis Mir\u00f3: Mi estreno con Morante"},"content":{"rendered":"<p style=\"\">Por descendencia y tradici\u00f3n, yo deber\u00eda ser taur\u00f3maco. Mi abuelo Miguel, emigrado a Cuba en busca de la fortuna que no ofrec\u00eda la Mallorca de principios del siglo XX, viajaba cada a\u00f1o a Barcelona desde La Habana para asistir a los festejos de la Monumental:  &#8230; catorce d\u00edas de ida y otros tanto de vuelta a bordo de un vapor, se\u00f1al inequ\u00edvoca de que las cosas le iban bien en la antigua provincia espa\u00f1ola de ultramar y de que su afici\u00f3n por la lidia rayaba la obsesi\u00f3n. Mi t\u00edo \u00c1ngel, marido de la hermana de mi padre, fue un reputado cronista de los primeros a\u00f1os del Coliseo Balear. <strong>Conoci\u00f3 a Juan Belmonte<\/strong> y depart\u00eda sobre las vanguardias literarias con Ignacio S\u00e1nchez Mej\u00edas. Sus dibujos al carboncillo de toreros y picadores en faena decoraban las paredes de mi casa familiar.<\/p>\n<p class=\"voc-p\" style=\"\">Nada de todo esto me cal\u00f3, esa es la verdad, y mi inter\u00e9s por los toros, m\u00e1s all\u00e1 de verlos perezosamente en televisi\u00f3n cuando era cr\u00edo, se limit\u00f3 a lo m\u00e1s elemental de su jerga aplicada a la vida cotidiana: \u00abuna mala tarde la tiene cualquiera\u00bb, \u00abhaber visto torear al Gallo\u00bb, \u00abno hay quinto malo\u00bb y todas esas expresiones de la cultura popular espa\u00f1ola que las campa\u00f1as animalistas, a pesar de su contumacia, no han logrado erradicar del lenguaje, como tampoco han logrado acabar con la Fiesta, seg\u00fan pude comprobar ayer, con 53 a\u00f1os y el escepticismo por bandera, en mi primera noche de toros en el Coliseo Balear. <\/p>\n<p class=\"voc-p\" style=\"\">Yo mismo me pregunto qu\u00e9 hac\u00eda all\u00ed y por qu\u00e9 estoy escribiendo esto. Honestamente, les dir\u00e9 que no lo tengo del todo claro, pero sospecho que en mi gesto hay algo pol\u00edtico; una extra\u00f1a necesidad de posicionarme frente al trazo grueso y el argumento pueril de quienes, ya sea con motivo de la tauromaquia o cualquiera de las cosas que hoy se debaten a gritos en Espa\u00f1a, <strong>se pasan la vida sermoneando al personal desde la atalaya de su moralina<\/strong>. Ayer, concretamente, <a href=\"https:\/\/www.abc.es\/cultura\/toros\/morante-palma-20250807195406-nt.html\" data-voc-vtm-id=\"in-text-traffic\" title=\"dese\u00e1ndoles la muerte a los toreros al ritmo de batucada\" rel=\"nofollow noopener\" target=\"_blank\">dese\u00e1ndoles la muerte a los toreros al ritmo de batucada<\/a> en las puertas del Coliseo e incurriendo en la grosera falsedad de acusarles de cobard\u00eda, mientras los asistentes a la corrida, salubres y civilizados, desplegaban silenciosas pancartas ignorando la escena como quien ve llover. \u00a1<strong>Cobard\u00eda, qu\u00e9 poca verg\u00fcenza<\/strong>! Hay insultos que no merecen ser respondidos.<\/p>\n<p class=\"voc-p\" style=\"\">Me temo que fuimos bastantes los que anoche acudimos al Coliseo por razones que no tienen que ver exactamente con los toros, as\u00ed que quiz\u00e1s sea aventurado dar por hecho que la afici\u00f3n, entendida como una prolongaci\u00f3n del arte y no como un mero acto social o de reafirmaci\u00f3n intelectual, ha regresado a Mallorca. Dudo que, salvo unas pocas excepciones, hubiera entre el p\u00fablico mucha gente capaz de juzgar lo que ocurri\u00f3 en el coso con un m\u00ednimo de rigor. Por cierto, parece ser que Morante no tuvo su mejor d\u00eda y que los toros fueron flojitos. Jurar\u00eda que Castella y Manzanares estuvieron m\u00e1s que correctos, y sospecho que mi abuelo y mi t\u00edo, que fueron hombres de genio vivo, no hubieran sido tan generosos en su juicio como lo fue el respetable palmesano al desplegar su pa\u00f1olada. <strong>Volver\u00e9<\/strong>. Eso s\u00ed, la pr\u00f3xima vez me gustar\u00eda sentarme<strong> cerca de Chapu Apaloaza<\/strong>. Para que me explique, a ver si se me pega algo. <\/p>\n","protected":false},"excerpt":{"rendered":"Por descendencia y tradici\u00f3n, yo deber\u00eda ser taur\u00f3maco. Mi abuelo Miguel, emigrado a Cuba en busca de la&hellip;\n","protected":false},"author":2,"featured_media":35466,"comment_status":"","ping_status":"","sticky":false,"template":"","format":"standard","meta":{"footnotes":""},"categories":[91],"tags":[146,147,25,24,1055,780,23],"class_list":{"0":"post-35465","1":"post","2":"type-post","3":"status-publish","4":"format-standard","5":"has-post-thumbnail","7":"category-entretenimiento","8":"tag-entertainment","9":"tag-entretenimiento","10":"tag-es","11":"tag-espana","12":"tag-estreno","13":"tag-morante","14":"tag-spain"},"share_on_mastodon":{"url":"","error":""},"_links":{"self":[{"href":"https:\/\/www.europesays.com\/es\/wp-json\/wp\/v2\/posts\/35465","targetHints":{"allow":["GET"]}}],"collection":[{"href":"https:\/\/www.europesays.com\/es\/wp-json\/wp\/v2\/posts"}],"about":[{"href":"https:\/\/www.europesays.com\/es\/wp-json\/wp\/v2\/types\/post"}],"author":[{"embeddable":true,"href":"https:\/\/www.europesays.com\/es\/wp-json\/wp\/v2\/users\/2"}],"replies":[{"embeddable":true,"href":"https:\/\/www.europesays.com\/es\/wp-json\/wp\/v2\/comments?post=35465"}],"version-history":[{"count":0,"href":"https:\/\/www.europesays.com\/es\/wp-json\/wp\/v2\/posts\/35465\/revisions"}],"wp:featuredmedia":[{"embeddable":true,"href":"https:\/\/www.europesays.com\/es\/wp-json\/wp\/v2\/media\/35466"}],"wp:attachment":[{"href":"https:\/\/www.europesays.com\/es\/wp-json\/wp\/v2\/media?parent=35465"}],"wp:term":[{"taxonomy":"category","embeddable":true,"href":"https:\/\/www.europesays.com\/es\/wp-json\/wp\/v2\/categories?post=35465"},{"taxonomy":"post_tag","embeddable":true,"href":"https:\/\/www.europesays.com\/es\/wp-json\/wp\/v2\/tags?post=35465"}],"curies":[{"name":"wp","href":"https:\/\/api.w.org\/{rel}","templated":true}]}}