{"id":354966,"date":"2026-01-22T14:14:08","date_gmt":"2026-01-22T14:14:08","guid":{"rendered":"https:\/\/www.europesays.com\/es\/354966\/"},"modified":"2026-01-22T14:14:08","modified_gmt":"2026-01-22T14:14:08","slug":"asturias-deja-atras-la-epidemia-de-gripe-a-estos-son-los-virus-que-circulan","status":"publish","type":"post","link":"https:\/\/www.europesays.com\/es\/354966\/","title":{"rendered":"Asturias deja atr\u00e1s la epidemia de gripe A: estos son los virus que circulan"},"content":{"rendered":"<p><a class=\"v-mdl-ath__fig-a\" href=\"https:\/\/www.elcomercio.es\/autor\/miriam-suarez-4664.html\" title=\"Miriam Su\u00e1rez\" rel=\"nofollow noopener\" target=\"_blank\"><br \/>\n<img decoding=\"async\" class=\"v-mdl-ath__img\" src=\"https:\/\/www.europesays.com\/es\/wp-content\/uploads\/2026\/01\/autor-4664-foto-1.jpeg\" alt=\"Miriam Su\u00e1rez\"\/><br \/>\n<\/a><\/p>\n<p class=\"v-mdl-ath__p v-mdl-ath__p--6\">\nJueves, 22 de enero 2026, 14:04<\/p>\n<p class=\"v-p\">Asturias ha dejado atr\u00e1s la epidemia de <a href=\"https:\/\/www.elcomercio.es\/asturias\/urgencias-hospitalarias-dan-abasto-caos-pacientes-personal-20260102213414-nt.html\" target=\"_self\" data-voc-vtm-id=\"in-text-traffic\" title=\"gripe A\" data-mrf-link=\"www.elcomercio.es\" rel=\"nofollow noopener\">gripe A<\/a>. Siempre con la precauci\u00f3n necesaria en estos casos, y a la expectativa de que puedan producirse nuevos repuntes de aqu\u00ed al final de la temporada de virus respiratorios estacionales, que suele prolongarse hasta el mes de marzo. La cuesti\u00f3n es que, en cuesti\u00f3n de una semana, las infecciones gripales se han reducido un 44%, pasando la tasa de incidencia de 113 casos por 100.000 habitantes a 63. <\/p>\n<p class=\"v-p\">En el Principado, donde la gripe A empez\u00f3 a circular con varias semanas de adelanto sobre lo que ven\u00eda siendo habitual en a\u00f1os anteriores, el mayor pico de contagios se registr\u00f3 entre la Nochebuena y la Nochevieja. Per\u00edodo infeccioso que dio lugar a una saturaci\u00f3n de los servicios de urgencias. S\u00f3lo en el Hospital Universitario Central de Asturias llegaron a atenderse en un solo d\u00eda 502 pacientes, muchos de ellos con cuadros respiratorios severos. <\/p>\n<p class=\"v-p\">Seg\u00fan el \u00faltimo informe del servicio de vigilancia epidemiol\u00f3gica, publicado este jueves, el descenso en el n\u00famero de infecciones por gripe ha descendido hasta el punto de situarse por debajo del umbral epid\u00e9mico, establecido en 78 casos por 100.000 habitantes. De todos los grupos de edad, el comprendido entre 1 y 4 a\u00f1os es el que presenta mayor incidencia en la actualidad, aunque el porcentaje m\u00e1s elevado de ingresos se produce en adultos a partir de los 70 a\u00f1os. <\/p>\n<p class=\"v-p\">Mientras la gripe disminuye, el virus sincitial se mantiene estable; apenas se han detectado positivos de covid-19 en los laboratorios del HUCA, que act\u00faa como hospital &#8216;centinela&#8217; en el seguimiento de las infecciones respiratorias; y la circulaci\u00f3n de adenovirus -causantes de los t\u00edpicos resfriados y que tambi\u00e9n pueden infectar el tracto gastrointestinal- ha experimentado un ligero ascenso. <\/p>\n<p>Reporta un error<\/p>\n","protected":false},"excerpt":{"rendered":"Jueves, 22 de enero 2026, 14:04 Asturias ha dejado atr\u00e1s la epidemia de gripe A. Siempre con la&hellip;\n","protected":false},"author":2,"featured_media":354967,"comment_status":"","ping_status":"","sticky":false,"template":"","format":"standard","meta":{"footnotes":""},"categories":[92],"tags":[1770,20346,79711,51,21303,25,24,7749,165,166,23,2275],"class_list":["post-354966","post","type-post","status-publish","format-standard","has-post-thumbnail","category-salud","tag-asturias","tag-atras","tag-circulan","tag-deja","tag-epidemia","tag-es","tag-espana","tag-gripe","tag-health","tag-salud","tag-spain","tag-virus"],"share_on_mastodon":{"url":"https:\/\/pubeurope.com\/@es\/115939171637789112","error":""},"_links":{"self":[{"href":"https:\/\/www.europesays.com\/es\/wp-json\/wp\/v2\/posts\/354966","targetHints":{"allow":["GET"]}}],"collection":[{"href":"https:\/\/www.europesays.com\/es\/wp-json\/wp\/v2\/posts"}],"about":[{"href":"https:\/\/www.europesays.com\/es\/wp-json\/wp\/v2\/types\/post"}],"author":[{"embeddable":true,"href":"https:\/\/www.europesays.com\/es\/wp-json\/wp\/v2\/users\/2"}],"replies":[{"embeddable":true,"href":"https:\/\/www.europesays.com\/es\/wp-json\/wp\/v2\/comments?post=354966"}],"version-history":[{"count":0,"href":"https:\/\/www.europesays.com\/es\/wp-json\/wp\/v2\/posts\/354966\/revisions"}],"wp:featuredmedia":[{"embeddable":true,"href":"https:\/\/www.europesays.com\/es\/wp-json\/wp\/v2\/media\/354967"}],"wp:attachment":[{"href":"https:\/\/www.europesays.com\/es\/wp-json\/wp\/v2\/media?parent=354966"}],"wp:term":[{"taxonomy":"category","embeddable":true,"href":"https:\/\/www.europesays.com\/es\/wp-json\/wp\/v2\/categories?post=354966"},{"taxonomy":"post_tag","embeddable":true,"href":"https:\/\/www.europesays.com\/es\/wp-json\/wp\/v2\/tags?post=354966"}],"curies":[{"name":"wp","href":"https:\/\/api.w.org\/{rel}","templated":true}]}}