{"id":355305,"date":"2026-01-22T18:16:11","date_gmt":"2026-01-22T18:16:11","guid":{"rendered":"https:\/\/www.europesays.com\/es\/355305\/"},"modified":"2026-01-22T18:16:11","modified_gmt":"2026-01-22T18:16:11","slug":"la-etapa-reina-de-o-gran-camino-finalizara-en-el-alto-de-meda-ourense-esciclismo-com","status":"publish","type":"post","link":"https:\/\/www.europesays.com\/es\/355305\/","title":{"rendered":"La etapa reina de O Gran Cami\u00f1o finalizar\u00e1 en el Alto de Meda (Ourense) &#8211; EsCiclismo.com"},"content":{"rendered":"<ol>\n<li><a href=\"https:\/\/news.google.com\/rss\/articles\/CBMiakFVX3lxTFBJcUl6ZWRIMW1jUFVWMmlCSlczMG0wTUZ1dGpCWU55dVdaWTU3dFVDSjJ5ZmRzNUdiQ3prRXdIS1RONHFodEpLS3VxMVFSYm9hMnRZcVNoX2pvY0VIbWUtQVBraS1kY1VXcVE?oc=5\" target=\"_blank\" rel=\"nofollow noopener\">La etapa reina de O Gran Cami\u00f1o finalizar\u00e1 en el Alto de Meda (Ourense)<\/a>&nbsp;&nbsp;EsCiclismo.com<\/li>\n<li><a href=\"https:\/\/news.google.com\/rss\/articles\/CBMi1AFBVV95cUxOWUVnWldYemtENkxQNXNUVy1QMzNkbEJhUF9UR2hrZnJjcjlLNzdnQTdpNVVKamNla0JfVnF0S3cwc0xNLXBfeFYwMmp4NFNfZjdnckxUeWFZVmo4MjBQUXpDUk1qUXJxOXVUOEQwRVBhYlZXT1BaUmU4WnlDdlNVMzk0bGxZdWpBTEJDWHNpT0RlYk43M1lSZmQ3dnR3b2VRZkw2d1ZsRHZPWnZLWlpmYjVIY1Q3Q3U5c0I5dWZNSk03S1QyRWtZZEdWZm03ZC1oem1mWdIB8AFBVV95cUxOcmk4eWRzYm85cnRFcDZyY2tESzgwNnk3a0xmTUVVUHN2SjVSZnFyLU42VFdZZlBoRnV6RWtBRExBa3BFVVVwQ2hObDF0UVFDWERZODBTYnpETzRVMWtBWHVtakVUNmxJZDE3d3FmVktNUFF4b19XVWI5M3czYV90UTAyNHdLX1J2Um5LcnNTZExrT19RRUVzT3J6VGZ2S2trOUlfc21nSVluMXVnYW9YMXljcEJCMnNGd1VDNEc3NUlwbWpjbjk5ZHpYUnI4Nmg4Tm00NmNtOWpuQVA5UE1BOHY2M04wN2ZLZ3ZIZXhHUzU?oc=5\" target=\"_blank\" rel=\"nofollow noopener\">La tercera etapa de O Gran Cami\u00f1o discurrir\u00e1 entre Carballo y Padr\u00f3n<\/a>&nbsp;&nbsp;La Voz de Galicia<\/li>\n<li><a href=\"https:\/\/news.google.com\/rss\/articles\/CBMioAFBVV95cUxPLUExM2Q4c2o0czgzODlONDJIelRIU2NHTzd2RVJoeXhNZVZFUTNKOGxQTXVTaEk2SnFYdnBjSkhnazd1UWlIUDBSb1pDdjFFRjF2cWRrNmlYSzF3YVo0ckZQY0tkRVhxTW5QWk90aXVxZk1lTV9rR1p0QkJsZ3R6MUZGa0dEd3Q3eURKYkpnLXhfRHZJZ3liMmw0RUZRZ2pF?oc=5\" target=\"_blank\" rel=\"nofollow noopener\">Padr\u00f3n se promociona en FITUR 2026 como capital gallega del ciclismo<\/a>&nbsp;&nbsp;enfoques.gal<\/li>\n<li><a href=\"https:\/\/news.google.com\/rss\/articles\/CBMi7gFBVV95cUxPTGIxSWJKYV9GMVJiVkZtV0k1SmdqQWZILTU3a1dsa2JHam1EbGphYWZpcVlkblJOb2hLLV9qUFNQYmpURjREMkFzSlFRaUhmOHpVdTVWZGwyLUxlV1lhX1E2SW8zLU15S3FOY0dNbTNBMV9ZTEJsRkR5eHBmNEpKX0hxZy1GWE9EZnBCUFBwZlBWWDZ4T1Z3RHpHNUJnQ1J2XzFTWC1DMWVXdmtwbTgwZ2laQWdZRGZWbWlhbWRJa1M0V0w4ZHplU2NFNTFfbnphbG1IWHJfSWRkcUNmRDBSYURqcWJqV2Z5eVR0VkdB0gHaAUFVX3lxTE9BYjRXUEhDSGh0NHMtaUxnM0dVRzRJdjBiOVdsQk5yMDU0RVMyT1gwTHhsM1RuclR3ZzZDeXVLWHFIMUx2dk9fd0pEVENXN2kzMUx0MGFWWHpQUGNCN1ZOY3hMT3RvQjNPazlsVmZZbGN5ZHp2NnhKNGFITHJicWd6NW4tMFltUktpV0o5TUE4LXgtQV9DeFpxYVZUQndxN20yTjlnWWVkc3RjMFpaWWVwWUFtYzlqUlZqN0NfeEEycUxEaDRCYUlNYWQ2ZzM3WEcyYUhQTkNRYk93?oc=5\" target=\"_blank\" rel=\"nofollow noopener\">La etapa coru\u00f1esa de O Gran Cami\u00f1o 2026 unir\u00e1 la tradici\u00f3n ciclista de Carballo y Padr\u00f3n con el apoyo de la Diputaci\u00f3n<\/a>&nbsp;&nbsp;galiciapress.es<\/li>\n<li><a href=\"https:\/\/news.google.com\/rss\/articles\/CBMivwFBVV95cUxORnlDaERrczBYRnFCay13WHl1WDVwdDF1SkxZWXlSYm5iRHlDTTN6aGV1bC1tSFR2RXFmMzhmNzVwbno0Si1FSWZlN2lmTzF2Z09aNmZUb2tFUmFPZ1dFbVJSSjJnSFh2QXFMYkhYN19NT0pIYWhLNkw4WWVQS3JUOUltSDFyc3VoWXctZ1VOWlR1TmJESGtFNTVyUEU3YWVRWlgwQXN1MWE3bnpERDBNWFpBM1VaSGlsSlo1TW5SRQ?oc=5\" target=\"_blank\" rel=\"nofollow noopener\">La etapa reina de O Gran Cami\u00f1o recorrer\u00e1 Ourense de Xinzo a Xunqueira de Espadanedo<\/a>&nbsp;&nbsp;ourensexa.com<\/li>\n<\/ol>\n","protected":false},"excerpt":{"rendered":"La etapa reina de O Gran Cami\u00f1o finalizar\u00e1 en el Alto de Meda (Ourense)&nbsp;&nbsp;EsCiclismo.com La tercera etapa de&hellip;\n","protected":false},"author":2,"featured_media":355306,"comment_status":"","ping_status":"","sticky":false,"template":"","format":"standard","meta":{"footnotes":""},"categories":[273],"tags":[13099,3196,5141,313,8705,8621,312,168,24765,43205,7510,2197,25,79750,24,874,314,5807,1998,1058,3956,1783,51188,6383,18197,79747,295,30888,14035,3444,1786,10717,523,23,167,602,10301,36515,79748,79749],"class_list":["post-355305","post","type-post","status-publish","format-standard","has-post-thumbnail","category-ciclismo","tag-abril","tag-alto","tag-camino","tag-ciclismo","tag-contara","tag-cuarta","tag-cycling","tag-deportes","tag-desvelar","tag-desvelo","tag-detalles","tag-edicion","tag-es","tag-espadanedo","tag-espana","tag-esta","tag-etapa","tag-exigente","tag-falta","tag-final","tag-gran","tag-la","tag-limia","tag-llamada","tag-localidades","tag-meda","tag-miercoles","tag-muy","tag-organizacion","tag-proximo","tag-recorrido","tag-reina","tag-sera","tag-spain","tag-sports","tag-tendra","tag-todos","tag-unira","tag-xinzo","tag-xunqueira"],"share_on_mastodon":{"url":"https:\/\/pubeurope.com\/@es\/115940123147057116","error":""},"_links":{"self":[{"href":"https:\/\/www.europesays.com\/es\/wp-json\/wp\/v2\/posts\/355305","targetHints":{"allow":["GET"]}}],"collection":[{"href":"https:\/\/www.europesays.com\/es\/wp-json\/wp\/v2\/posts"}],"about":[{"href":"https:\/\/www.europesays.com\/es\/wp-json\/wp\/v2\/types\/post"}],"author":[{"embeddable":true,"href":"https:\/\/www.europesays.com\/es\/wp-json\/wp\/v2\/users\/2"}],"replies":[{"embeddable":true,"href":"https:\/\/www.europesays.com\/es\/wp-json\/wp\/v2\/comments?post=355305"}],"version-history":[{"count":0,"href":"https:\/\/www.europesays.com\/es\/wp-json\/wp\/v2\/posts\/355305\/revisions"}],"wp:featuredmedia":[{"embeddable":true,"href":"https:\/\/www.europesays.com\/es\/wp-json\/wp\/v2\/media\/355306"}],"wp:attachment":[{"href":"https:\/\/www.europesays.com\/es\/wp-json\/wp\/v2\/media?parent=355305"}],"wp:term":[{"taxonomy":"category","embeddable":true,"href":"https:\/\/www.europesays.com\/es\/wp-json\/wp\/v2\/categories?post=355305"},{"taxonomy":"post_tag","embeddable":true,"href":"https:\/\/www.europesays.com\/es\/wp-json\/wp\/v2\/tags?post=355305"}],"curies":[{"name":"wp","href":"https:\/\/api.w.org\/{rel}","templated":true}]}}