{"id":355599,"date":"2026-01-22T21:38:10","date_gmt":"2026-01-22T21:38:10","guid":{"rendered":"https:\/\/www.europesays.com\/es\/355599\/"},"modified":"2026-01-22T21:38:10","modified_gmt":"2026-01-22T21:38:10","slug":"los-abuelos-de-la-nina-superviviente-del-accidente-ferroviario-de-adamuz-exigimos-responsabilidades","status":"publish","type":"post","link":"https:\/\/www.europesays.com\/es\/355599\/","title":{"rendered":"Los abuelos de la ni\u00f1a superviviente del accidente ferroviario de Adamuz: \u00abExigimos responsabilidades\u00bb"},"content":{"rendered":"<p class=\"c-paragraph\">Una ni\u00f1a de seis a\u00f1os se ha quedado hu\u00e9rfana tras el accidente ferroviario ocurrido el pasado domingo en Adamuz (C\u00f3rdoba), que seg\u00f3 la vida de sus padres, su hermano y un primo. <b>Sus abuelos, Juan y Nena, han alzado la voz<\/b> en El tiempo justo entre la pena y la indignaci\u00f3n.\u00a0<\/p>\n<p class=\"c-paragraph\">La primera en hablar ha sido Nena, que ha le\u00eddo con manos temblorosas unas palabras que hab\u00eda preparado con antelaci\u00f3n, intentando organizar el torrente de emociones que la desborda.\u00a0\u00abEs un dolor muy grande que no se puede aguantar. <b>Esto no se puede resistir<\/b>\u00ab, ha expresado.<\/p>\n<p class=\"c-paragraph\">De profunda convicci\u00f3n religiosa, ha asegurado que se sostiene gracias a su fe en Dios. No obstante, junto al dolor, <b>tambi\u00e9n ha aflorado la ira<\/b>. \u00abExigimos responsabilidades\u00bb, ha manifestado.\u00a0<\/p>\n<p class=\"c-paragraph\">Nena ha atribuido la cat\u00e1strofe a una negligencia del Gobierno, al que ha acusado de <b>destinar fondos fuera del pa\u00eds (<\/b><b>Marruecos, Egipto y Uzbekist\u00e1n)<\/b><b>\u00a0mientras las infraestructuras nacionales languidecen<\/b>: \u00abHa prestado tres millones de euros a otro pa\u00eds para que arreglen sus v\u00edas. \u00bfD\u00f3nde est\u00e1 el dinero de nuestros impuestos?\u00bb, ha cuestionado.<\/p>\n<p class=\"c-paragraph\">\u00abPido explicaciones. <b>Son unos asesinos y yo pido que paguen<\/b>\u00ab, ha reclamado la familiar. Y en un acto de amor incondicional, ha reafirmado su compromiso con la peque\u00f1a: \u00abMi ni\u00f1a no va a estar sola. Vamos a sacarla adelante, pero yo quiero justicia\u00bb.<\/p>\n<p class=\"c-paragraph\">Por su parte, Juan tambi\u00e9n ha querido pronunciar unas palabras, especialmente dirigidas a la figura del jefe del Estado. <b>Ha relatado con decepci\u00f3n su experiencia con la Casa Real<\/b> tras haber sido convocados para recibir el p\u00e9same del rey Felipe VI.<\/p>\n<p class=\"c-paragraph\">\u00abNos hizo bajar de donde est\u00e1bamos, nos metimos en una sala, despu\u00e9s en otra&#8230; Despu\u00e9s de todo, <b>el se\u00f1or rey tuvo un acto de cobard\u00eda, <\/b>no dio la cara y se fue sin dar una explicaci\u00f3n\u00bb, ha denunciado con amargura, antes de reconocer sentirse traicionado: \u00abLo ten\u00eda en un pedestal y se me ha ca\u00eddo al suelo\u00bb.<\/p>\n<p class=\"c-paragraph\">Su \u00faltima declaraci\u00f3n, cargada de dolor y rabia, ha dejado en evidencia el <b>sufrimiento que arrastran desde el domingo<\/b>: \u00abSiento que mis hijos no han muerto, los han asesinado por falta de mantenimiento. Lo eran todo para m\u00ed\u00bb.<\/p>\n","protected":false},"excerpt":{"rendered":"Una ni\u00f1a de seis a\u00f1os se ha quedado hu\u00e9rfana tras el accidente ferroviario ocurrido el pasado domingo en&hellip;\n","protected":false},"author":2,"featured_media":355600,"comment_status":"","ping_status":"","sticky":false,"template":"","format":"standard","meta":{"footnotes":""},"categories":[5],"tags":[3626,4205,17,18,25,24,13,14,11,19,20,4417,9,1388,10,15,16,23,19114,12,21,22],"class_list":["post-355599","post","type-post","status-publish","format-standard","has-post-thumbnail","category-titulares","tag-abuelos","tag-accidente","tag-breaking-news","tag-breakingnews","tag-es","tag-espana","tag-featured-news","tag-featurednews","tag-headlines","tag-latest-news","tag-latestnews","tag-los","tag-news","tag-nina","tag-noticias","tag-noticias-destacadas","tag-noticiasdestacadas","tag-spain","tag-superviviente","tag-titulares","tag-ultimas-noticias","tag-ultimasnoticias"],"share_on_mastodon":{"url":"https:\/\/pubeurope.com\/@es\/115940917440634987","error":""},"_links":{"self":[{"href":"https:\/\/www.europesays.com\/es\/wp-json\/wp\/v2\/posts\/355599","targetHints":{"allow":["GET"]}}],"collection":[{"href":"https:\/\/www.europesays.com\/es\/wp-json\/wp\/v2\/posts"}],"about":[{"href":"https:\/\/www.europesays.com\/es\/wp-json\/wp\/v2\/types\/post"}],"author":[{"embeddable":true,"href":"https:\/\/www.europesays.com\/es\/wp-json\/wp\/v2\/users\/2"}],"replies":[{"embeddable":true,"href":"https:\/\/www.europesays.com\/es\/wp-json\/wp\/v2\/comments?post=355599"}],"version-history":[{"count":0,"href":"https:\/\/www.europesays.com\/es\/wp-json\/wp\/v2\/posts\/355599\/revisions"}],"wp:featuredmedia":[{"embeddable":true,"href":"https:\/\/www.europesays.com\/es\/wp-json\/wp\/v2\/media\/355600"}],"wp:attachment":[{"href":"https:\/\/www.europesays.com\/es\/wp-json\/wp\/v2\/media?parent=355599"}],"wp:term":[{"taxonomy":"category","embeddable":true,"href":"https:\/\/www.europesays.com\/es\/wp-json\/wp\/v2\/categories?post=355599"},{"taxonomy":"post_tag","embeddable":true,"href":"https:\/\/www.europesays.com\/es\/wp-json\/wp\/v2\/tags?post=355599"}],"curies":[{"name":"wp","href":"https:\/\/api.w.org\/{rel}","templated":true}]}}